{"id":30907,"date":"2022-04-08T12:29:03","date_gmt":"2022-04-08T15:29:03","guid":{"rendered":"https:\/\/temucotelevision.cl\/web\/?p=30907"},"modified":"2022-04-08T12:29:04","modified_gmt":"2022-04-08T15:29:04","slug":"equipo-de-tenis-paraolimpico-llega-al-chilean-open-2022","status":"publish","type":"post","link":"https:\/\/temucotelevision.cl\/web\/2022\/04\/08\/equipo-de-tenis-paraolimpico-llega-al-chilean-open-2022\/","title":{"rendered":"Equipo de tenis paraol\u00edmpico llega al Chilean Open 2022\u00a0"},"content":{"rendered":"<div class=\"pvc_clear\"><\/div><p id=\"pvc_stats_30907\" class=\"pvc_stats total_only  \" data-element-id=\"30907\" style=\"\"><i class=\"pvc-stats-icon large\" aria-hidden=\"true\"><svg aria-hidden=\"true\" focusable=\"false\" data-prefix=\"far\" data-icon=\"chart-bar\" role=\"img\" xmlns=\"http:\/\/www.w3.org\/2000\/svg\" viewBox=\"0 0 512 512\" class=\"svg-inline--fa fa-chart-bar fa-w-16 fa-2x\"><path fill=\"currentColor\" d=\"M396.8 352h22.4c6.4 0 12.8-6.4 12.8-12.8V108.8c0-6.4-6.4-12.8-12.8-12.8h-22.4c-6.4 0-12.8 6.4-12.8 12.8v230.4c0 6.4 6.4 12.8 12.8 12.8zm-192 0h22.4c6.4 0 12.8-6.4 12.8-12.8V140.8c0-6.4-6.4-12.8-12.8-12.8h-22.4c-6.4 0-12.8 6.4-12.8 12.8v198.4c0 6.4 6.4 12.8 12.8 12.8zm96 0h22.4c6.4 0 12.8-6.4 12.8-12.8V204.8c0-6.4-6.4-12.8-12.8-12.8h-22.4c-6.4 0-12.8 6.4-12.8 12.8v134.4c0 6.4 6.4 12.8 12.8 12.8zM496 400H48V80c0-8.84-7.16-16-16-16H16C7.16 64 0 71.16 0 80v336c0 17.67 14.33 32 32 32h464c8.84 0 16-7.16 16-16v-16c0-8.84-7.16-16-16-16zm-387.2-48h22.4c6.4 0 12.8-6.4 12.8-12.8v-70.4c0-6.4-6.4-12.8-12.8-12.8h-22.4c-6.4 0-12.8 6.4-12.8 12.8v70.4c0 6.4 6.4 12.8 12.8 12.8z\" class=\"\"><\/path><\/svg><\/i> <img loading=\"lazy\" decoding=\"async\" width=\"16\" height=\"16\" alt=\"Loading\" src=\"https:\/\/temucotelevision.cl\/web\/wp-content\/plugins\/page-views-count\/ajax-loader-2x.gif\" border=0 \/><\/p><div class=\"pvc_clear\"><\/div>\n<p><strong><em>El evento deportivo se llegar\u00e1 a cabo del 07 al 10 de abril en Santiago y reunir\u00e1 a representantes de Latinoam\u00e9rica y Europa.<\/em><\/strong><\/p>\n\n\n\n<p>Cuatro son los representantes regionales que integran la Selecci\u00f3n Nacional Paral\u00edmpica de Tenis en Silla de Ruedas y que esta semana viajan a Santiago a unirse a Alexander Cataldo, el n\u00famero uno de Chile, para participar en el Chilean Open 2022, Copa Banco de Chile, que se llevar\u00e1 a cabo entre el 07 y el 10 abril en el Estadio del Banco Chile, en la Regi\u00f3n Metropolitana.<\/p>\n\n\n\n<p>Mar\u00eda Francisca Cornejo, Luis Felipe Reyes, Hugo Silva y Miguel Coronado, que adem\u00e1s integran el Club de Deportes Telet\u00f3n Temuco, participar\u00e1n en diferentes categor\u00edas, singles y dobles, primer evento al que asisten tras el inicio de la pandemia, por lo que est\u00e1n emocionados y ansiosos de competir y volver a rankearse.<\/p>\n\n\n\n<p>\u201cEl deporte paral\u00edmpico para nosotros es s\u00faper importante como club. Y como instituci\u00f3n que forma deportistas, que ellos tengan la oportunidad de poder rankearse, de poder probar toda la capacidad que han desarrollado a lo largo de este proceso, digamos de formaci\u00f3n deportiva, creemos que es fundamental darles esta oportunidad y es muy motivador y desarrolla competencias para ellos para la vida\u201d, afirm\u00f3 Iv\u00e1n Barbosa Contreras, presidente del Club Deportivo Telet\u00f3n Temuco y director de Telet\u00f3n Temuco.<\/p>\n\n\n\n<p>La municipalidad de Temuco ha puesto a disposici\u00f3n la infraestructura municipal para facilita los entrenamientos de los deportistas, en las canchas de tenis al aire libre y techadas que se encuentran al interior del Parque Estadio Municipal German Becker.<\/p>\n\n\n\n<p>Al respecto, el acalde Roberto Neira se\u00f1al\u00f3 que: \u201c\u00e9sta es nuestra selecci\u00f3n de Temuco, que est\u00e1 vinculada a nuestro trabajo junto al Departamento de Deportes y tambi\u00e9n a su equipo de entrenadores y nosotros hemos aportado con nuestro grano de arena para que puedan desempe\u00f1ar bien su actividad deportiva y nos representen como ciudad de Temuco. As\u00ed que estamos muy contentos porque es una actividad que pone a Temuco en el alto nivel del tenis paral\u00edmpico y eso nos tiene muy conforme y tambi\u00e9n ellos tambi\u00e9n sienten que el municipio los est\u00e1 apoyando\u201d.<\/p>\n\n\n\n<p><strong>Los deportistas<\/strong><\/p>\n\n\n\n<p>\u201cEstoy muy contenta de poder volver al deporte. En el tiempo de pandemia nosotros nunca dejamos de hacer actividad f\u00edsica, siempre nos mantuvimos. El hecho de poder tener las instalaciones pertinentes para poder desarrollar nuestra disciplina es un apoyo fundamental para que nosotros, aun as\u00ed, llueva o est\u00e9 bonito el d\u00eda, podamos entrenar igual porque utilizamos la cancha techada. Entonces eso nos permite mantener nuestro entrenamiento desde muy temprano hasta muy tarde. Entrenamos dos veces en el d\u00eda\u201d, manifest\u00f3 Mar\u00eda Francisca Cornejo, deportista paral\u00edmpica que competir\u00e1 en las categor\u00edas Second Woman y Dobles, encuentros para los cuales tiene grandes expectativas a pesar del alto nivel que habr\u00e1 en la competencia.<\/p>\n\n\n\n<p>En tanto, Miguel Coronado, agradeci\u00f3 al municipio por la infraestructura que le ha permitido entrenar y prepararse para este campeonato. \u201cEstamos agradecidos de la municipalidad por las canchas que tenemos, los camarines adaptados. Bien nuestra casa para seguir entrenando\u201d, dijo.<\/p>\n\n\n\n<p>David Padilla, coordinador de Deportes Telet\u00f3n Temuco y Club Deportivo Telet\u00f3n Temuco, detall\u00f3 que el evento reunir\u00e1 a m\u00e1s de 30 deportistas con discapacidad f\u00edsica provenientes de Espa\u00f1a, Estados Unidos, Rep\u00fablica Dominicana, Francia y que el Chilean Open 2022, Uniqlo Wheelchair Tennis Tour, Copa Banco de Chile, forma parte del UNIQLO Tour, equivalente al ATP Tour, en las modalidades de singles y dobles, damas y varones, adem\u00e1s de la serie Quads.<\/p>\n","protected":false},"excerpt":{"rendered":"<div class=\"pvc_clear\"><\/div>\n<p id=\"pvc_stats_30907\" class=\"pvc_stats total_only  \" data-element-id=\"30907\" style=\"\"><i class=\"pvc-stats-icon large\" aria-hidden=\"true\"><svg aria-hidden=\"true\" focusable=\"false\" data-prefix=\"far\" data-icon=\"chart-bar\" role=\"img\" xmlns=\"http:\/\/www.w3.org\/2000\/svg\" viewBox=\"0 0 512 512\" class=\"svg-inline--fa fa-chart-bar fa-w-16 fa-2x\"><path fill=\"currentColor\" d=\"M396.8 352h22.4c6.4 0 12.8-6.4 12.8-12.8V108.8c0-6.4-6.4-12.8-12.8-12.8h-22.4c-6.4 0-12.8 6.4-12.8 12.8v230.4c0 6.4 6.4 12.8 12.8 12.8zm-192 0h22.4c6.4 0 12.8-6.4 12.8-12.8V140.8c0-6.4-6.4-12.8-12.8-12.8h-22.4c-6.4 0-12.8 6.4-12.8 12.8v198.4c0 6.4 6.4 12.8 12.8 12.8zm96 0h22.4c6.4 0 12.8-6.4 12.8-12.8V204.8c0-6.4-6.4-12.8-12.8-12.8h-22.4c-6.4 0-12.8 6.4-12.8 12.8v134.4c0 6.4 6.4 12.8 12.8 12.8zM496 400H48V80c0-8.84-7.16-16-16-16H16C7.16 64 0 71.16 0 80v336c0 17.67 14.33 32 32 32h464c8.84 0 16-7.16 16-16v-16c0-8.84-7.16-16-16-16zm-387.2-48h22.4c6.4 0 12.8-6.4 12.8-12.8v-70.4c0-6.4-6.4-12.8-12.8-12.8h-22.4c-6.4 0-12.8 6.4-12.8 12.8v70.4c0 6.4 6.4 12.8 12.8 12.8z\" class=\"\"><\/path><\/svg><\/i> <img loading=\"lazy\" decoding=\"async\" width=\"16\" height=\"16\" alt=\"Loading\" src=\"https:\/\/temucotelevision.cl\/web\/wp-content\/plugins\/page-views-count\/ajax-loader-2x.gif\" border=0 \/><\/p>\n<div class=\"pvc_clear\"><\/div>\n<p>El evento deportivo se llegar\u00e1 a cabo del 07 al 10 de abril en Santiago y reunir\u00e1 a representantes de<\/p>\n","protected":false},"author":1,"featured_media":30908,"comment_status":"open","ping_status":"open","sticky":false,"template":"","format":"standard","meta":{"colormag_page_container_layout":"default_layout","colormag_page_sidebar_layout":"default_layout","footnotes":""},"categories":[101,14],"tags":[4590,5199,449,5198,5200],"class_list":["post-30907","post","type-post","status-publish","format-standard","has-post-thumbnail","hentry","category-actualidad","category-temuco","tag-4590","tag-chileanopen","tag-equipo","tag-paraolimpico","tag-tenis"],"a3_pvc":{"activated":true,"total_views":54,"today_views":0},"_links":{"self":[{"href":"https:\/\/temucotelevision.cl\/web\/wp-json\/wp\/v2\/posts\/30907","targetHints":{"allow":["GET"]}}],"collection":[{"href":"https:\/\/temucotelevision.cl\/web\/wp-json\/wp\/v2\/posts"}],"about":[{"href":"https:\/\/temucotelevision.cl\/web\/wp-json\/wp\/v2\/types\/post"}],"author":[{"embeddable":true,"href":"https:\/\/temucotelevision.cl\/web\/wp-json\/wp\/v2\/users\/1"}],"replies":[{"embeddable":true,"href":"https:\/\/temucotelevision.cl\/web\/wp-json\/wp\/v2\/comments?post=30907"}],"version-history":[{"count":1,"href":"https:\/\/temucotelevision.cl\/web\/wp-json\/wp\/v2\/posts\/30907\/revisions"}],"predecessor-version":[{"id":30909,"href":"https:\/\/temucotelevision.cl\/web\/wp-json\/wp\/v2\/posts\/30907\/revisions\/30909"}],"wp:featuredmedia":[{"embeddable":true,"href":"https:\/\/temucotelevision.cl\/web\/wp-json\/wp\/v2\/media\/30908"}],"wp:attachment":[{"href":"https:\/\/temucotelevision.cl\/web\/wp-json\/wp\/v2\/media?parent=30907"}],"wp:term":[{"taxonomy":"category","embeddable":true,"href":"https:\/\/temucotelevision.cl\/web\/wp-json\/wp\/v2\/categories?post=30907"},{"taxonomy":"post_tag","embeddable":true,"href":"https:\/\/temucotelevision.cl\/web\/wp-json\/wp\/v2\/tags?post=30907"}],"curies":[{"name":"wp","href":"https:\/\/api.w.org\/{rel}","templated":true}]}}