{"id":29568,"date":"2022-02-23T13:55:30","date_gmt":"2022-02-23T16:55:30","guid":{"rendered":"https:\/\/temucotelevision.cl\/web\/?p=29568"},"modified":"2022-02-23T13:57:38","modified_gmt":"2022-02-23T16:57:38","slug":"diputado-andres-jounannet-por-doble-homicidios-en-carahuedemuestra-la-inoperancia-de-las-autoridades-actuales-que-han-abandonado-a-la-ciudadania","status":"publish","type":"post","link":"https:\/\/temucotelevision.cl\/web\/2022\/02\/23\/diputado-andres-jounannet-por-doble-homicidios-en-carahuedemuestra-la-inoperancia-de-las-autoridades-actuales-que-han-abandonado-a-la-ciudadania\/","title":{"rendered":"Diputado Andr\u00e9s Jounannet por doble homicidio en Carahue:&#8221;demuestra la inoperancia de las autoridades actuales que han abandonado a la ciudadan\u00eda&#8221;"},"content":{"rendered":"<div class=\"pvc_clear\"><\/div><p id=\"pvc_stats_29568\" class=\"pvc_stats total_only  \" data-element-id=\"29568\" style=\"\"><i class=\"pvc-stats-icon large\" aria-hidden=\"true\"><svg aria-hidden=\"true\" focusable=\"false\" data-prefix=\"far\" data-icon=\"chart-bar\" role=\"img\" xmlns=\"http:\/\/www.w3.org\/2000\/svg\" viewBox=\"0 0 512 512\" class=\"svg-inline--fa fa-chart-bar fa-w-16 fa-2x\"><path fill=\"currentColor\" d=\"M396.8 352h22.4c6.4 0 12.8-6.4 12.8-12.8V108.8c0-6.4-6.4-12.8-12.8-12.8h-22.4c-6.4 0-12.8 6.4-12.8 12.8v230.4c0 6.4 6.4 12.8 12.8 12.8zm-192 0h22.4c6.4 0 12.8-6.4 12.8-12.8V140.8c0-6.4-6.4-12.8-12.8-12.8h-22.4c-6.4 0-12.8 6.4-12.8 12.8v198.4c0 6.4 6.4 12.8 12.8 12.8zm96 0h22.4c6.4 0 12.8-6.4 12.8-12.8V204.8c0-6.4-6.4-12.8-12.8-12.8h-22.4c-6.4 0-12.8 6.4-12.8 12.8v134.4c0 6.4 6.4 12.8 12.8 12.8zM496 400H48V80c0-8.84-7.16-16-16-16H16C7.16 64 0 71.16 0 80v336c0 17.67 14.33 32 32 32h464c8.84 0 16-7.16 16-16v-16c0-8.84-7.16-16-16-16zm-387.2-48h22.4c6.4 0 12.8-6.4 12.8-12.8v-70.4c0-6.4-6.4-12.8-12.8-12.8h-22.4c-6.4 0-12.8 6.4-12.8 12.8v70.4c0 6.4 6.4 12.8 12.8 12.8z\" class=\"\"><\/path><\/svg><\/i> <img loading=\"lazy\" decoding=\"async\" width=\"16\" height=\"16\" alt=\"Loading\" src=\"https:\/\/temucotelevision.cl\/web\/wp-content\/plugins\/page-views-count\/ajax-loader-2x.gif\" border=0 \/><\/p><div class=\"pvc_clear\"><\/div>\n<p>Con relaci\u00f3n al doble homicidio de los\u00a0 j\u00f3venes guardias forestales Eduardo Bustos Manriquez e Ignacio Carrasco Mellafe, ocurrido el d\u00eda domingo 20 de febrero\u00a0 en la comuna de Carahue, quiero expresar ante la opini\u00f3n p\u00fablica regional mi m\u00e1s profundo rechazo y condena por aquellos cr\u00edmenes\u00a0 que una vez m\u00e1s enlutan a nuestra Regi\u00f3n.<br>Asimismo, quiero manifestar\u00a0 mis sentidas condolencias a las familias de estos j\u00f3venes trabajadores, esperando que encuentren consuelo y justicia ante la irreparable p\u00e9rdida de sus seres queridos, como v\u00edctimas de la violencia rural instalada en la zona.<\/p>\n\n\n\n<p>Con estos cr\u00edmenes, suman ya 20 las personas fallecidas durante el mandato del actual gobierno, bajo el cual los hechos de violencia rural han recrudecido y se han incrementado en un 400%, lo que demuestra la inoperancia de las autoridades actuales que han abandonado a la ciudadan\u00eda en esta materia, con un Gobierno que se bate en vergonzosa retirada, habi\u00e9ndose desentendido desde hace mucho tiempo del deber fundamental de entregar seguridad a las personas y proteger sus vidas y sus bienes.<\/p>\n\n\n\n<p>Requiero adem\u00e1s que el Ministerio P\u00fablico, en su funci\u00f3n de persecutor penal, realice efectivamente la labor que le est\u00e1 encomendada, para determinar las responsabilidades que corresponden a los autores de estos cr\u00edmenes alevosos. <\/p>\n\n\n\n<p>Necesitamos que la Fiscal\u00eda act\u00fae en el marco de sus atribuciones, mejorando los pobres resultados que ha tenido en la investigaci\u00f3n criminal de los hechos ocurridos en La Araucan\u00eda durante los \u00faltimos a\u00f1os y que han dejado sin justicia a la mayor\u00eda de las v\u00edctimas y sus familias.Finalmente, solicito al Presidente electo Gabriel Boric que este tema de la violencia rural instalada en la macro zona sur sea una de las principales prioridades de su gobierno, para avanzar en las soluciones de paz y justicia que la ciudadan\u00eda regional demanda, reivindicando el di\u00e1logo con\u00a0 todos los sectores de la comunidad regional que tengan el compromiso democr\u00e1tico y no con aquellas organizaciones criminales que act\u00faan a trav\u00e9s de la violencia,\u00a0 despreciando el valor de la vida, que no creen en la democracia y que atentan en su contra.<\/p>\n","protected":false},"excerpt":{"rendered":"<div class=\"pvc_clear\"><\/div>\n<p id=\"pvc_stats_29568\" class=\"pvc_stats total_only  \" data-element-id=\"29568\" style=\"\"><i class=\"pvc-stats-icon large\" aria-hidden=\"true\"><svg aria-hidden=\"true\" focusable=\"false\" data-prefix=\"far\" data-icon=\"chart-bar\" role=\"img\" xmlns=\"http:\/\/www.w3.org\/2000\/svg\" viewBox=\"0 0 512 512\" class=\"svg-inline--fa fa-chart-bar fa-w-16 fa-2x\"><path fill=\"currentColor\" d=\"M396.8 352h22.4c6.4 0 12.8-6.4 12.8-12.8V108.8c0-6.4-6.4-12.8-12.8-12.8h-22.4c-6.4 0-12.8 6.4-12.8 12.8v230.4c0 6.4 6.4 12.8 12.8 12.8zm-192 0h22.4c6.4 0 12.8-6.4 12.8-12.8V140.8c0-6.4-6.4-12.8-12.8-12.8h-22.4c-6.4 0-12.8 6.4-12.8 12.8v198.4c0 6.4 6.4 12.8 12.8 12.8zm96 0h22.4c6.4 0 12.8-6.4 12.8-12.8V204.8c0-6.4-6.4-12.8-12.8-12.8h-22.4c-6.4 0-12.8 6.4-12.8 12.8v134.4c0 6.4 6.4 12.8 12.8 12.8zM496 400H48V80c0-8.84-7.16-16-16-16H16C7.16 64 0 71.16 0 80v336c0 17.67 14.33 32 32 32h464c8.84 0 16-7.16 16-16v-16c0-8.84-7.16-16-16-16zm-387.2-48h22.4c6.4 0 12.8-6.4 12.8-12.8v-70.4c0-6.4-6.4-12.8-12.8-12.8h-22.4c-6.4 0-12.8 6.4-12.8 12.8v70.4c0 6.4 6.4 12.8 12.8 12.8z\" class=\"\"><\/path><\/svg><\/i> <img loading=\"lazy\" decoding=\"async\" width=\"16\" height=\"16\" alt=\"Loading\" src=\"https:\/\/temucotelevision.cl\/web\/wp-content\/plugins\/page-views-count\/ajax-loader-2x.gif\" border=0 \/><\/p>\n<div class=\"pvc_clear\"><\/div>\n<p>Con relaci\u00f3n al doble homicidio de los\u00a0 j\u00f3venes guardias forestales Eduardo Bustos Manriquez e Ignacio Carrasco Mellafe, ocurrido el d\u00eda<\/p>\n","protected":false},"author":1,"featured_media":29569,"comment_status":"open","ping_status":"open","sticky":false,"template":"","format":"standard","meta":{"colormag_page_container_layout":"default_layout","colormag_page_sidebar_layout":"default_layout","footnotes":""},"categories":[84],"tags":[3193,154,206,363],"class_list":["post-29568","post","type-post","status-publish","format-standard","has-post-thumbnail","hentry","category-politica","tag-asesinato","tag-diputado","tag-gobierno","tag-homicidio"],"a3_pvc":{"activated":true,"total_views":47,"today_views":0},"_links":{"self":[{"href":"https:\/\/temucotelevision.cl\/web\/wp-json\/wp\/v2\/posts\/29568","targetHints":{"allow":["GET"]}}],"collection":[{"href":"https:\/\/temucotelevision.cl\/web\/wp-json\/wp\/v2\/posts"}],"about":[{"href":"https:\/\/temucotelevision.cl\/web\/wp-json\/wp\/v2\/types\/post"}],"author":[{"embeddable":true,"href":"https:\/\/temucotelevision.cl\/web\/wp-json\/wp\/v2\/users\/1"}],"replies":[{"embeddable":true,"href":"https:\/\/temucotelevision.cl\/web\/wp-json\/wp\/v2\/comments?post=29568"}],"version-history":[{"count":2,"href":"https:\/\/temucotelevision.cl\/web\/wp-json\/wp\/v2\/posts\/29568\/revisions"}],"predecessor-version":[{"id":29572,"href":"https:\/\/temucotelevision.cl\/web\/wp-json\/wp\/v2\/posts\/29568\/revisions\/29572"}],"wp:featuredmedia":[{"embeddable":true,"href":"https:\/\/temucotelevision.cl\/web\/wp-json\/wp\/v2\/media\/29569"}],"wp:attachment":[{"href":"https:\/\/temucotelevision.cl\/web\/wp-json\/wp\/v2\/media?parent=29568"}],"wp:term":[{"taxonomy":"category","embeddable":true,"href":"https:\/\/temucotelevision.cl\/web\/wp-json\/wp\/v2\/categories?post=29568"},{"taxonomy":"post_tag","embeddable":true,"href":"https:\/\/temucotelevision.cl\/web\/wp-json\/wp\/v2\/tags?post=29568"}],"curies":[{"name":"wp","href":"https:\/\/api.w.org\/{rel}","templated":true}]}}