{"id":29565,"date":"2022-02-23T13:41:54","date_gmt":"2022-02-23T16:41:54","guid":{"rendered":"https:\/\/temucotelevision.cl\/web\/?p=29565"},"modified":"2022-02-23T13:41:56","modified_gmt":"2022-02-23T16:41:56","slug":"concejo-municipal-de-pucon-denunciara-a-cge-ante-la-superintendencia-de-electricidad-y-combustibles-por-continuos-cortes-de-luz","status":"publish","type":"post","link":"https:\/\/temucotelevision.cl\/web\/2022\/02\/23\/concejo-municipal-de-pucon-denunciara-a-cge-ante-la-superintendencia-de-electricidad-y-combustibles-por-continuos-cortes-de-luz\/","title":{"rendered":"Concejo Municipal de Puc\u00f3n denunciar\u00e1 a CGE ante la Superintendencia de Electricidad y Combustibles por continuos cortes de luz"},"content":{"rendered":"<div class=\"pvc_clear\"><\/div><p id=\"pvc_stats_29565\" class=\"pvc_stats total_only  \" data-element-id=\"29565\" style=\"\"><i class=\"pvc-stats-icon large\" aria-hidden=\"true\"><svg aria-hidden=\"true\" focusable=\"false\" data-prefix=\"far\" data-icon=\"chart-bar\" role=\"img\" xmlns=\"http:\/\/www.w3.org\/2000\/svg\" viewBox=\"0 0 512 512\" class=\"svg-inline--fa fa-chart-bar fa-w-16 fa-2x\"><path fill=\"currentColor\" d=\"M396.8 352h22.4c6.4 0 12.8-6.4 12.8-12.8V108.8c0-6.4-6.4-12.8-12.8-12.8h-22.4c-6.4 0-12.8 6.4-12.8 12.8v230.4c0 6.4 6.4 12.8 12.8 12.8zm-192 0h22.4c6.4 0 12.8-6.4 12.8-12.8V140.8c0-6.4-6.4-12.8-12.8-12.8h-22.4c-6.4 0-12.8 6.4-12.8 12.8v198.4c0 6.4 6.4 12.8 12.8 12.8zm96 0h22.4c6.4 0 12.8-6.4 12.8-12.8V204.8c0-6.4-6.4-12.8-12.8-12.8h-22.4c-6.4 0-12.8 6.4-12.8 12.8v134.4c0 6.4 6.4 12.8 12.8 12.8zM496 400H48V80c0-8.84-7.16-16-16-16H16C7.16 64 0 71.16 0 80v336c0 17.67 14.33 32 32 32h464c8.84 0 16-7.16 16-16v-16c0-8.84-7.16-16-16-16zm-387.2-48h22.4c6.4 0 12.8-6.4 12.8-12.8v-70.4c0-6.4-6.4-12.8-12.8-12.8h-22.4c-6.4 0-12.8 6.4-12.8 12.8v70.4c0 6.4 6.4 12.8 12.8 12.8z\" class=\"\"><\/path><\/svg><\/i> <img loading=\"lazy\" decoding=\"async\" width=\"16\" height=\"16\" alt=\"Loading\" src=\"https:\/\/temucotelevision.cl\/web\/wp-content\/plugins\/page-views-count\/ajax-loader-2x.gif\" border=0 \/><\/p><div class=\"pvc_clear\"><\/div>\n<p>Indignados se encuentran los vecinos y turistas de Puc\u00f3n, por los continuos cortes de luz que se han producido en la comuna lacustre durante las \u00faltimas semanas, los cuales han dejado a miles de personas sin suministro el\u00e9ctrico durante varios d\u00edas.<\/p>\n\n\n\n<p>Debido esto, este mi\u00e9rcoles el Concejo Municipal de Puc\u00f3n, determin\u00f3 por unanimidad de sus miembros, denunciar a la Compa\u00f1\u00eda General de Electricidad, CGE, ante la Superintendencia de Electricidad y Combustibles SEC, con el objetivo que la empresa el\u00e9ctrica responda por los da\u00f1os que han provocado los continuos cortes de luz que afectan tanto al sector urbano como rural de la comuna lacustre.<\/p>\n\n\n\n<p>Al respecto el concejal Claudio Cortez, manifest\u00f3 que no solo se denunciar\u00e1 el tema de los cortes de luz, sino tambi\u00e9n se solicitar\u00e1n m\u00e1s generadores el\u00e9ctricos en la comuna, lo que no solucionar\u00e1 el problema de ra\u00edz, ya que la CGE debe invertir en cambiar las l\u00edneas desnudas a l\u00edneas protegidas en toda la comuna, dijo el concejal.&nbsp;&#8220;Es lamentable lo que estamos viviendo. Son muchos los vecinos afectados, incluso hay casos que no tienen luz hace 3 o 4 d\u00edas. Creo que la empresa debe responder por esto y que adem\u00e1s reformule su pol\u00edtica de mantenci\u00f3n y protecci\u00f3n de las l\u00edneas de trasmisi\u00f3n\u201d.<\/p>\n\n\n\n<p>Por su parte el alcalde Carlos Barra, dijo que es lamentable que este tipo de problemas se sigan produciendo, dejando sin luz a gran parte de la ciudad. \u201cEstamos cansados de reunirnos con la CGE y la situaci\u00f3n sigue igual. Por esto, como Concejo, haremos esta denuncia a la SEC para que investigue a fondo el porqu\u00e9 de esta situaci\u00f3n\u201d.<\/p>\n\n\n\n<p>Cabe destacar que la comuna de Puc\u00f3n, ya fue afectada por un corte prolongado y masivo a principios de mes, cuando la CGE tuvo que responder a los vecinos, a trav\u00e9s de formularios de compensaci\u00f3n econ\u00f3mica, para quienes hab\u00edan perdido sus alimentos.&nbsp;&nbsp;<\/p>\n","protected":false},"excerpt":{"rendered":"<div class=\"pvc_clear\"><\/div>\n<p id=\"pvc_stats_29565\" class=\"pvc_stats total_only  \" data-element-id=\"29565\" style=\"\"><i class=\"pvc-stats-icon large\" aria-hidden=\"true\"><svg aria-hidden=\"true\" focusable=\"false\" data-prefix=\"far\" data-icon=\"chart-bar\" role=\"img\" xmlns=\"http:\/\/www.w3.org\/2000\/svg\" viewBox=\"0 0 512 512\" class=\"svg-inline--fa fa-chart-bar fa-w-16 fa-2x\"><path fill=\"currentColor\" d=\"M396.8 352h22.4c6.4 0 12.8-6.4 12.8-12.8V108.8c0-6.4-6.4-12.8-12.8-12.8h-22.4c-6.4 0-12.8 6.4-12.8 12.8v230.4c0 6.4 6.4 12.8 12.8 12.8zm-192 0h22.4c6.4 0 12.8-6.4 12.8-12.8V140.8c0-6.4-6.4-12.8-12.8-12.8h-22.4c-6.4 0-12.8 6.4-12.8 12.8v198.4c0 6.4 6.4 12.8 12.8 12.8zm96 0h22.4c6.4 0 12.8-6.4 12.8-12.8V204.8c0-6.4-6.4-12.8-12.8-12.8h-22.4c-6.4 0-12.8 6.4-12.8 12.8v134.4c0 6.4 6.4 12.8 12.8 12.8zM496 400H48V80c0-8.84-7.16-16-16-16H16C7.16 64 0 71.16 0 80v336c0 17.67 14.33 32 32 32h464c8.84 0 16-7.16 16-16v-16c0-8.84-7.16-16-16-16zm-387.2-48h22.4c6.4 0 12.8-6.4 12.8-12.8v-70.4c0-6.4-6.4-12.8-12.8-12.8h-22.4c-6.4 0-12.8 6.4-12.8 12.8v70.4c0 6.4 6.4 12.8 12.8 12.8z\" class=\"\"><\/path><\/svg><\/i> <img loading=\"lazy\" decoding=\"async\" width=\"16\" height=\"16\" alt=\"Loading\" src=\"https:\/\/temucotelevision.cl\/web\/wp-content\/plugins\/page-views-count\/ajax-loader-2x.gif\" border=0 \/><\/p>\n<div class=\"pvc_clear\"><\/div>\n<p>Indignados se encuentran los vecinos y turistas de Puc\u00f3n, por los continuos cortes de luz que se han producido en<\/p>\n","protected":false},"author":1,"featured_media":29566,"comment_status":"open","ping_status":"open","sticky":false,"template":"","format":"standard","meta":{"colormag_page_container_layout":"default_layout","colormag_page_sidebar_layout":"default_layout","footnotes":""},"categories":[15],"tags":[597,5066,606,161],"class_list":["post-29565","post","type-post","status-publish","format-standard","has-post-thumbnail","hentry","category-la-araucania","tag-cortes","tag-denunica","tag-luz","tag-pucon"],"a3_pvc":{"activated":true,"total_views":84,"today_views":0},"_links":{"self":[{"href":"https:\/\/temucotelevision.cl\/web\/wp-json\/wp\/v2\/posts\/29565","targetHints":{"allow":["GET"]}}],"collection":[{"href":"https:\/\/temucotelevision.cl\/web\/wp-json\/wp\/v2\/posts"}],"about":[{"href":"https:\/\/temucotelevision.cl\/web\/wp-json\/wp\/v2\/types\/post"}],"author":[{"embeddable":true,"href":"https:\/\/temucotelevision.cl\/web\/wp-json\/wp\/v2\/users\/1"}],"replies":[{"embeddable":true,"href":"https:\/\/temucotelevision.cl\/web\/wp-json\/wp\/v2\/comments?post=29565"}],"version-history":[{"count":1,"href":"https:\/\/temucotelevision.cl\/web\/wp-json\/wp\/v2\/posts\/29565\/revisions"}],"predecessor-version":[{"id":29567,"href":"https:\/\/temucotelevision.cl\/web\/wp-json\/wp\/v2\/posts\/29565\/revisions\/29567"}],"wp:featuredmedia":[{"embeddable":true,"href":"https:\/\/temucotelevision.cl\/web\/wp-json\/wp\/v2\/media\/29566"}],"wp:attachment":[{"href":"https:\/\/temucotelevision.cl\/web\/wp-json\/wp\/v2\/media?parent=29565"}],"wp:term":[{"taxonomy":"category","embeddable":true,"href":"https:\/\/temucotelevision.cl\/web\/wp-json\/wp\/v2\/categories?post=29565"},{"taxonomy":"post_tag","embeddable":true,"href":"https:\/\/temucotelevision.cl\/web\/wp-json\/wp\/v2\/tags?post=29565"}],"curies":[{"name":"wp","href":"https:\/\/api.w.org\/{rel}","templated":true}]}}