{"id":29562,"date":"2022-02-23T12:01:57","date_gmt":"2022-02-23T15:01:57","guid":{"rendered":"https:\/\/temucotelevision.cl\/web\/?p=29562"},"modified":"2022-02-23T12:01:59","modified_gmt":"2022-02-23T15:01:59","slug":"caso-testamento-corte-de-apelaciones-de-valdivia-dejo-firme-condena-de-5-personas-que-en-2018-intentaron-falsificar-el-testamento-de-una-anciana-de-traiguen","status":"publish","type":"post","link":"https:\/\/temucotelevision.cl\/web\/2022\/02\/23\/caso-testamento-corte-de-apelaciones-de-valdivia-dejo-firme-condena-de-5-personas-que-en-2018-intentaron-falsificar-el-testamento-de-una-anciana-de-traiguen\/","title":{"rendered":"Caso Testamento: Corte de Apelaciones de Valdivia dej\u00f3 firme condena de 5 personas que en 2018 intentaron falsificar el testamento de una anciana de Traigu\u00e9n"},"content":{"rendered":"<div class=\"pvc_clear\"><\/div><p id=\"pvc_stats_29562\" class=\"pvc_stats total_only  \" data-element-id=\"29562\" style=\"\"><i class=\"pvc-stats-icon large\" aria-hidden=\"true\"><svg aria-hidden=\"true\" focusable=\"false\" data-prefix=\"far\" data-icon=\"chart-bar\" role=\"img\" xmlns=\"http:\/\/www.w3.org\/2000\/svg\" viewBox=\"0 0 512 512\" class=\"svg-inline--fa fa-chart-bar fa-w-16 fa-2x\"><path fill=\"currentColor\" d=\"M396.8 352h22.4c6.4 0 12.8-6.4 12.8-12.8V108.8c0-6.4-6.4-12.8-12.8-12.8h-22.4c-6.4 0-12.8 6.4-12.8 12.8v230.4c0 6.4 6.4 12.8 12.8 12.8zm-192 0h22.4c6.4 0 12.8-6.4 12.8-12.8V140.8c0-6.4-6.4-12.8-12.8-12.8h-22.4c-6.4 0-12.8 6.4-12.8 12.8v198.4c0 6.4 6.4 12.8 12.8 12.8zm96 0h22.4c6.4 0 12.8-6.4 12.8-12.8V204.8c0-6.4-6.4-12.8-12.8-12.8h-22.4c-6.4 0-12.8 6.4-12.8 12.8v134.4c0 6.4 6.4 12.8 12.8 12.8zM496 400H48V80c0-8.84-7.16-16-16-16H16C7.16 64 0 71.16 0 80v336c0 17.67 14.33 32 32 32h464c8.84 0 16-7.16 16-16v-16c0-8.84-7.16-16-16-16zm-387.2-48h22.4c6.4 0 12.8-6.4 12.8-12.8v-70.4c0-6.4-6.4-12.8-12.8-12.8h-22.4c-6.4 0-12.8 6.4-12.8 12.8v70.4c0 6.4 6.4 12.8 12.8 12.8z\" class=\"\"><\/path><\/svg><\/i> <img loading=\"lazy\" decoding=\"async\" width=\"16\" height=\"16\" alt=\"Loading\" src=\"https:\/\/temucotelevision.cl\/web\/wp-content\/plugins\/page-views-count\/ajax-loader-2x.gif\" border=0 \/><\/p><div class=\"pvc_clear\"><\/div>\n<p>La Segunda Sala de Corte de Apelaciones de Valdivia confirm\u00f3 la sentencia obtenidas por la Fiscal\u00eda de Temuco en contra de Ricardo Barr\u00eda Dillems, Ana Herrera Darwitg, Ana M\u00e9ndez Estrada, Jaime Suf\u00e1n Salazar y Juan Burgos Garrido, por su participaci\u00f3n en la falsificaci\u00f3n del testamento de una anciana mientras agonizaba en la UTI de una cl\u00ednica, el 7 de febrero de 2018.<\/p>\n\n\n\n<p><br>El fiscal que llev\u00f3 el caso a juicio, Miguel Rojas Thiele, explic\u00f3 que el tribunal de alzada rechaz\u00f3 cada uno de los recursos de nulidad presentados por las defensas de los condenados.<\/p>\n\n\n\n<p><br>\u201cEsto significa que la sentencia queda firme y ejecutoriada, es una sentencia respecto de la cual ya no procede recurso alguno\u201d, detall\u00f3 el persecutor, quien record\u00f3 que \u201cestas cinco personas condenadas, previamente concertadas al afecto aprovech\u00e1ndose de que la causante Lidia Villiger viv\u00eda sus \u00faltimos momentos, que no estaba consciente y que no ten\u00eda la capacidad para decidir intentan falsificar un testamento, intentando tambi\u00e9n generar un perjuicio en cada uno de los beneficiarios del testamento que v\u00e1lidamente ella hab\u00eda otorgado a\u00f1os antes\u201d.<\/p>\n\n\n\n<p><br>Por estos hechos, el 27 de marzo de 2021 el Tribunal Oral de Temuco conden\u00f3 en costas a Ricardo Barr\u00eda Dillems, Ana Herrera Darwitg, Ana M\u00e9ndez Estrada, Jaime Suf\u00e1n Salazar y Juan Burgos Garrido a cumplir una pena de 41 d\u00edas de presidio por el delito frustrado de falsificaci\u00f3n de instrumento privado y a otra pena de 61 d\u00edas de presidio por el delito consumado de falso testimonio en materia no contenciosa.<\/p>\n\n\n\n<p><br>Adem\u00e1s, Ricardo Barr\u00eda Dillems fue condenado a la pena de 61 d\u00edas de presidio por el delito de presentaci\u00f3n, a sabiendas, de documento falso en juicio civil, cometido en la comuna de Traigu\u00e9n el d\u00eda 6 de abril de 2018.<br>La sentencia del Tribunal Oral de Temuco que fue confirmada por la Corte de Valdivia le otorg\u00f3 a los cinco condenados la pena sustitutiva de remisi\u00f3n condicional por el lapso de un a\u00f1o.<\/p>\n","protected":false},"excerpt":{"rendered":"<div class=\"pvc_clear\"><\/div>\n<p id=\"pvc_stats_29562\" class=\"pvc_stats total_only  \" data-element-id=\"29562\" style=\"\"><i class=\"pvc-stats-icon large\" aria-hidden=\"true\"><svg aria-hidden=\"true\" focusable=\"false\" data-prefix=\"far\" data-icon=\"chart-bar\" role=\"img\" xmlns=\"http:\/\/www.w3.org\/2000\/svg\" viewBox=\"0 0 512 512\" class=\"svg-inline--fa fa-chart-bar fa-w-16 fa-2x\"><path fill=\"currentColor\" d=\"M396.8 352h22.4c6.4 0 12.8-6.4 12.8-12.8V108.8c0-6.4-6.4-12.8-12.8-12.8h-22.4c-6.4 0-12.8 6.4-12.8 12.8v230.4c0 6.4 6.4 12.8 12.8 12.8zm-192 0h22.4c6.4 0 12.8-6.4 12.8-12.8V140.8c0-6.4-6.4-12.8-12.8-12.8h-22.4c-6.4 0-12.8 6.4-12.8 12.8v198.4c0 6.4 6.4 12.8 12.8 12.8zm96 0h22.4c6.4 0 12.8-6.4 12.8-12.8V204.8c0-6.4-6.4-12.8-12.8-12.8h-22.4c-6.4 0-12.8 6.4-12.8 12.8v134.4c0 6.4 6.4 12.8 12.8 12.8zM496 400H48V80c0-8.84-7.16-16-16-16H16C7.16 64 0 71.16 0 80v336c0 17.67 14.33 32 32 32h464c8.84 0 16-7.16 16-16v-16c0-8.84-7.16-16-16-16zm-387.2-48h22.4c6.4 0 12.8-6.4 12.8-12.8v-70.4c0-6.4-6.4-12.8-12.8-12.8h-22.4c-6.4 0-12.8 6.4-12.8 12.8v70.4c0 6.4 6.4 12.8 12.8 12.8z\" class=\"\"><\/path><\/svg><\/i> <img loading=\"lazy\" decoding=\"async\" width=\"16\" height=\"16\" alt=\"Loading\" src=\"https:\/\/temucotelevision.cl\/web\/wp-content\/plugins\/page-views-count\/ajax-loader-2x.gif\" border=0 \/><\/p>\n<div class=\"pvc_clear\"><\/div>\n<p>La Segunda Sala de Corte de Apelaciones de Valdivia confirm\u00f3 la sentencia obtenidas por la Fiscal\u00eda de Temuco en contra<\/p>\n","protected":false},"author":1,"featured_media":29563,"comment_status":"open","ping_status":"open","sticky":false,"template":"","format":"standard","meta":{"colormag_page_container_layout":"default_layout","colormag_page_sidebar_layout":"default_layout","footnotes":""},"categories":[15],"tags":[923,2353,2100,5065,362],"class_list":["post-29562","post","type-post","status-publish","format-standard","has-post-thumbnail","hentry","category-la-araucania","tag-adulto-mayor","tag-falso","tag-herencia","tag-testamento","tag-traiguen"],"a3_pvc":{"activated":true,"total_views":103,"today_views":0},"_links":{"self":[{"href":"https:\/\/temucotelevision.cl\/web\/wp-json\/wp\/v2\/posts\/29562","targetHints":{"allow":["GET"]}}],"collection":[{"href":"https:\/\/temucotelevision.cl\/web\/wp-json\/wp\/v2\/posts"}],"about":[{"href":"https:\/\/temucotelevision.cl\/web\/wp-json\/wp\/v2\/types\/post"}],"author":[{"embeddable":true,"href":"https:\/\/temucotelevision.cl\/web\/wp-json\/wp\/v2\/users\/1"}],"replies":[{"embeddable":true,"href":"https:\/\/temucotelevision.cl\/web\/wp-json\/wp\/v2\/comments?post=29562"}],"version-history":[{"count":1,"href":"https:\/\/temucotelevision.cl\/web\/wp-json\/wp\/v2\/posts\/29562\/revisions"}],"predecessor-version":[{"id":29564,"href":"https:\/\/temucotelevision.cl\/web\/wp-json\/wp\/v2\/posts\/29562\/revisions\/29564"}],"wp:featuredmedia":[{"embeddable":true,"href":"https:\/\/temucotelevision.cl\/web\/wp-json\/wp\/v2\/media\/29563"}],"wp:attachment":[{"href":"https:\/\/temucotelevision.cl\/web\/wp-json\/wp\/v2\/media?parent=29562"}],"wp:term":[{"taxonomy":"category","embeddable":true,"href":"https:\/\/temucotelevision.cl\/web\/wp-json\/wp\/v2\/categories?post=29562"},{"taxonomy":"post_tag","embeddable":true,"href":"https:\/\/temucotelevision.cl\/web\/wp-json\/wp\/v2\/tags?post=29562"}],"curies":[{"name":"wp","href":"https:\/\/api.w.org\/{rel}","templated":true}]}}