{"id":29527,"date":"2022-02-20T15:03:24","date_gmt":"2022-02-20T18:03:24","guid":{"rendered":"https:\/\/temucotelevision.cl\/web\/?p=29527"},"modified":"2022-02-20T15:03:25","modified_gmt":"2022-02-20T18:03:25","slug":"federacion-regionalista-verde-denuncia-ecocidio-y-piden-proceso-de-salida-de-las-forestales-con-politica-de-ordenamiento-territorial","status":"publish","type":"post","link":"https:\/\/temucotelevision.cl\/web\/2022\/02\/20\/federacion-regionalista-verde-denuncia-ecocidio-y-piden-proceso-de-salida-de-las-forestales-con-politica-de-ordenamiento-territorial\/","title":{"rendered":"Federaci\u00f3n Regionalista Verde denuncia ecocidio y piden proceso de salida de las forestales con pol\u00edtica de ordenamiento territorial"},"content":{"rendered":"<div class=\"pvc_clear\"><\/div><p id=\"pvc_stats_29527\" class=\"pvc_stats total_only  \" data-element-id=\"29527\" style=\"\"><i class=\"pvc-stats-icon large\" aria-hidden=\"true\"><svg aria-hidden=\"true\" focusable=\"false\" data-prefix=\"far\" data-icon=\"chart-bar\" role=\"img\" xmlns=\"http:\/\/www.w3.org\/2000\/svg\" viewBox=\"0 0 512 512\" class=\"svg-inline--fa fa-chart-bar fa-w-16 fa-2x\"><path fill=\"currentColor\" d=\"M396.8 352h22.4c6.4 0 12.8-6.4 12.8-12.8V108.8c0-6.4-6.4-12.8-12.8-12.8h-22.4c-6.4 0-12.8 6.4-12.8 12.8v230.4c0 6.4 6.4 12.8 12.8 12.8zm-192 0h22.4c6.4 0 12.8-6.4 12.8-12.8V140.8c0-6.4-6.4-12.8-12.8-12.8h-22.4c-6.4 0-12.8 6.4-12.8 12.8v198.4c0 6.4 6.4 12.8 12.8 12.8zm96 0h22.4c6.4 0 12.8-6.4 12.8-12.8V204.8c0-6.4-6.4-12.8-12.8-12.8h-22.4c-6.4 0-12.8 6.4-12.8 12.8v134.4c0 6.4 6.4 12.8 12.8 12.8zM496 400H48V80c0-8.84-7.16-16-16-16H16C7.16 64 0 71.16 0 80v336c0 17.67 14.33 32 32 32h464c8.84 0 16-7.16 16-16v-16c0-8.84-7.16-16-16-16zm-387.2-48h22.4c6.4 0 12.8-6.4 12.8-12.8v-70.4c0-6.4-6.4-12.8-12.8-12.8h-22.4c-6.4 0-12.8 6.4-12.8 12.8v70.4c0 6.4 6.4 12.8 12.8 12.8z\" class=\"\"><\/path><\/svg><\/i> <img loading=\"lazy\" decoding=\"async\" width=\"16\" height=\"16\" alt=\"Loading\" src=\"https:\/\/temucotelevision.cl\/web\/wp-content\/plugins\/page-views-count\/ajax-loader-2x.gif\" border=0 \/><\/p><div class=\"pvc_clear\"><\/div>\n<p><em>Proponen royalty regional a la industria forestal e instrumentos de restauraci\u00f3n ecol\u00f3gica, con foco en peque\u00f1os y medianos propietarios<\/em><\/p>\n\n\n\n<p>Ante los incendios forestales de cada temporada estival que han da\u00f1ado el patrimonio de las comunidades y peque\u00f1os campesinos, agudizando la crisis h\u00eddrica y la emergencia clim\u00e1tica, la Federaci\u00f3n Regionalista Verde de La Araucan\u00eda (FREVS) denunci\u00f3 ecocidio y propuso abrir un proceso de salida de las forestales con la implementaci\u00f3n de la pol\u00edtica regional de ordenamiento territorial participativo y vinculante a partir de la nueva administraci\u00f3n de gobierno.<\/p>\n\n\n\n<p>\u201cYa van 37 mil hect\u00e1reas afectadas por los siniestros sobre todo en el territorio de Malleco, por lo que es necesario, hacerse cargo de esta realidad forestal que presenta&nbsp;externalidades negativas como p\u00e9rdida de especies vegetales nativas, p\u00e9rdida de h\u00e1bitat para fauna, as\u00ed como tambi\u00e9n, alteraciones de componente bi\u00f3ticos y abi\u00f3ticos, alteraci\u00f3n del paisaje y disminuci\u00f3n en producci\u00f3n de agua\u201d, explicaron desde la Federaci\u00f3n Regionalista.<\/p>\n\n\n\n<p>Agregaron que \u201cpara bajar los conflictos socio-ambientales y ordenar el territorio con una relaci\u00f3n arm\u00f3nica y sustentable con la naturaleza, es necesario abrir e implementar la pol\u00edtica regional de ordenamiento territorial (PROT) de manera participativa y vinculante, pol\u00edtica que este gobierno escondi\u00f3 y no tramit\u00f3, que no es otra cosa que definir los lineamientos y la vocaci\u00f3n de los territorios, desde lo cultural, productivo, econ\u00f3mico, espiritual, natural, social y pol\u00edtico con todos los actores del h\u00e1bitat, actores p\u00fablicos, privados, sociedad civil, comunidades, organizaciones, autoridades, etc\u201d.<\/p>\n\n\n\n<p>La Federaci\u00f3n Regionalista Verde Social de La Araucania (FREVS) adem\u00e1s propuso un royalty regional a la industria forestal para que los tributos queden en el territorio y no en el nivel central como ocurre actualmente y una reconversi\u00f3n del decreto 701 para que inyecte recursos a la restauraci\u00f3n ecol\u00f3gica de los territorios en contexto de crisis h\u00eddrica y emergencia clim\u00e1tica con foco en los peque\u00f1os y medianos propietarios, \u201ccon nuevos instrumentos que permitan ir reconvirtiendo escalonadamente el sector forestal hacia rubros de m\u00e1s arraigo y valor local\u201d, sostuvieron.<\/p>\n\n\n\n<p>Por \u00faltimo, la FREVS llam\u00f3 al Gobierno a no referirse a la intencionalidad de los siniestros y a respetar al Ministerio P\u00fablico, quien sugiere que terminen las investigaciones y pericias que est\u00e1n en curso, para determinar las responsabilidades respectivas en los siniestros.<\/p>\n","protected":false},"excerpt":{"rendered":"<div class=\"pvc_clear\"><\/div>\n<p id=\"pvc_stats_29527\" class=\"pvc_stats total_only  \" data-element-id=\"29527\" style=\"\"><i class=\"pvc-stats-icon large\" aria-hidden=\"true\"><svg aria-hidden=\"true\" focusable=\"false\" data-prefix=\"far\" data-icon=\"chart-bar\" role=\"img\" xmlns=\"http:\/\/www.w3.org\/2000\/svg\" viewBox=\"0 0 512 512\" class=\"svg-inline--fa fa-chart-bar fa-w-16 fa-2x\"><path fill=\"currentColor\" d=\"M396.8 352h22.4c6.4 0 12.8-6.4 12.8-12.8V108.8c0-6.4-6.4-12.8-12.8-12.8h-22.4c-6.4 0-12.8 6.4-12.8 12.8v230.4c0 6.4 6.4 12.8 12.8 12.8zm-192 0h22.4c6.4 0 12.8-6.4 12.8-12.8V140.8c0-6.4-6.4-12.8-12.8-12.8h-22.4c-6.4 0-12.8 6.4-12.8 12.8v198.4c0 6.4 6.4 12.8 12.8 12.8zm96 0h22.4c6.4 0 12.8-6.4 12.8-12.8V204.8c0-6.4-6.4-12.8-12.8-12.8h-22.4c-6.4 0-12.8 6.4-12.8 12.8v134.4c0 6.4 6.4 12.8 12.8 12.8zM496 400H48V80c0-8.84-7.16-16-16-16H16C7.16 64 0 71.16 0 80v336c0 17.67 14.33 32 32 32h464c8.84 0 16-7.16 16-16v-16c0-8.84-7.16-16-16-16zm-387.2-48h22.4c6.4 0 12.8-6.4 12.8-12.8v-70.4c0-6.4-6.4-12.8-12.8-12.8h-22.4c-6.4 0-12.8 6.4-12.8 12.8v70.4c0 6.4 6.4 12.8 12.8 12.8z\" class=\"\"><\/path><\/svg><\/i> <img loading=\"lazy\" decoding=\"async\" width=\"16\" height=\"16\" alt=\"Loading\" src=\"https:\/\/temucotelevision.cl\/web\/wp-content\/plugins\/page-views-count\/ajax-loader-2x.gif\" border=0 \/><\/p>\n<div class=\"pvc_clear\"><\/div>\n<p>Proponen royalty regional a la industria forestal e instrumentos de restauraci\u00f3n ecol\u00f3gica, con foco en peque\u00f1os y medianos propietarios Ante<\/p>\n","protected":false},"author":1,"featured_media":29528,"comment_status":"open","ping_status":"open","sticky":false,"template":"","format":"standard","meta":{"colormag_page_container_layout":"default_layout","colormag_page_sidebar_layout":"default_layout","footnotes":""},"categories":[84,14],"tags":[433,1725,267,266,4744],"class_list":["post-29527","post","type-post","status-publish","format-standard","has-post-thumbnail","hentry","category-politica","category-temuco","tag-denuncia","tag-federacion","tag-forestales","tag-incendios","tag-territorio"],"a3_pvc":{"activated":true,"total_views":39,"today_views":0},"_links":{"self":[{"href":"https:\/\/temucotelevision.cl\/web\/wp-json\/wp\/v2\/posts\/29527","targetHints":{"allow":["GET"]}}],"collection":[{"href":"https:\/\/temucotelevision.cl\/web\/wp-json\/wp\/v2\/posts"}],"about":[{"href":"https:\/\/temucotelevision.cl\/web\/wp-json\/wp\/v2\/types\/post"}],"author":[{"embeddable":true,"href":"https:\/\/temucotelevision.cl\/web\/wp-json\/wp\/v2\/users\/1"}],"replies":[{"embeddable":true,"href":"https:\/\/temucotelevision.cl\/web\/wp-json\/wp\/v2\/comments?post=29527"}],"version-history":[{"count":1,"href":"https:\/\/temucotelevision.cl\/web\/wp-json\/wp\/v2\/posts\/29527\/revisions"}],"predecessor-version":[{"id":29529,"href":"https:\/\/temucotelevision.cl\/web\/wp-json\/wp\/v2\/posts\/29527\/revisions\/29529"}],"wp:featuredmedia":[{"embeddable":true,"href":"https:\/\/temucotelevision.cl\/web\/wp-json\/wp\/v2\/media\/29528"}],"wp:attachment":[{"href":"https:\/\/temucotelevision.cl\/web\/wp-json\/wp\/v2\/media?parent=29527"}],"wp:term":[{"taxonomy":"category","embeddable":true,"href":"https:\/\/temucotelevision.cl\/web\/wp-json\/wp\/v2\/categories?post=29527"},{"taxonomy":"post_tag","embeddable":true,"href":"https:\/\/temucotelevision.cl\/web\/wp-json\/wp\/v2\/tags?post=29527"}],"curies":[{"name":"wp","href":"https:\/\/api.w.org\/{rel}","templated":true}]}}