{"id":29192,"date":"2022-02-01T20:47:28","date_gmt":"2022-02-01T23:47:28","guid":{"rendered":"https:\/\/temucotelevision.cl\/web\/?p=29192"},"modified":"2022-02-01T20:47:29","modified_gmt":"2022-02-01T23:47:29","slug":"jesse-joy-presenta-su-nuevo-single-respirar","status":"publish","type":"post","link":"https:\/\/temucotelevision.cl\/web\/2022\/02\/01\/jesse-joy-presenta-su-nuevo-single-respirar\/","title":{"rendered":"Jesse &#038; Joy presenta su nuevo single \u00abRespirar\u00bb"},"content":{"rendered":"<div class=\"pvc_clear\"><\/div><p id=\"pvc_stats_29192\" class=\"pvc_stats total_only  \" data-element-id=\"29192\" style=\"\"><i class=\"pvc-stats-icon large\" aria-hidden=\"true\"><svg aria-hidden=\"true\" focusable=\"false\" data-prefix=\"far\" data-icon=\"chart-bar\" role=\"img\" xmlns=\"http:\/\/www.w3.org\/2000\/svg\" viewBox=\"0 0 512 512\" class=\"svg-inline--fa fa-chart-bar fa-w-16 fa-2x\"><path fill=\"currentColor\" d=\"M396.8 352h22.4c6.4 0 12.8-6.4 12.8-12.8V108.8c0-6.4-6.4-12.8-12.8-12.8h-22.4c-6.4 0-12.8 6.4-12.8 12.8v230.4c0 6.4 6.4 12.8 12.8 12.8zm-192 0h22.4c6.4 0 12.8-6.4 12.8-12.8V140.8c0-6.4-6.4-12.8-12.8-12.8h-22.4c-6.4 0-12.8 6.4-12.8 12.8v198.4c0 6.4 6.4 12.8 12.8 12.8zm96 0h22.4c6.4 0 12.8-6.4 12.8-12.8V204.8c0-6.4-6.4-12.8-12.8-12.8h-22.4c-6.4 0-12.8 6.4-12.8 12.8v134.4c0 6.4 6.4 12.8 12.8 12.8zM496 400H48V80c0-8.84-7.16-16-16-16H16C7.16 64 0 71.16 0 80v336c0 17.67 14.33 32 32 32h464c8.84 0 16-7.16 16-16v-16c0-8.84-7.16-16-16-16zm-387.2-48h22.4c6.4 0 12.8-6.4 12.8-12.8v-70.4c0-6.4-6.4-12.8-12.8-12.8h-22.4c-6.4 0-12.8 6.4-12.8 12.8v70.4c0 6.4 6.4 12.8 12.8 12.8z\" class=\"\"><\/path><\/svg><\/i> <img loading=\"lazy\" decoding=\"async\" width=\"16\" height=\"16\" alt=\"Loading\" src=\"https:\/\/temucotelevision.cl\/web\/wp-content\/plugins\/page-views-count\/ajax-loader-2x.gif\" border=0 \/><\/p><div class=\"pvc_clear\"><\/div>\n<p><strong>Esta canci\u00f3n llega de la mano<\/strong> <strong>de un video oficial grabado en el Teatro de la Ciudad Esperanza Iris en la Ciudad de M\u00e9xico.<\/strong><\/p>\n\n\n\n<p>Perseverancia, originalidad, talento y mucho sentimiento, son tan s\u00f3lo algunos de los adjetivos que se asocian cuando se nombra a Jesse &amp; Joy. Y no es para menos, 16 a\u00f1os de carrera los avalan hoy en d\u00eda como una de las agrupaciones mexicanas m\u00e1s populares de todo el mundo, y quienes, adem\u00e1s de contar con m\u00faltiples reconocimientos que lo demuestran, han sabido conquistar el o\u00eddo y los corazones de millones de personas.<\/p>\n\n\n\n<p>Si bien cerraron el 2021 gozando de gran \u00e9xito luego de lanzar la canci\u00f3n \u201cLl\u00f3rale a tu madre\u201d, tema que lleg\u00f3 a 1 de radio en M\u00e9xico, han decidido arrancar el 2022 con el pie derecho, y es as\u00ed que los ganadores del Latin Grammy presentan el tema \u201cRespirar\u201d, primer corte de lo que ser\u00e1 su sexta producci\u00f3n discogr\u00e1fica que saldr\u00e1 a la luz en los pr\u00f3ximos meses. Fieles al pop que los ha caracterizado y regresando a las baladas con las que logran tocar nuestro coraz\u00f3n, es que Jesse &amp; Joy nos entregan esta canci\u00f3n cargada de emociones.<\/p>\n\n\n\n<p>\u201cRespirar\u201d ha sido compuesta por Jesse &amp; Joy, de la mano de Martin Terefe, productor y compositor sueco que ha trabajado con artistas como KT Tunstall, Shawn Mendes y Rita Ora, entre otros, y donde sumaron tambi\u00e9n el trabajo del compositor, productor y cantante brit\u00e1nico, Cass Lowe, quien ha colaborado con otros cantantes como Chance the Rapper, Fifth Harmony y Clean Bandit. Esto ha dado como resultado que la mezcla de sus talentos cree un tema memorable, resaltando el talento y estilo de cada uno de los involucrados.<\/p>\n\n\n\n<p>\u201cRespirar\u201d es una carta de perd\u00f3n convertida en canci\u00f3n con la que definitivamente muchos podr\u00e1n identificarse. \u00bfCu\u00e1ntas veces hemos querido pedirle perd\u00f3n a esa persona que tanto amamos, pero no logramos encontrar las palabras? Y eso es precisamente lo que han logrado con su m\u00fasica, en donde a trav\u00e9s del talento musical de Jesse fusionado a la perfecci\u00f3n con la voz inigualable de Joy, le piden a esa otra persona que dejen de pelear para recordar c\u00f3mo eran las cosas antes de que las palabras m\u00e1s all\u00e1 de herirnos, nos hicieran sentirnos en sinton\u00eda con aquella persona de la que un d\u00eda nos enamoramos.<\/p>\n\n\n\n<p>Por si esto fuera poco, Jesse &amp; Joy sumaron su visi\u00f3n como productores del tema, sumando a esta ecuaci\u00f3n musical a Federico Vindver, reconocido productor argentino quien ha trabajado con artistas de la talla de Coldplay, Kanye West y Justin Bieber, por mencionar algunos, dando como resultado un pop cargado de nostalgia y que nos har\u00e1 recordar ese pop que logra entrar a trav\u00e9s de nuestros o\u00eddos pero que nos llega directo al coraz\u00f3n.<\/p>\n\n\n\n<p>\u201cRespirar\u201d llega tambi\u00e9n de la mano de un video oficial, el cual fue grabado en la Ciudad de M\u00e9xico, teniendo como locaci\u00f3n el Teatro de la Ciudad Esperanza Iris y realizado bajo la mente creativa de La Catrina Films, quienes lograron plasmar la met\u00e1fora de un grito desesperado que busca dejar atr\u00e1s esa sensaci\u00f3n de cautiverio y anhela la libertad, en una realidad.<\/p>\n\n\n\n<p>A la par de este lanzamiento, Jesse &amp; Joy se preparan para regresar de nueva cuenta a los escenarios gracias a su \u201cClich\u00e9s World Tour\u201d, la cual comenzar\u00e1 el pr\u00f3ximo mes de marzo y con la que pisaran los escenarios de distintas latitudes para llevar su m\u00fasica y volver a poner a corear a los millones de fans que los han acompa\u00f1ado a lo largo de su exitosa carrera.<\/p>\n","protected":false},"excerpt":{"rendered":"<div class=\"pvc_clear\"><\/div>\n<p id=\"pvc_stats_29192\" class=\"pvc_stats total_only  \" data-element-id=\"29192\" style=\"\"><i class=\"pvc-stats-icon large\" aria-hidden=\"true\"><svg aria-hidden=\"true\" focusable=\"false\" data-prefix=\"far\" data-icon=\"chart-bar\" role=\"img\" xmlns=\"http:\/\/www.w3.org\/2000\/svg\" viewBox=\"0 0 512 512\" class=\"svg-inline--fa fa-chart-bar fa-w-16 fa-2x\"><path fill=\"currentColor\" d=\"M396.8 352h22.4c6.4 0 12.8-6.4 12.8-12.8V108.8c0-6.4-6.4-12.8-12.8-12.8h-22.4c-6.4 0-12.8 6.4-12.8 12.8v230.4c0 6.4 6.4 12.8 12.8 12.8zm-192 0h22.4c6.4 0 12.8-6.4 12.8-12.8V140.8c0-6.4-6.4-12.8-12.8-12.8h-22.4c-6.4 0-12.8 6.4-12.8 12.8v198.4c0 6.4 6.4 12.8 12.8 12.8zm96 0h22.4c6.4 0 12.8-6.4 12.8-12.8V204.8c0-6.4-6.4-12.8-12.8-12.8h-22.4c-6.4 0-12.8 6.4-12.8 12.8v134.4c0 6.4 6.4 12.8 12.8 12.8zM496 400H48V80c0-8.84-7.16-16-16-16H16C7.16 64 0 71.16 0 80v336c0 17.67 14.33 32 32 32h464c8.84 0 16-7.16 16-16v-16c0-8.84-7.16-16-16-16zm-387.2-48h22.4c6.4 0 12.8-6.4 12.8-12.8v-70.4c0-6.4-6.4-12.8-12.8-12.8h-22.4c-6.4 0-12.8 6.4-12.8 12.8v70.4c0 6.4 6.4 12.8 12.8 12.8z\" class=\"\"><\/path><\/svg><\/i> <img loading=\"lazy\" decoding=\"async\" width=\"16\" height=\"16\" alt=\"Loading\" src=\"https:\/\/temucotelevision.cl\/web\/wp-content\/plugins\/page-views-count\/ajax-loader-2x.gif\" border=0 \/><\/p>\n<div class=\"pvc_clear\"><\/div>\n<p>Esta canci\u00f3n llega de la mano de un video oficial grabado en el Teatro de la Ciudad Esperanza Iris en<\/p>\n","protected":false},"author":1,"featured_media":29193,"comment_status":"open","ping_status":"open","sticky":false,"template":"","format":"standard","meta":{"colormag_page_container_layout":"default_layout","colormag_page_sidebar_layout":"default_layout","footnotes":""},"categories":[369],"tags":[],"class_list":["post-29192","post","type-post","status-publish","format-standard","has-post-thumbnail","hentry","category-musica"],"a3_pvc":{"activated":true,"total_views":29,"today_views":0},"_links":{"self":[{"href":"https:\/\/temucotelevision.cl\/web\/wp-json\/wp\/v2\/posts\/29192","targetHints":{"allow":["GET"]}}],"collection":[{"href":"https:\/\/temucotelevision.cl\/web\/wp-json\/wp\/v2\/posts"}],"about":[{"href":"https:\/\/temucotelevision.cl\/web\/wp-json\/wp\/v2\/types\/post"}],"author":[{"embeddable":true,"href":"https:\/\/temucotelevision.cl\/web\/wp-json\/wp\/v2\/users\/1"}],"replies":[{"embeddable":true,"href":"https:\/\/temucotelevision.cl\/web\/wp-json\/wp\/v2\/comments?post=29192"}],"version-history":[{"count":1,"href":"https:\/\/temucotelevision.cl\/web\/wp-json\/wp\/v2\/posts\/29192\/revisions"}],"predecessor-version":[{"id":29194,"href":"https:\/\/temucotelevision.cl\/web\/wp-json\/wp\/v2\/posts\/29192\/revisions\/29194"}],"wp:featuredmedia":[{"embeddable":true,"href":"https:\/\/temucotelevision.cl\/web\/wp-json\/wp\/v2\/media\/29193"}],"wp:attachment":[{"href":"https:\/\/temucotelevision.cl\/web\/wp-json\/wp\/v2\/media?parent=29192"}],"wp:term":[{"taxonomy":"category","embeddable":true,"href":"https:\/\/temucotelevision.cl\/web\/wp-json\/wp\/v2\/categories?post=29192"},{"taxonomy":"post_tag","embeddable":true,"href":"https:\/\/temucotelevision.cl\/web\/wp-json\/wp\/v2\/tags?post=29192"}],"curies":[{"name":"wp","href":"https:\/\/api.w.org\/{rel}","templated":true}]}}