{"id":29188,"date":"2022-02-01T20:42:44","date_gmt":"2022-02-01T23:42:44","guid":{"rendered":"https:\/\/temucotelevision.cl\/web\/?p=29188"},"modified":"2022-02-01T20:42:46","modified_gmt":"2022-02-01T23:42:46","slug":"daniela-castillo-vuelve-a-la-escena-romantica-con-su-nuevo-sencillo-estabas-ahi","status":"publish","type":"post","link":"https:\/\/temucotelevision.cl\/web\/2022\/02\/01\/daniela-castillo-vuelve-a-la-escena-romantica-con-su-nuevo-sencillo-estabas-ahi\/","title":{"rendered":"Daniela Castillo vuelve a la escena rom\u00e1ntica con su nuevo sencillo \u00abEstabas Ah\u00ed\u00bb"},"content":{"rendered":"<div class=\"pvc_clear\"><\/div><p id=\"pvc_stats_29188\" class=\"pvc_stats total_only  \" data-element-id=\"29188\" style=\"\"><i class=\"pvc-stats-icon large\" aria-hidden=\"true\"><svg aria-hidden=\"true\" focusable=\"false\" data-prefix=\"far\" data-icon=\"chart-bar\" role=\"img\" xmlns=\"http:\/\/www.w3.org\/2000\/svg\" viewBox=\"0 0 512 512\" class=\"svg-inline--fa fa-chart-bar fa-w-16 fa-2x\"><path fill=\"currentColor\" d=\"M396.8 352h22.4c6.4 0 12.8-6.4 12.8-12.8V108.8c0-6.4-6.4-12.8-12.8-12.8h-22.4c-6.4 0-12.8 6.4-12.8 12.8v230.4c0 6.4 6.4 12.8 12.8 12.8zm-192 0h22.4c6.4 0 12.8-6.4 12.8-12.8V140.8c0-6.4-6.4-12.8-12.8-12.8h-22.4c-6.4 0-12.8 6.4-12.8 12.8v198.4c0 6.4 6.4 12.8 12.8 12.8zm96 0h22.4c6.4 0 12.8-6.4 12.8-12.8V204.8c0-6.4-6.4-12.8-12.8-12.8h-22.4c-6.4 0-12.8 6.4-12.8 12.8v134.4c0 6.4 6.4 12.8 12.8 12.8zM496 400H48V80c0-8.84-7.16-16-16-16H16C7.16 64 0 71.16 0 80v336c0 17.67 14.33 32 32 32h464c8.84 0 16-7.16 16-16v-16c0-8.84-7.16-16-16-16zm-387.2-48h22.4c6.4 0 12.8-6.4 12.8-12.8v-70.4c0-6.4-6.4-12.8-12.8-12.8h-22.4c-6.4 0-12.8 6.4-12.8 12.8v70.4c0 6.4 6.4 12.8 12.8 12.8z\" class=\"\"><\/path><\/svg><\/i> <img loading=\"lazy\" decoding=\"async\" width=\"16\" height=\"16\" alt=\"Loading\" src=\"https:\/\/temucotelevision.cl\/web\/wp-content\/plugins\/page-views-count\/ajax-loader-2x.gif\" border=0 \/><\/p><div class=\"pvc_clear\"><\/div>\n<p><strong>La<\/strong> <strong>ganadora del programa de televisi\u00f3n \u00bfQui\u00e9n es la M\u00e1scara? presenta \u201cEstabas ah\u00ed\u201d, una canci\u00f3n \u00edntima que llega a lo m\u00e1s profundo de los corazones que buscan una nueva oportunidad<\/strong><\/p>\n\n\n\n<p>La destacada cantante nacional, Daniela Castillo, estrena su nuevo single \u201cEstabas ah\u00ed\u201d. Esta balada llena de sentimiento, marca su regreso a la m\u00fasica luego de una pausa producto del fallecimiento de su padre y de su participaci\u00f3n en el programa \u00bfQui\u00e9n es la M\u00e1scara?, donde junto con ser la flamante ganadora de la primera temporada, se reencontr\u00f3 con la pasi\u00f3n de cantar.<\/p>\n\n\n\n<p>\u201cEsta es una canci\u00f3n muy \u00edntima que habla de la p\u00e9rdida de alguien que uno ama mucho y de la valent\u00eda de querer recuperar ese amor, en medio de tanta incertidumbre\u201d, comenta Daniela Castillo sobre su nuevo sencillo. En esta l\u00ednea, la cantante agrega que el prop\u00f3sito del tema es llegar a la fibra m\u00e1s honesta de lo que significa salvar una relaci\u00f3n, \u201creconstruyendo sensaciones, historias y recuerdos borrados por el tiempo, pero teniendo en cuenta que el poder del destino y del amor, es m\u00e1s fuerte que el miedo a no volver a probar\u201d.<\/p>\n\n\n\n<p>En cuanto al video clip, grabado en el Embalse de la Luz, ubicado en Placilla de Pe\u00f1uelas \u2013 V Regi\u00f3n-, Daniela Castillo se\u00f1ala que \u201cqued\u00f3 s\u00faper m\u00e1gico, con mucha naturaleza, mucho verde, y con im\u00e1genes que te llevan a un plano m\u00e1s general, no necesariamente al plano amoroso o de pareja\u201d.<\/p>\n\n\n\n<p>\u201cEstabas ah\u00ed\u201d fue escrita por Daniela con la colaboraci\u00f3n de Manu Burgos y Dani Ride, mientras que los arreglos estuvieron a cargo de Enzo Massardo, quien aport\u00f3 con un sonido m\u00e1s moderno a este single. \u201cDecidimos lanzar una balada, porque es lo que representa mi energ\u00eda en estos momentos\u201d, declara la artista, sin embargo aclara que es s\u00f3lo un alto en su renovada propuesta que la acerca potentemente al pop urbano, con temas como \u201cNada de na\u201d feat. Franco El Gorila, \u201cTe dejo ir\u201d y \u201cYa fue\u201d.<\/p>\n\n\n\n<figure class=\"wp-block-embed is-type-rich is-provider-incrustar-controlador wp-block-embed-incrustar-controlador wp-embed-aspect-16-9 wp-has-aspect-ratio\"><div class=\"wp-block-embed__wrapper\">\n<iframe loading=\"lazy\" title=\"Daniela Castillo - Estabas Ah\u00ed (Official Video)\" width=\"800\" height=\"450\" src=\"https:\/\/www.youtube.com\/embed\/sw7QdVW-ZF0?feature=oembed\" frameborder=\"0\" allow=\"accelerometer; autoplay; clipboard-write; encrypted-media; gyroscope; picture-in-picture\" allowfullscreen><\/iframe>\n<\/div><\/figure>\n\n\n\n<p><\/p>\n","protected":false},"excerpt":{"rendered":"<div class=\"pvc_clear\"><\/div>\n<p id=\"pvc_stats_29188\" class=\"pvc_stats total_only  \" data-element-id=\"29188\" style=\"\"><i class=\"pvc-stats-icon large\" aria-hidden=\"true\"><svg aria-hidden=\"true\" focusable=\"false\" data-prefix=\"far\" data-icon=\"chart-bar\" role=\"img\" xmlns=\"http:\/\/www.w3.org\/2000\/svg\" viewBox=\"0 0 512 512\" class=\"svg-inline--fa fa-chart-bar fa-w-16 fa-2x\"><path fill=\"currentColor\" d=\"M396.8 352h22.4c6.4 0 12.8-6.4 12.8-12.8V108.8c0-6.4-6.4-12.8-12.8-12.8h-22.4c-6.4 0-12.8 6.4-12.8 12.8v230.4c0 6.4 6.4 12.8 12.8 12.8zm-192 0h22.4c6.4 0 12.8-6.4 12.8-12.8V140.8c0-6.4-6.4-12.8-12.8-12.8h-22.4c-6.4 0-12.8 6.4-12.8 12.8v198.4c0 6.4 6.4 12.8 12.8 12.8zm96 0h22.4c6.4 0 12.8-6.4 12.8-12.8V204.8c0-6.4-6.4-12.8-12.8-12.8h-22.4c-6.4 0-12.8 6.4-12.8 12.8v134.4c0 6.4 6.4 12.8 12.8 12.8zM496 400H48V80c0-8.84-7.16-16-16-16H16C7.16 64 0 71.16 0 80v336c0 17.67 14.33 32 32 32h464c8.84 0 16-7.16 16-16v-16c0-8.84-7.16-16-16-16zm-387.2-48h22.4c6.4 0 12.8-6.4 12.8-12.8v-70.4c0-6.4-6.4-12.8-12.8-12.8h-22.4c-6.4 0-12.8 6.4-12.8 12.8v70.4c0 6.4 6.4 12.8 12.8 12.8z\" class=\"\"><\/path><\/svg><\/i> <img loading=\"lazy\" decoding=\"async\" width=\"16\" height=\"16\" alt=\"Loading\" src=\"https:\/\/temucotelevision.cl\/web\/wp-content\/plugins\/page-views-count\/ajax-loader-2x.gif\" border=0 \/><\/p>\n<div class=\"pvc_clear\"><\/div>\n<p>La ganadora del programa de televisi\u00f3n \u00bfQui\u00e9n es la M\u00e1scara? presenta \u201cEstabas ah\u00ed\u201d, una canci\u00f3n \u00edntima que llega a lo<\/p>\n","protected":false},"author":1,"featured_media":29190,"comment_status":"open","ping_status":"open","sticky":false,"template":"","format":"standard","meta":{"colormag_page_container_layout":"default_layout","colormag_page_sidebar_layout":"default_layout","footnotes":""},"categories":[369],"tags":[],"class_list":["post-29188","post","type-post","status-publish","format-standard","has-post-thumbnail","hentry","category-musica"],"a3_pvc":{"activated":true,"total_views":57,"today_views":0},"_links":{"self":[{"href":"https:\/\/temucotelevision.cl\/web\/wp-json\/wp\/v2\/posts\/29188","targetHints":{"allow":["GET"]}}],"collection":[{"href":"https:\/\/temucotelevision.cl\/web\/wp-json\/wp\/v2\/posts"}],"about":[{"href":"https:\/\/temucotelevision.cl\/web\/wp-json\/wp\/v2\/types\/post"}],"author":[{"embeddable":true,"href":"https:\/\/temucotelevision.cl\/web\/wp-json\/wp\/v2\/users\/1"}],"replies":[{"embeddable":true,"href":"https:\/\/temucotelevision.cl\/web\/wp-json\/wp\/v2\/comments?post=29188"}],"version-history":[{"count":1,"href":"https:\/\/temucotelevision.cl\/web\/wp-json\/wp\/v2\/posts\/29188\/revisions"}],"predecessor-version":[{"id":29191,"href":"https:\/\/temucotelevision.cl\/web\/wp-json\/wp\/v2\/posts\/29188\/revisions\/29191"}],"wp:featuredmedia":[{"embeddable":true,"href":"https:\/\/temucotelevision.cl\/web\/wp-json\/wp\/v2\/media\/29190"}],"wp:attachment":[{"href":"https:\/\/temucotelevision.cl\/web\/wp-json\/wp\/v2\/media?parent=29188"}],"wp:term":[{"taxonomy":"category","embeddable":true,"href":"https:\/\/temucotelevision.cl\/web\/wp-json\/wp\/v2\/categories?post=29188"},{"taxonomy":"post_tag","embeddable":true,"href":"https:\/\/temucotelevision.cl\/web\/wp-json\/wp\/v2\/tags?post=29188"}],"curies":[{"name":"wp","href":"https:\/\/api.w.org\/{rel}","templated":true}]}}