{"id":29185,"date":"2022-02-01T20:29:58","date_gmt":"2022-02-01T23:29:58","guid":{"rendered":"https:\/\/temucotelevision.cl\/web\/?p=29185"},"modified":"2022-02-01T20:30:00","modified_gmt":"2022-02-01T23:30:00","slug":"pedro-aznar-anuncia-concierto-en-movistar-arena","status":"publish","type":"post","link":"https:\/\/temucotelevision.cl\/web\/2022\/02\/01\/pedro-aznar-anuncia-concierto-en-movistar-arena\/","title":{"rendered":"Pedro Aznar anuncia concierto en Movistar Arena"},"content":{"rendered":"<div class=\"pvc_clear\"><\/div><p id=\"pvc_stats_29185\" class=\"pvc_stats total_only  \" data-element-id=\"29185\" style=\"\"><i class=\"pvc-stats-icon large\" aria-hidden=\"true\"><svg aria-hidden=\"true\" focusable=\"false\" data-prefix=\"far\" data-icon=\"chart-bar\" role=\"img\" xmlns=\"http:\/\/www.w3.org\/2000\/svg\" viewBox=\"0 0 512 512\" class=\"svg-inline--fa fa-chart-bar fa-w-16 fa-2x\"><path fill=\"currentColor\" d=\"M396.8 352h22.4c6.4 0 12.8-6.4 12.8-12.8V108.8c0-6.4-6.4-12.8-12.8-12.8h-22.4c-6.4 0-12.8 6.4-12.8 12.8v230.4c0 6.4 6.4 12.8 12.8 12.8zm-192 0h22.4c6.4 0 12.8-6.4 12.8-12.8V140.8c0-6.4-6.4-12.8-12.8-12.8h-22.4c-6.4 0-12.8 6.4-12.8 12.8v198.4c0 6.4 6.4 12.8 12.8 12.8zm96 0h22.4c6.4 0 12.8-6.4 12.8-12.8V204.8c0-6.4-6.4-12.8-12.8-12.8h-22.4c-6.4 0-12.8 6.4-12.8 12.8v134.4c0 6.4 6.4 12.8 12.8 12.8zM496 400H48V80c0-8.84-7.16-16-16-16H16C7.16 64 0 71.16 0 80v336c0 17.67 14.33 32 32 32h464c8.84 0 16-7.16 16-16v-16c0-8.84-7.16-16-16-16zm-387.2-48h22.4c6.4 0 12.8-6.4 12.8-12.8v-70.4c0-6.4-6.4-12.8-12.8-12.8h-22.4c-6.4 0-12.8 6.4-12.8 12.8v70.4c0 6.4 6.4 12.8 12.8 12.8z\" class=\"\"><\/path><\/svg><\/i> <img loading=\"lazy\" decoding=\"async\" width=\"16\" height=\"16\" alt=\"Loading\" src=\"https:\/\/temucotelevision.cl\/web\/wp-content\/plugins\/page-views-count\/ajax-loader-2x.gif\" border=0 \/><\/p><div class=\"pvc_clear\"><\/div>\n<p><strong>Luego de dos a\u00f1os de ausencia en los escenarios chilenos Pedro Aznar<\/strong> <strong>anuncia concierto en<\/strong> <strong>el Movistar Arena<\/strong>.<\/p>\n\n\n\n<p>El pr\u00f3ximo s\u00e1bado 12 de marzo, Pedro Aznar se reencontrar\u00e1 con el p\u00fablico nacional en un esperado concierto que realiza despu\u00e9s de dos a\u00f1os en el que producto de la pandemia se mantuvo en Argentina, pero siempre en contacto con sus fieles seguidores chilenos a trav\u00e9s del streaming y sus redes sociales. En \u201cTierra de hermanos\u201d, el m\u00fasico interpretar\u00e1 una selecci\u00f3n de sus m\u00e1s grandes \u00e9xitos, m\u00e1s algunas canciones junto a V\u00edctor Heredia, Elizabeth Morris, Nano Stern, Manuel Garc\u00eda y los ex Bipolares (Camilo Salinas, Danilo Donoso y Fernando Julio), adem\u00e1s de otros artistas por confirmar.<\/p>\n\n\n\n<p>Pedro Aznar, llegar\u00e1 d\u00edas antes del show para ensayar con los invitados y preparar numerosas sorpresas musicales en este concierto in\u00e9dito en Chile. En este espect\u00e1culo \u00edntimo pensado especialmente para el p\u00fablico chileno, el trasandino realizar\u00e1 un completo recorrido por su exitosa trayectoria, donde destacan temas como \u201cA primera vista\u201d, \u201cYa no hay forma de pedir perd\u00f3n\u201d, \u201cDream of the return\u201d y \u201cMientes\u201d, entre muchos otros.<\/p>\n\n\n\n<p>El t\u00edtulo \u201cTierra de hermanos\u201d, hace referencia a la hermandad entre ambas naciones y su cercan\u00eda con el p\u00fablico chileno, que lo ha seguido y acompa\u00f1ado en su trascendental historia art\u00edstica.<\/p>\n\n\n\n<p>Con m\u00e1s de 40 a\u00f1os de carrera, Aznar se ha consolidado como uno de los m\u00e1s cantantes m\u00e1s importantes de Latinoam\u00e9rica. En sus inicios, particip\u00f3 de agrupaciones como Madre At\u00f3mica, Ser\u00fa Gir\u00e1n y Pat Metheny Group, entre otros, as\u00ed como tambi\u00e9n ha colaborado con artistas de la importancia de Charly Garc\u00eda, Roger Waters, Spinetta Jade, Mercedes Sosa, Shakira, Pablo Milan\u00e9s y Manuel Garc\u00eda, por nombrar algunos.<\/p>\n\n\n\n<p>El concierto de Pedro Aznar \u201cTierra de hermanos\u201d es una imperdible oportunidad para disfrutar de su virtuosismo y calidad interpretativa. S\u00e1bado 12 de marzo de 2022, a las 20:30 horas, en el Movistar Arena. Entradas disponibles en PuntoTicket.<\/p>\n\n\n\n<figure class=\"wp-block-image\"><img decoding=\"async\" src=\"https:\/\/zumbido.cl\/wp-content\/uploads\/2022\/01\/Afiche-Aznar-1024x477.png\" alt=\"\"\/><\/figure>\n","protected":false},"excerpt":{"rendered":"<div class=\"pvc_clear\"><\/div>\n<p id=\"pvc_stats_29185\" class=\"pvc_stats total_only  \" data-element-id=\"29185\" style=\"\"><i class=\"pvc-stats-icon large\" aria-hidden=\"true\"><svg aria-hidden=\"true\" focusable=\"false\" data-prefix=\"far\" data-icon=\"chart-bar\" role=\"img\" xmlns=\"http:\/\/www.w3.org\/2000\/svg\" viewBox=\"0 0 512 512\" class=\"svg-inline--fa fa-chart-bar fa-w-16 fa-2x\"><path fill=\"currentColor\" d=\"M396.8 352h22.4c6.4 0 12.8-6.4 12.8-12.8V108.8c0-6.4-6.4-12.8-12.8-12.8h-22.4c-6.4 0-12.8 6.4-12.8 12.8v230.4c0 6.4 6.4 12.8 12.8 12.8zm-192 0h22.4c6.4 0 12.8-6.4 12.8-12.8V140.8c0-6.4-6.4-12.8-12.8-12.8h-22.4c-6.4 0-12.8 6.4-12.8 12.8v198.4c0 6.4 6.4 12.8 12.8 12.8zm96 0h22.4c6.4 0 12.8-6.4 12.8-12.8V204.8c0-6.4-6.4-12.8-12.8-12.8h-22.4c-6.4 0-12.8 6.4-12.8 12.8v134.4c0 6.4 6.4 12.8 12.8 12.8zM496 400H48V80c0-8.84-7.16-16-16-16H16C7.16 64 0 71.16 0 80v336c0 17.67 14.33 32 32 32h464c8.84 0 16-7.16 16-16v-16c0-8.84-7.16-16-16-16zm-387.2-48h22.4c6.4 0 12.8-6.4 12.8-12.8v-70.4c0-6.4-6.4-12.8-12.8-12.8h-22.4c-6.4 0-12.8 6.4-12.8 12.8v70.4c0 6.4 6.4 12.8 12.8 12.8z\" class=\"\"><\/path><\/svg><\/i> <img loading=\"lazy\" decoding=\"async\" width=\"16\" height=\"16\" alt=\"Loading\" src=\"https:\/\/temucotelevision.cl\/web\/wp-content\/plugins\/page-views-count\/ajax-loader-2x.gif\" border=0 \/><\/p>\n<div class=\"pvc_clear\"><\/div>\n<p>Luego de dos a\u00f1os de ausencia en los escenarios chilenos Pedro Aznar anuncia concierto en el Movistar Arena. El pr\u00f3ximo<\/p>\n","protected":false},"author":1,"featured_media":29186,"comment_status":"open","ping_status":"open","sticky":false,"template":"","format":"standard","meta":{"colormag_page_container_layout":"default_layout","colormag_page_sidebar_layout":"default_layout","footnotes":""},"categories":[369],"tags":[],"class_list":["post-29185","post","type-post","status-publish","format-standard","has-post-thumbnail","hentry","category-musica"],"a3_pvc":{"activated":true,"total_views":60,"today_views":0},"_links":{"self":[{"href":"https:\/\/temucotelevision.cl\/web\/wp-json\/wp\/v2\/posts\/29185","targetHints":{"allow":["GET"]}}],"collection":[{"href":"https:\/\/temucotelevision.cl\/web\/wp-json\/wp\/v2\/posts"}],"about":[{"href":"https:\/\/temucotelevision.cl\/web\/wp-json\/wp\/v2\/types\/post"}],"author":[{"embeddable":true,"href":"https:\/\/temucotelevision.cl\/web\/wp-json\/wp\/v2\/users\/1"}],"replies":[{"embeddable":true,"href":"https:\/\/temucotelevision.cl\/web\/wp-json\/wp\/v2\/comments?post=29185"}],"version-history":[{"count":1,"href":"https:\/\/temucotelevision.cl\/web\/wp-json\/wp\/v2\/posts\/29185\/revisions"}],"predecessor-version":[{"id":29187,"href":"https:\/\/temucotelevision.cl\/web\/wp-json\/wp\/v2\/posts\/29185\/revisions\/29187"}],"wp:featuredmedia":[{"embeddable":true,"href":"https:\/\/temucotelevision.cl\/web\/wp-json\/wp\/v2\/media\/29186"}],"wp:attachment":[{"href":"https:\/\/temucotelevision.cl\/web\/wp-json\/wp\/v2\/media?parent=29185"}],"wp:term":[{"taxonomy":"category","embeddable":true,"href":"https:\/\/temucotelevision.cl\/web\/wp-json\/wp\/v2\/categories?post=29185"},{"taxonomy":"post_tag","embeddable":true,"href":"https:\/\/temucotelevision.cl\/web\/wp-json\/wp\/v2\/tags?post=29185"}],"curies":[{"name":"wp","href":"https:\/\/api.w.org\/{rel}","templated":true}]}}