{"id":29177,"date":"2022-02-01T20:11:42","date_gmt":"2022-02-01T23:11:42","guid":{"rendered":"https:\/\/temucotelevision.cl\/web\/?p=29177"},"modified":"2022-02-01T20:11:44","modified_gmt":"2022-02-01T23:11:44","slug":"morete-presenta-su-sencillo-lagrimas-de-nino-ft-pancho-sazo","status":"publish","type":"post","link":"https:\/\/temucotelevision.cl\/web\/2022\/02\/01\/morete-presenta-su-sencillo-lagrimas-de-nino-ft-pancho-sazo\/","title":{"rendered":"Morete presenta su sencillo \u00abLagrimas de Ni\u00f1o\u00bb ft Pancho Sazo"},"content":{"rendered":"<div class=\"pvc_clear\"><\/div><p id=\"pvc_stats_29177\" class=\"pvc_stats total_only  \" data-element-id=\"29177\" style=\"\"><i class=\"pvc-stats-icon large\" aria-hidden=\"true\"><svg aria-hidden=\"true\" focusable=\"false\" data-prefix=\"far\" data-icon=\"chart-bar\" role=\"img\" xmlns=\"http:\/\/www.w3.org\/2000\/svg\" viewBox=\"0 0 512 512\" class=\"svg-inline--fa fa-chart-bar fa-w-16 fa-2x\"><path fill=\"currentColor\" d=\"M396.8 352h22.4c6.4 0 12.8-6.4 12.8-12.8V108.8c0-6.4-6.4-12.8-12.8-12.8h-22.4c-6.4 0-12.8 6.4-12.8 12.8v230.4c0 6.4 6.4 12.8 12.8 12.8zm-192 0h22.4c6.4 0 12.8-6.4 12.8-12.8V140.8c0-6.4-6.4-12.8-12.8-12.8h-22.4c-6.4 0-12.8 6.4-12.8 12.8v198.4c0 6.4 6.4 12.8 12.8 12.8zm96 0h22.4c6.4 0 12.8-6.4 12.8-12.8V204.8c0-6.4-6.4-12.8-12.8-12.8h-22.4c-6.4 0-12.8 6.4-12.8 12.8v134.4c0 6.4 6.4 12.8 12.8 12.8zM496 400H48V80c0-8.84-7.16-16-16-16H16C7.16 64 0 71.16 0 80v336c0 17.67 14.33 32 32 32h464c8.84 0 16-7.16 16-16v-16c0-8.84-7.16-16-16-16zm-387.2-48h22.4c6.4 0 12.8-6.4 12.8-12.8v-70.4c0-6.4-6.4-12.8-12.8-12.8h-22.4c-6.4 0-12.8 6.4-12.8 12.8v70.4c0 6.4 6.4 12.8 12.8 12.8z\" class=\"\"><\/path><\/svg><\/i> <img loading=\"lazy\" decoding=\"async\" width=\"16\" height=\"16\" alt=\"Loading\" src=\"https:\/\/temucotelevision.cl\/web\/wp-content\/plugins\/page-views-count\/ajax-loader-2x.gif\" border=0 \/><\/p><div class=\"pvc_clear\"><\/div>\n<p><strong>El talentoso artista de flamenco nacional, Juan Pablo Cofr\u00e9, \u00abMorete\u00bb, acaba de liberar en plataformas digitales el primer adelanto de lo que ser\u00e1 su segundo \u00e1lbum de estudio<\/strong>.<\/p>\n\n\n\n<p>Desde el 23 de enero esta disponible en plataformas digitales, \u00abLagrimas de Ni\u00f1o\u00bb, la nueva canci\u00f3n de MORETE que grab\u00f3 junto a Pancho Sazo, la hist\u00f3rica voz de Congreso. En un relato que adelanta lo que ser\u00e1 su segundo larga duraci\u00f3n editado por sello Mundovivo, donde la m\u00fasica y letra est\u00e1 compuesta por Morete, quien se inspira en la ni\u00f1ez, espec\u00edficamente en los ni\u00f1os del Sename, para plasmar lo que podr\u00eda sentir un ni\u00f1o que vive -o vivi\u00f3- en dicha instituci\u00f3n.<\/p>\n\n\n\n<p>\u00abLagrimas de ni\u00f1o\u00bb, fue estrenada oficialmente en vivo en la primera jornada del Festival M\u00fasicas del Mundo 2022 que se llev\u00f3 a cabo en Chimkowe, Pe\u00f1alol\u00e9n. Concierto que sirvi\u00f3 de pre lanzamiento para lo que ser\u00e1 la presentaci\u00f3n de \u00abPasajero\u00bb, su segundo disco de estudio, y tambi\u00e9n como muestra de su nueva banda que integra en el baile a P\u00eda Villar, en bajo a Mario Troncoso, sum\u00e1ndo a Juli\u00e1n Herreros y Francisco Delgado en cante, y en percusi\u00f3n a Felipe Candia.<\/p>\n\n\n\n<p>\u00abEs una canci\u00f3n m\u00e1s bien po\u00e9tica, con una base de flamenco y algunas percusiones para darle un color moderno y misterioso, pero mostrando de una manera muy clara la realidad de todas las ni\u00f1as y ni\u00f1os que no tienen derecho a vivir una ni\u00f1ez. Que se les corta la alegr\u00eda, las ganas de vivir, las posibilidades de jugar y se les refriega en su cara todo lo malo que les ofrece la sociedad debido a su condici\u00f3n social o simplemente econ\u00f3mica\u00bb, comenta \u00abMorete\u00bb.<\/p>\n\n\n\n<p>El single fue registrado en Estudio Santuario S\u00f3nico, mezclado y masterizado por Juan Pablo Quezada, mientras que el canto de Sazo fue grabado en Estudio Samadi de Valpara\u00edso, por Jaime Frez. Producido musicalmente por Felipe Candia y colaborando en cello Nelson Arriagada, Mario Troncoso en bajo, y en voz toda la genialidad de Pancho Sazo:<\/p>\n\n\n\n<p>\u00abLa colaboraci\u00f3n con Pancho Sazo se gest\u00f3 en una serie de conversaciones con Felipe Candia y Subhira, en donde llegamos a un consenso de que era muy importante de que esto lo cantara alguien con una voz emblem\u00e1tica de la m\u00fasica chilena, as\u00ed como yo comenc\u00e9 a componer las melod\u00edas de la voz pensando siempre en la figura de Pancho. Y su voz nos dio toda la emoci\u00f3n, sinceridad y realidad que necesit\u00e1bamos para la canci\u00f3n\u00bb, cuenta el guitarrista.<\/p>\n\n\n\n<p>El videoclip de \u00abLagrimas de ni\u00f1o\u00bb, fue dirigido por Esteban M\u00e9ndez, y evoca la nostalgia y emoci\u00f3n al visibilizar la ni\u00f1ez, con cuadros de ni\u00f1os jugando y viviendo momentos felices. Al mismo tiempo, P\u00eda Villa, plasma una especial coreograf\u00eda que interact\u00faa con la imaginer\u00eda de viejos juguetes y la participaci\u00f3n de los ni\u00f1os Mail\u00e9n Comigual Alegr\u00eda y Al\u00e9n Silva Cortez. Por su parte, la portada del single fue realizada por Omar Galindo.<\/p>\n\n\n\n<p>As\u00ed, \u00abMorete\u00bb, presenta una s\u00f3lida y virtuosa propuesta musical, de cante y baile flamenco. Con un elenco de primer nivel que se ha presentado en los principales escenarios del estilo en Chile. Su disco \u00abLugares\u00bb recibi\u00f3 aplausos de la cr\u00edtica especializada y del p\u00fablico general. Y ahora se encuentra ad portas del lanzamiento de su segundo \u00e1lbum \u00abPasajero\u00bb, cuyo primer single en promoci\u00f3n es \u00abLagrimas de ni\u00f1o\u00bb junto a Pancho Sazo.<\/p>\n\n\n\n<figure class=\"wp-block-embed is-type-rich is-provider-incrustar-controlador wp-block-embed-incrustar-controlador wp-embed-aspect-16-9 wp-has-aspect-ratio\"><div class=\"wp-block-embed__wrapper\">\n<iframe loading=\"lazy\" title=\"Morete ft Pancho Sazo - Lagrimas de Ni\u00f1o\" width=\"800\" height=\"450\" src=\"https:\/\/www.youtube.com\/embed\/jZhhi4c10zo?feature=oembed\" frameborder=\"0\" allow=\"accelerometer; autoplay; clipboard-write; encrypted-media; gyroscope; picture-in-picture\" allowfullscreen><\/iframe>\n<\/div><\/figure>\n","protected":false},"excerpt":{"rendered":"<div class=\"pvc_clear\"><\/div>\n<p id=\"pvc_stats_29177\" class=\"pvc_stats total_only  \" data-element-id=\"29177\" style=\"\"><i class=\"pvc-stats-icon large\" aria-hidden=\"true\"><svg aria-hidden=\"true\" focusable=\"false\" data-prefix=\"far\" data-icon=\"chart-bar\" role=\"img\" xmlns=\"http:\/\/www.w3.org\/2000\/svg\" viewBox=\"0 0 512 512\" class=\"svg-inline--fa fa-chart-bar fa-w-16 fa-2x\"><path fill=\"currentColor\" d=\"M396.8 352h22.4c6.4 0 12.8-6.4 12.8-12.8V108.8c0-6.4-6.4-12.8-12.8-12.8h-22.4c-6.4 0-12.8 6.4-12.8 12.8v230.4c0 6.4 6.4 12.8 12.8 12.8zm-192 0h22.4c6.4 0 12.8-6.4 12.8-12.8V140.8c0-6.4-6.4-12.8-12.8-12.8h-22.4c-6.4 0-12.8 6.4-12.8 12.8v198.4c0 6.4 6.4 12.8 12.8 12.8zm96 0h22.4c6.4 0 12.8-6.4 12.8-12.8V204.8c0-6.4-6.4-12.8-12.8-12.8h-22.4c-6.4 0-12.8 6.4-12.8 12.8v134.4c0 6.4 6.4 12.8 12.8 12.8zM496 400H48V80c0-8.84-7.16-16-16-16H16C7.16 64 0 71.16 0 80v336c0 17.67 14.33 32 32 32h464c8.84 0 16-7.16 16-16v-16c0-8.84-7.16-16-16-16zm-387.2-48h22.4c6.4 0 12.8-6.4 12.8-12.8v-70.4c0-6.4-6.4-12.8-12.8-12.8h-22.4c-6.4 0-12.8 6.4-12.8 12.8v70.4c0 6.4 6.4 12.8 12.8 12.8z\" class=\"\"><\/path><\/svg><\/i> <img loading=\"lazy\" decoding=\"async\" width=\"16\" height=\"16\" alt=\"Loading\" src=\"https:\/\/temucotelevision.cl\/web\/wp-content\/plugins\/page-views-count\/ajax-loader-2x.gif\" border=0 \/><\/p>\n<div class=\"pvc_clear\"><\/div>\n<p>El talentoso artista de flamenco nacional, Juan Pablo Cofr\u00e9, \u00abMorete\u00bb, acaba de liberar en plataformas digitales el primer adelanto de<\/p>\n","protected":false},"author":1,"featured_media":29179,"comment_status":"open","ping_status":"open","sticky":false,"template":"","format":"standard","meta":{"colormag_page_container_layout":"default_layout","colormag_page_sidebar_layout":"default_layout","footnotes":""},"categories":[369],"tags":[],"class_list":["post-29177","post","type-post","status-publish","format-standard","has-post-thumbnail","hentry","category-musica"],"a3_pvc":{"activated":true,"total_views":52,"today_views":0},"_links":{"self":[{"href":"https:\/\/temucotelevision.cl\/web\/wp-json\/wp\/v2\/posts\/29177","targetHints":{"allow":["GET"]}}],"collection":[{"href":"https:\/\/temucotelevision.cl\/web\/wp-json\/wp\/v2\/posts"}],"about":[{"href":"https:\/\/temucotelevision.cl\/web\/wp-json\/wp\/v2\/types\/post"}],"author":[{"embeddable":true,"href":"https:\/\/temucotelevision.cl\/web\/wp-json\/wp\/v2\/users\/1"}],"replies":[{"embeddable":true,"href":"https:\/\/temucotelevision.cl\/web\/wp-json\/wp\/v2\/comments?post=29177"}],"version-history":[{"count":1,"href":"https:\/\/temucotelevision.cl\/web\/wp-json\/wp\/v2\/posts\/29177\/revisions"}],"predecessor-version":[{"id":29180,"href":"https:\/\/temucotelevision.cl\/web\/wp-json\/wp\/v2\/posts\/29177\/revisions\/29180"}],"wp:featuredmedia":[{"embeddable":true,"href":"https:\/\/temucotelevision.cl\/web\/wp-json\/wp\/v2\/media\/29179"}],"wp:attachment":[{"href":"https:\/\/temucotelevision.cl\/web\/wp-json\/wp\/v2\/media?parent=29177"}],"wp:term":[{"taxonomy":"category","embeddable":true,"href":"https:\/\/temucotelevision.cl\/web\/wp-json\/wp\/v2\/categories?post=29177"},{"taxonomy":"post_tag","embeddable":true,"href":"https:\/\/temucotelevision.cl\/web\/wp-json\/wp\/v2\/tags?post=29177"}],"curies":[{"name":"wp","href":"https:\/\/api.w.org\/{rel}","templated":true}]}}