{"id":29174,"date":"2022-02-01T20:05:28","date_gmt":"2022-02-01T23:05:28","guid":{"rendered":"https:\/\/temucotelevision.cl\/web\/?p=29174"},"modified":"2022-02-01T20:05:30","modified_gmt":"2022-02-01T23:05:30","slug":"gipsy-kings-by-andre-reyes-vuelve-a-chile","status":"publish","type":"post","link":"https:\/\/temucotelevision.cl\/web\/2022\/02\/01\/gipsy-kings-by-andre-reyes-vuelve-a-chile\/","title":{"rendered":"Gipsy Kings by Andr\u00e9 Reyes vuelve a Chile"},"content":{"rendered":"<div class=\"pvc_clear\"><\/div><p id=\"pvc_stats_29174\" class=\"pvc_stats total_only  \" data-element-id=\"29174\" style=\"\"><i class=\"pvc-stats-icon large\" aria-hidden=\"true\"><svg aria-hidden=\"true\" focusable=\"false\" data-prefix=\"far\" data-icon=\"chart-bar\" role=\"img\" xmlns=\"http:\/\/www.w3.org\/2000\/svg\" viewBox=\"0 0 512 512\" class=\"svg-inline--fa fa-chart-bar fa-w-16 fa-2x\"><path fill=\"currentColor\" d=\"M396.8 352h22.4c6.4 0 12.8-6.4 12.8-12.8V108.8c0-6.4-6.4-12.8-12.8-12.8h-22.4c-6.4 0-12.8 6.4-12.8 12.8v230.4c0 6.4 6.4 12.8 12.8 12.8zm-192 0h22.4c6.4 0 12.8-6.4 12.8-12.8V140.8c0-6.4-6.4-12.8-12.8-12.8h-22.4c-6.4 0-12.8 6.4-12.8 12.8v198.4c0 6.4 6.4 12.8 12.8 12.8zm96 0h22.4c6.4 0 12.8-6.4 12.8-12.8V204.8c0-6.4-6.4-12.8-12.8-12.8h-22.4c-6.4 0-12.8 6.4-12.8 12.8v134.4c0 6.4 6.4 12.8 12.8 12.8zM496 400H48V80c0-8.84-7.16-16-16-16H16C7.16 64 0 71.16 0 80v336c0 17.67 14.33 32 32 32h464c8.84 0 16-7.16 16-16v-16c0-8.84-7.16-16-16-16zm-387.2-48h22.4c6.4 0 12.8-6.4 12.8-12.8v-70.4c0-6.4-6.4-12.8-12.8-12.8h-22.4c-6.4 0-12.8 6.4-12.8 12.8v70.4c0 6.4 6.4 12.8 12.8 12.8z\" class=\"\"><\/path><\/svg><\/i> <img loading=\"lazy\" decoding=\"async\" width=\"16\" height=\"16\" alt=\"Loading\" src=\"https:\/\/temucotelevision.cl\/web\/wp-content\/plugins\/page-views-count\/ajax-loader-2x.gif\" border=0 \/><\/p><div class=\"pvc_clear\"><\/div>\n<p><strong>\u00a1Prep\u00e1rate para una noche de flamenco! Gipsy Kings by Andr\u00e9 Reyes vuelve a Chile<\/strong><\/p>\n\n\n\n<p>Los \u00edconos de la rumba flamenca vuelven a tocar suelo chileno este 6 de marzo en la Quinta Vergara de Vi\u00f1a del Mar, de la mano de Andr\u00e9 Reyes. Su \u00faltima vez en nuestro pa\u00eds fue en el 2018, por lo que tras 4 a\u00f1os prometen revivir una velada llena de sus \u00e9xitos como Djobi Djoba, Bamboleo y Baila Baila.<\/p>\n\n\n\n<p>Con m\u00e1s de 30 a\u00f1os de trayectoria, la banda francesa conformada por hijos de emigrantes gitanos espa\u00f1oles, presentar\u00e1n su \u00abNac\u00ed Gitano\u00bb Tour by Andr\u00e9 Reyes.&nbsp;<\/p>\n\n\n\n<p>Hace alg\u00fan tiempo, el conjunto cuenta con dos versiones, ambas compuestas por parte de sus integrantes originales. Por un lado, la agrupaci\u00f3n liderada por Nicol\u00e1s Reyes y Tonino Baliardo, y en paralelo la formaci\u00f3n que tambi\u00e9n se presenta en vivo en distintos pa\u00edses, encabezada por Reyes,&nbsp; uno de los m\u00fasicos fundadores que form\u00f3 la banda a finales de los a\u00f1os 70.<\/p>\n\n\n\n<p>Reyes fue uno de los miembros de la banda original Gipsy Kings, junto a su hermano Nicol\u00e1s Reyes. Hace unos 4 a\u00f1os, Andr\u00e9\u0301 se separ\u00f3 de la banda por motivos personales, comenzando su nueva carrera bajo el nombre de Gipsy Kings de Andr\u00e9\u0301 Reyes. Esta banda est\u00e1 formada por miembros de la familia Reyes: el propio Andr\u00e9\u0301, su hijo, sobrinos, y primos.<\/p>\n\n\n\n<p>No te pierdas una noche para bailar al ritmo de la m\u00fasica de Gipsy Kings de Andr\u00e9 Reyes. Venta de entradas desde este mi\u00e9rcoles 26 por PuntoTicket.<\/p>\n\n\n\n<figure class=\"wp-block-image\"><img decoding=\"async\" src=\"https:\/\/zumbido.cl\/wp-content\/uploads\/2022\/01\/a50657a3-0ab6-3638-89a1-a251e4f16f08-1024x1024.jpg\" alt=\"\"\/><\/figure>\n","protected":false},"excerpt":{"rendered":"<div class=\"pvc_clear\"><\/div>\n<p id=\"pvc_stats_29174\" class=\"pvc_stats total_only  \" data-element-id=\"29174\" style=\"\"><i class=\"pvc-stats-icon large\" aria-hidden=\"true\"><svg aria-hidden=\"true\" focusable=\"false\" data-prefix=\"far\" data-icon=\"chart-bar\" role=\"img\" xmlns=\"http:\/\/www.w3.org\/2000\/svg\" viewBox=\"0 0 512 512\" class=\"svg-inline--fa fa-chart-bar fa-w-16 fa-2x\"><path fill=\"currentColor\" d=\"M396.8 352h22.4c6.4 0 12.8-6.4 12.8-12.8V108.8c0-6.4-6.4-12.8-12.8-12.8h-22.4c-6.4 0-12.8 6.4-12.8 12.8v230.4c0 6.4 6.4 12.8 12.8 12.8zm-192 0h22.4c6.4 0 12.8-6.4 12.8-12.8V140.8c0-6.4-6.4-12.8-12.8-12.8h-22.4c-6.4 0-12.8 6.4-12.8 12.8v198.4c0 6.4 6.4 12.8 12.8 12.8zm96 0h22.4c6.4 0 12.8-6.4 12.8-12.8V204.8c0-6.4-6.4-12.8-12.8-12.8h-22.4c-6.4 0-12.8 6.4-12.8 12.8v134.4c0 6.4 6.4 12.8 12.8 12.8zM496 400H48V80c0-8.84-7.16-16-16-16H16C7.16 64 0 71.16 0 80v336c0 17.67 14.33 32 32 32h464c8.84 0 16-7.16 16-16v-16c0-8.84-7.16-16-16-16zm-387.2-48h22.4c6.4 0 12.8-6.4 12.8-12.8v-70.4c0-6.4-6.4-12.8-12.8-12.8h-22.4c-6.4 0-12.8 6.4-12.8 12.8v70.4c0 6.4 6.4 12.8 12.8 12.8z\" class=\"\"><\/path><\/svg><\/i> <img loading=\"lazy\" decoding=\"async\" width=\"16\" height=\"16\" alt=\"Loading\" src=\"https:\/\/temucotelevision.cl\/web\/wp-content\/plugins\/page-views-count\/ajax-loader-2x.gif\" border=0 \/><\/p>\n<div class=\"pvc_clear\"><\/div>\n<p>\u00a1Prep\u00e1rate para una noche de flamenco! Gipsy Kings by Andr\u00e9 Reyes vuelve a Chile Los \u00edconos de la rumba flamenca<\/p>\n","protected":false},"author":1,"featured_media":29175,"comment_status":"open","ping_status":"open","sticky":false,"template":"","format":"standard","meta":{"colormag_page_container_layout":"default_layout","colormag_page_sidebar_layout":"default_layout","footnotes":""},"categories":[369],"tags":[],"class_list":["post-29174","post","type-post","status-publish","format-standard","has-post-thumbnail","hentry","category-musica"],"a3_pvc":{"activated":true,"total_views":390,"today_views":0},"_links":{"self":[{"href":"https:\/\/temucotelevision.cl\/web\/wp-json\/wp\/v2\/posts\/29174","targetHints":{"allow":["GET"]}}],"collection":[{"href":"https:\/\/temucotelevision.cl\/web\/wp-json\/wp\/v2\/posts"}],"about":[{"href":"https:\/\/temucotelevision.cl\/web\/wp-json\/wp\/v2\/types\/post"}],"author":[{"embeddable":true,"href":"https:\/\/temucotelevision.cl\/web\/wp-json\/wp\/v2\/users\/1"}],"replies":[{"embeddable":true,"href":"https:\/\/temucotelevision.cl\/web\/wp-json\/wp\/v2\/comments?post=29174"}],"version-history":[{"count":1,"href":"https:\/\/temucotelevision.cl\/web\/wp-json\/wp\/v2\/posts\/29174\/revisions"}],"predecessor-version":[{"id":29176,"href":"https:\/\/temucotelevision.cl\/web\/wp-json\/wp\/v2\/posts\/29174\/revisions\/29176"}],"wp:featuredmedia":[{"embeddable":true,"href":"https:\/\/temucotelevision.cl\/web\/wp-json\/wp\/v2\/media\/29175"}],"wp:attachment":[{"href":"https:\/\/temucotelevision.cl\/web\/wp-json\/wp\/v2\/media?parent=29174"}],"wp:term":[{"taxonomy":"category","embeddable":true,"href":"https:\/\/temucotelevision.cl\/web\/wp-json\/wp\/v2\/categories?post=29174"},{"taxonomy":"post_tag","embeddable":true,"href":"https:\/\/temucotelevision.cl\/web\/wp-json\/wp\/v2\/tags?post=29174"}],"curies":[{"name":"wp","href":"https:\/\/api.w.org\/{rel}","templated":true}]}}