{"id":29170,"date":"2022-02-01T20:16:06","date_gmt":"2022-02-01T23:16:06","guid":{"rendered":"https:\/\/temucotelevision.cl\/web\/?p=29170"},"modified":"2022-02-01T20:16:07","modified_gmt":"2022-02-01T23:16:07","slug":"vesta-lugg-llega-a-mostrar-su-nuevo-single-no-somos-buenxs","status":"publish","type":"post","link":"https:\/\/temucotelevision.cl\/web\/2022\/02\/01\/vesta-lugg-llega-a-mostrar-su-nuevo-single-no-somos-buenxs\/","title":{"rendered":"Vesta Lugg llega a mostrar su Nuevo Single \u00abNo Somos Buenxs\u00bb"},"content":{"rendered":"<div class=\"pvc_clear\"><\/div><p id=\"pvc_stats_29170\" class=\"pvc_stats total_only  \" data-element-id=\"29170\" style=\"\"><i class=\"pvc-stats-icon large\" aria-hidden=\"true\"><svg aria-hidden=\"true\" focusable=\"false\" data-prefix=\"far\" data-icon=\"chart-bar\" role=\"img\" xmlns=\"http:\/\/www.w3.org\/2000\/svg\" viewBox=\"0 0 512 512\" class=\"svg-inline--fa fa-chart-bar fa-w-16 fa-2x\"><path fill=\"currentColor\" d=\"M396.8 352h22.4c6.4 0 12.8-6.4 12.8-12.8V108.8c0-6.4-6.4-12.8-12.8-12.8h-22.4c-6.4 0-12.8 6.4-12.8 12.8v230.4c0 6.4 6.4 12.8 12.8 12.8zm-192 0h22.4c6.4 0 12.8-6.4 12.8-12.8V140.8c0-6.4-6.4-12.8-12.8-12.8h-22.4c-6.4 0-12.8 6.4-12.8 12.8v198.4c0 6.4 6.4 12.8 12.8 12.8zm96 0h22.4c6.4 0 12.8-6.4 12.8-12.8V204.8c0-6.4-6.4-12.8-12.8-12.8h-22.4c-6.4 0-12.8 6.4-12.8 12.8v134.4c0 6.4 6.4 12.8 12.8 12.8zM496 400H48V80c0-8.84-7.16-16-16-16H16C7.16 64 0 71.16 0 80v336c0 17.67 14.33 32 32 32h464c8.84 0 16-7.16 16-16v-16c0-8.84-7.16-16-16-16zm-387.2-48h22.4c6.4 0 12.8-6.4 12.8-12.8v-70.4c0-6.4-6.4-12.8-12.8-12.8h-22.4c-6.4 0-12.8 6.4-12.8 12.8v70.4c0 6.4 6.4 12.8 12.8 12.8z\" class=\"\"><\/path><\/svg><\/i> <img loading=\"lazy\" decoding=\"async\" width=\"16\" height=\"16\" alt=\"Loading\" src=\"https:\/\/temucotelevision.cl\/web\/wp-content\/plugins\/page-views-count\/ajax-loader-2x.gif\" border=0 \/><\/p><div class=\"pvc_clear\"><\/div>\n<p>La cantante y compositora Vesta Lugg llega en pleno verano a presentar su nuevo sencillo titulado \u00abNo Somos Buenxs\u00bb, junto al m\u00fasico urbano Pablo Feli\u00fa. La canci\u00f3n nace de las ganas de ambos de trabajar juntos y fue compuesta de manera muy natural. En ella se escuchan sonidos de rock con una letra que invita a perderse un poco en la locura.<\/p>\n\n\n\n<p>\u00abEsta canci\u00f3n nace de las ganas mutuas entre ambos de querer hacer algo ca\u00f3tico con momentos del rock-pop que escuchaba cuando era ni\u00f1a, ya sea a Avril Lavigne, My Chemical Romance, Blink-182, Simple Plan, son todos artistas y bandas que formaron parte de mis primeros a\u00f1os de fan\u00bb, coment\u00f3 la cantante.<\/p>\n\n\n\n<p>La letra, con tintes de humor, est\u00e1 inspirada en una fiesta de disfraces en la que particip\u00f3 junto a su novio hace un tiempo atr\u00e1s.&nbsp;\u00abQuer\u00edamos hablar acerca del caos que se vive dentro del amor y nace desde una fiesta de disfraces a la que fui con mi pololo, en Argentina, cuando ambos nos disfrazamos de Harley Quinn y el Joker (la popular serie animada). Esos son los personajes que nos est\u00e1n hablando a trav\u00e9s de \u2018No Somos Buenxs&#8217;\u00bb. En la direcci\u00f3n del video estuvo Felipe Prado y fue producido por Pablo Feli\u00fa.<\/p>\n\n\n\n<p>Sobre el trabajo con Pablo, Vesta coment\u00f3, \u00abTrabajar con Pablo fue bac\u00e1n. Es realmente un genio loco. Algunas veces muy genio y alguna vez muy loco, el primer d\u00eda que fuimos al estudio naci\u00f3 la letra de forma tan org\u00e1nica y ca\u00f3tica a la vez, que hizo todo el sentido del mundo que \u00e9sta fuera la primera colaboraci\u00f3n del disco. Viene con una mentalidad tan fresca de c\u00f3mo hacer las cosas y realmente un placer ser mujer y trabajar con hombres as\u00ed\u00bb.&nbsp;<\/p>\n\n\n\n<p>Este es el cuarto tema que Vesta edita junto a la multinacional Warner Music. \u00abEl Contrato\u00bb (m\u00e1s de 340.000 visitas en YouTube), \u00abVioleta\u00bb (m\u00e1s de 500.000 visitas en YouTube) y \u00abAlas Desatadas\u00bb, son los sencillos anteriores, con los que Vesta se ha ganado un nombre en la escena local e internacional.&nbsp;<\/p>\n\n\n\n<figure class=\"wp-block-embed is-type-rich is-provider-incrustar-controlador wp-block-embed-incrustar-controlador wp-embed-aspect-16-9 wp-has-aspect-ratio\"><div class=\"wp-block-embed__wrapper\">\n<iframe loading=\"lazy\" title=\"Vesta Lugg - No Somos Buenxs (feat. Pablo Feliu) [video oficial]\" width=\"800\" height=\"450\" src=\"https:\/\/www.youtube.com\/embed\/OHeon-A5VdA?feature=oembed\" frameborder=\"0\" allow=\"accelerometer; autoplay; clipboard-write; encrypted-media; gyroscope; picture-in-picture\" allowfullscreen><\/iframe>\n<\/div><\/figure>\n","protected":false},"excerpt":{"rendered":"<div class=\"pvc_clear\"><\/div>\n<p id=\"pvc_stats_29170\" class=\"pvc_stats total_only  \" data-element-id=\"29170\" style=\"\"><i class=\"pvc-stats-icon large\" aria-hidden=\"true\"><svg aria-hidden=\"true\" focusable=\"false\" data-prefix=\"far\" data-icon=\"chart-bar\" role=\"img\" xmlns=\"http:\/\/www.w3.org\/2000\/svg\" viewBox=\"0 0 512 512\" class=\"svg-inline--fa fa-chart-bar fa-w-16 fa-2x\"><path fill=\"currentColor\" d=\"M396.8 352h22.4c6.4 0 12.8-6.4 12.8-12.8V108.8c0-6.4-6.4-12.8-12.8-12.8h-22.4c-6.4 0-12.8 6.4-12.8 12.8v230.4c0 6.4 6.4 12.8 12.8 12.8zm-192 0h22.4c6.4 0 12.8-6.4 12.8-12.8V140.8c0-6.4-6.4-12.8-12.8-12.8h-22.4c-6.4 0-12.8 6.4-12.8 12.8v198.4c0 6.4 6.4 12.8 12.8 12.8zm96 0h22.4c6.4 0 12.8-6.4 12.8-12.8V204.8c0-6.4-6.4-12.8-12.8-12.8h-22.4c-6.4 0-12.8 6.4-12.8 12.8v134.4c0 6.4 6.4 12.8 12.8 12.8zM496 400H48V80c0-8.84-7.16-16-16-16H16C7.16 64 0 71.16 0 80v336c0 17.67 14.33 32 32 32h464c8.84 0 16-7.16 16-16v-16c0-8.84-7.16-16-16-16zm-387.2-48h22.4c6.4 0 12.8-6.4 12.8-12.8v-70.4c0-6.4-6.4-12.8-12.8-12.8h-22.4c-6.4 0-12.8 6.4-12.8 12.8v70.4c0 6.4 6.4 12.8 12.8 12.8z\" class=\"\"><\/path><\/svg><\/i> <img loading=\"lazy\" decoding=\"async\" width=\"16\" height=\"16\" alt=\"Loading\" src=\"https:\/\/temucotelevision.cl\/web\/wp-content\/plugins\/page-views-count\/ajax-loader-2x.gif\" border=0 \/><\/p>\n<div class=\"pvc_clear\"><\/div>\n<p>La cantante y compositora Vesta Lugg llega en pleno verano a presentar su nuevo sencillo titulado \u00abNo Somos Buenxs\u00bb, junto<\/p>\n","protected":false},"author":1,"featured_media":29172,"comment_status":"open","ping_status":"open","sticky":false,"template":"","format":"standard","meta":{"colormag_page_container_layout":"default_layout","colormag_page_sidebar_layout":"default_layout","footnotes":""},"categories":[369],"tags":[],"class_list":["post-29170","post","type-post","status-publish","format-standard","has-post-thumbnail","hentry","category-musica"],"a3_pvc":{"activated":true,"total_views":232,"today_views":0},"_links":{"self":[{"href":"https:\/\/temucotelevision.cl\/web\/wp-json\/wp\/v2\/posts\/29170","targetHints":{"allow":["GET"]}}],"collection":[{"href":"https:\/\/temucotelevision.cl\/web\/wp-json\/wp\/v2\/posts"}],"about":[{"href":"https:\/\/temucotelevision.cl\/web\/wp-json\/wp\/v2\/types\/post"}],"author":[{"embeddable":true,"href":"https:\/\/temucotelevision.cl\/web\/wp-json\/wp\/v2\/users\/1"}],"replies":[{"embeddable":true,"href":"https:\/\/temucotelevision.cl\/web\/wp-json\/wp\/v2\/comments?post=29170"}],"version-history":[{"count":2,"href":"https:\/\/temucotelevision.cl\/web\/wp-json\/wp\/v2\/posts\/29170\/revisions"}],"predecessor-version":[{"id":29181,"href":"https:\/\/temucotelevision.cl\/web\/wp-json\/wp\/v2\/posts\/29170\/revisions\/29181"}],"wp:featuredmedia":[{"embeddable":true,"href":"https:\/\/temucotelevision.cl\/web\/wp-json\/wp\/v2\/media\/29172"}],"wp:attachment":[{"href":"https:\/\/temucotelevision.cl\/web\/wp-json\/wp\/v2\/media?parent=29170"}],"wp:term":[{"taxonomy":"category","embeddable":true,"href":"https:\/\/temucotelevision.cl\/web\/wp-json\/wp\/v2\/categories?post=29170"},{"taxonomy":"post_tag","embeddable":true,"href":"https:\/\/temucotelevision.cl\/web\/wp-json\/wp\/v2\/tags?post=29170"}],"curies":[{"name":"wp","href":"https:\/\/api.w.org\/{rel}","templated":true}]}}