{"id":29166,"date":"2022-02-01T19:58:15","date_gmt":"2022-02-01T22:58:15","guid":{"rendered":"https:\/\/temucotelevision.cl\/web\/?p=29166"},"modified":"2022-02-01T19:58:16","modified_gmt":"2022-02-01T22:58:16","slug":"los-autenticos-decadentes-presentan-jurabas-tu-ft-los-palmeras","status":"publish","type":"post","link":"https:\/\/temucotelevision.cl\/web\/2022\/02\/01\/los-autenticos-decadentes-presentan-jurabas-tu-ft-los-palmeras\/","title":{"rendered":"Los Aut\u00e9nticos Decadentes presentan \u00abJurabas t\u00fa\u00bb ft Los Palmeras"},"content":{"rendered":"<div class=\"pvc_clear\"><\/div><p id=\"pvc_stats_29166\" class=\"pvc_stats total_only  \" data-element-id=\"29166\" style=\"\"><i class=\"pvc-stats-icon large\" aria-hidden=\"true\"><svg aria-hidden=\"true\" focusable=\"false\" data-prefix=\"far\" data-icon=\"chart-bar\" role=\"img\" xmlns=\"http:\/\/www.w3.org\/2000\/svg\" viewBox=\"0 0 512 512\" class=\"svg-inline--fa fa-chart-bar fa-w-16 fa-2x\"><path fill=\"currentColor\" d=\"M396.8 352h22.4c6.4 0 12.8-6.4 12.8-12.8V108.8c0-6.4-6.4-12.8-12.8-12.8h-22.4c-6.4 0-12.8 6.4-12.8 12.8v230.4c0 6.4 6.4 12.8 12.8 12.8zm-192 0h22.4c6.4 0 12.8-6.4 12.8-12.8V140.8c0-6.4-6.4-12.8-12.8-12.8h-22.4c-6.4 0-12.8 6.4-12.8 12.8v198.4c0 6.4 6.4 12.8 12.8 12.8zm96 0h22.4c6.4 0 12.8-6.4 12.8-12.8V204.8c0-6.4-6.4-12.8-12.8-12.8h-22.4c-6.4 0-12.8 6.4-12.8 12.8v134.4c0 6.4 6.4 12.8 12.8 12.8zM496 400H48V80c0-8.84-7.16-16-16-16H16C7.16 64 0 71.16 0 80v336c0 17.67 14.33 32 32 32h464c8.84 0 16-7.16 16-16v-16c0-8.84-7.16-16-16-16zm-387.2-48h22.4c6.4 0 12.8-6.4 12.8-12.8v-70.4c0-6.4-6.4-12.8-12.8-12.8h-22.4c-6.4 0-12.8 6.4-12.8 12.8v70.4c0 6.4 6.4 12.8 12.8 12.8z\" class=\"\"><\/path><\/svg><\/i> <img loading=\"lazy\" decoding=\"async\" width=\"16\" height=\"16\" alt=\"Loading\" src=\"https:\/\/temucotelevision.cl\/web\/wp-content\/plugins\/page-views-count\/ajax-loader-2x.gif\" border=0 \/><\/p><div class=\"pvc_clear\"><\/div>\n<p>En el marco de su 35 Aniversario, Los Aut\u00e9nticos Decadentes inician una nueva etapa de la trilog\u00eda discogr\u00e1fica A D N, el proyecto que recorre sus ra\u00edces seminales a lo largo de tres discos en los que, con oficio y respeto, los \u00abreyes de la canci\u00f3n\u00bb versionan cl\u00e1sicos de la m\u00fasica popular de las \u00faltimas d\u00e9cadas. En esta oportunidad, los Deca presentan \u00abJurabas t\u00fa\u00bb en colaboraci\u00f3n de lujo con el grupo n\u00famero uno de la m\u00fasica tropical argentina Los Palmeras, que se encuentran celebrando unos impresionantes 50 a\u00f1os de carrera. Esta canci\u00f3n se convierte en el primer avance y single oficial de Cap\u00edtulo D, segundo \u00e1lbum de la triada ADN, que ser\u00e1 lanzado en el mes de abril.<\/p>\n\n\n\n<p>\u00abJurabas t\u00fa\u00bb es una obra original de Los del fuego, banda \u00edcono de la cumbia santafesina cuyas estrofas son un cl\u00e1sico infaltatable en las fiestas populares y estadios de f\u00fatbol de Argentina. Una \u00abrola\u00bb encantadoramente irresistible que, interpretada con amor y maestr\u00eda por dos gigantes de la m\u00fasica, pondr\u00e1 a bailar a todos en cada rinc\u00f3n de Am\u00e9rica Latina y del mundo.<\/p>\n\n\n\n<p>La versi\u00f3n fue producida art\u00edsticamente por Mart\u00edn \u00abMoska\u00bb Lorenzo, Mariano Franceschelli y Los Aut\u00e9nticos Decadentes, con mezcla y mastering de Gustavo Borner en los estudios Igloo Music de Los Angeles. El arte es de Alejandro Ros y el videoclip que acompa\u00f1a el estreno fue registrado en Buenos Aires bajo la direcci\u00f3n de Octavio \u00abEl Vikingo\u00bb Lovisolo.<\/p>\n\n\n\n<figure class=\"wp-block-embed is-type-rich is-provider-incrustar-controlador wp-block-embed-incrustar-controlador wp-embed-aspect-16-9 wp-has-aspect-ratio\"><div class=\"wp-block-embed__wrapper\">\n<iframe loading=\"lazy\" title=\"Los Aut\u00e9nticos Decadentes ft Los Palmeras - Jurabas t\u00fa (video oficial)\" width=\"800\" height=\"450\" src=\"https:\/\/www.youtube.com\/embed\/CQmGAi5oKBo?feature=oembed\" frameborder=\"0\" allow=\"accelerometer; autoplay; clipboard-write; encrypted-media; gyroscope; picture-in-picture\" allowfullscreen><\/iframe>\n<\/div><\/figure>\n","protected":false},"excerpt":{"rendered":"<div class=\"pvc_clear\"><\/div>\n<p id=\"pvc_stats_29166\" class=\"pvc_stats total_only  \" data-element-id=\"29166\" style=\"\"><i class=\"pvc-stats-icon large\" aria-hidden=\"true\"><svg aria-hidden=\"true\" focusable=\"false\" data-prefix=\"far\" data-icon=\"chart-bar\" role=\"img\" xmlns=\"http:\/\/www.w3.org\/2000\/svg\" viewBox=\"0 0 512 512\" class=\"svg-inline--fa fa-chart-bar fa-w-16 fa-2x\"><path fill=\"currentColor\" d=\"M396.8 352h22.4c6.4 0 12.8-6.4 12.8-12.8V108.8c0-6.4-6.4-12.8-12.8-12.8h-22.4c-6.4 0-12.8 6.4-12.8 12.8v230.4c0 6.4 6.4 12.8 12.8 12.8zm-192 0h22.4c6.4 0 12.8-6.4 12.8-12.8V140.8c0-6.4-6.4-12.8-12.8-12.8h-22.4c-6.4 0-12.8 6.4-12.8 12.8v198.4c0 6.4 6.4 12.8 12.8 12.8zm96 0h22.4c6.4 0 12.8-6.4 12.8-12.8V204.8c0-6.4-6.4-12.8-12.8-12.8h-22.4c-6.4 0-12.8 6.4-12.8 12.8v134.4c0 6.4 6.4 12.8 12.8 12.8zM496 400H48V80c0-8.84-7.16-16-16-16H16C7.16 64 0 71.16 0 80v336c0 17.67 14.33 32 32 32h464c8.84 0 16-7.16 16-16v-16c0-8.84-7.16-16-16-16zm-387.2-48h22.4c6.4 0 12.8-6.4 12.8-12.8v-70.4c0-6.4-6.4-12.8-12.8-12.8h-22.4c-6.4 0-12.8 6.4-12.8 12.8v70.4c0 6.4 6.4 12.8 12.8 12.8z\" class=\"\"><\/path><\/svg><\/i> <img loading=\"lazy\" decoding=\"async\" width=\"16\" height=\"16\" alt=\"Loading\" src=\"https:\/\/temucotelevision.cl\/web\/wp-content\/plugins\/page-views-count\/ajax-loader-2x.gif\" border=0 \/><\/p>\n<div class=\"pvc_clear\"><\/div>\n<p>En el marco de su 35 Aniversario, Los Aut\u00e9nticos Decadentes inician una nueva etapa de la trilog\u00eda discogr\u00e1fica A D<\/p>\n","protected":false},"author":1,"featured_media":29168,"comment_status":"open","ping_status":"open","sticky":false,"template":"","format":"standard","meta":{"colormag_page_container_layout":"default_layout","colormag_page_sidebar_layout":"default_layout","footnotes":""},"categories":[369],"tags":[],"class_list":["post-29166","post","type-post","status-publish","format-standard","has-post-thumbnail","hentry","category-musica"],"a3_pvc":{"activated":true,"total_views":43,"today_views":0},"_links":{"self":[{"href":"https:\/\/temucotelevision.cl\/web\/wp-json\/wp\/v2\/posts\/29166","targetHints":{"allow":["GET"]}}],"collection":[{"href":"https:\/\/temucotelevision.cl\/web\/wp-json\/wp\/v2\/posts"}],"about":[{"href":"https:\/\/temucotelevision.cl\/web\/wp-json\/wp\/v2\/types\/post"}],"author":[{"embeddable":true,"href":"https:\/\/temucotelevision.cl\/web\/wp-json\/wp\/v2\/users\/1"}],"replies":[{"embeddable":true,"href":"https:\/\/temucotelevision.cl\/web\/wp-json\/wp\/v2\/comments?post=29166"}],"version-history":[{"count":1,"href":"https:\/\/temucotelevision.cl\/web\/wp-json\/wp\/v2\/posts\/29166\/revisions"}],"predecessor-version":[{"id":29169,"href":"https:\/\/temucotelevision.cl\/web\/wp-json\/wp\/v2\/posts\/29166\/revisions\/29169"}],"wp:featuredmedia":[{"embeddable":true,"href":"https:\/\/temucotelevision.cl\/web\/wp-json\/wp\/v2\/media\/29168"}],"wp:attachment":[{"href":"https:\/\/temucotelevision.cl\/web\/wp-json\/wp\/v2\/media?parent=29166"}],"wp:term":[{"taxonomy":"category","embeddable":true,"href":"https:\/\/temucotelevision.cl\/web\/wp-json\/wp\/v2\/categories?post=29166"},{"taxonomy":"post_tag","embeddable":true,"href":"https:\/\/temucotelevision.cl\/web\/wp-json\/wp\/v2\/tags?post=29166"}],"curies":[{"name":"wp","href":"https:\/\/api.w.org\/{rel}","templated":true}]}}