{"id":29163,"date":"2022-02-01T19:53:41","date_gmt":"2022-02-01T22:53:41","guid":{"rendered":"https:\/\/temucotelevision.cl\/web\/?p=29163"},"modified":"2022-02-01T22:48:06","modified_gmt":"2022-02-02T01:48:06","slug":"la-banda-espanola-celebra-sus-40-anos-con-el-lanzamiento-de-su-disco-y-gira-la-lucha-por-la-vida","status":"publish","type":"post","link":"https:\/\/temucotelevision.cl\/web\/2022\/02\/01\/la-banda-espanola-celebra-sus-40-anos-con-el-lanzamiento-de-su-disco-y-gira-la-lucha-por-la-vida\/","title":{"rendered":"La banda espa\u00f1ola Ilegales celebra sus 40 a\u00f1os con el lanzamiento de su disco y gira \u00abLa lucha por la vida\u00bb"},"content":{"rendered":"<div class=\"pvc_clear\"><\/div><p id=\"pvc_stats_29163\" class=\"pvc_stats total_only  \" data-element-id=\"29163\" style=\"\"><i class=\"pvc-stats-icon large\" aria-hidden=\"true\"><svg aria-hidden=\"true\" focusable=\"false\" data-prefix=\"far\" data-icon=\"chart-bar\" role=\"img\" xmlns=\"http:\/\/www.w3.org\/2000\/svg\" viewBox=\"0 0 512 512\" class=\"svg-inline--fa fa-chart-bar fa-w-16 fa-2x\"><path fill=\"currentColor\" d=\"M396.8 352h22.4c6.4 0 12.8-6.4 12.8-12.8V108.8c0-6.4-6.4-12.8-12.8-12.8h-22.4c-6.4 0-12.8 6.4-12.8 12.8v230.4c0 6.4 6.4 12.8 12.8 12.8zm-192 0h22.4c6.4 0 12.8-6.4 12.8-12.8V140.8c0-6.4-6.4-12.8-12.8-12.8h-22.4c-6.4 0-12.8 6.4-12.8 12.8v198.4c0 6.4 6.4 12.8 12.8 12.8zm96 0h22.4c6.4 0 12.8-6.4 12.8-12.8V204.8c0-6.4-6.4-12.8-12.8-12.8h-22.4c-6.4 0-12.8 6.4-12.8 12.8v134.4c0 6.4 6.4 12.8 12.8 12.8zM496 400H48V80c0-8.84-7.16-16-16-16H16C7.16 64 0 71.16 0 80v336c0 17.67 14.33 32 32 32h464c8.84 0 16-7.16 16-16v-16c0-8.84-7.16-16-16-16zm-387.2-48h22.4c6.4 0 12.8-6.4 12.8-12.8v-70.4c0-6.4-6.4-12.8-12.8-12.8h-22.4c-6.4 0-12.8 6.4-12.8 12.8v70.4c0 6.4 6.4 12.8 12.8 12.8z\" class=\"\"><\/path><\/svg><\/i> <img loading=\"lazy\" decoding=\"async\" width=\"16\" height=\"16\" alt=\"Loading\" src=\"https:\/\/temucotelevision.cl\/web\/wp-content\/plugins\/page-views-count\/ajax-loader-2x.gif\" border=0 \/><\/p><div class=\"pvc_clear\"><\/div>\n<p>Este 14 de abril celebra junto a Ilegales, la banda de rock espa\u00f1ola, su 40\u00b0 aniversario . En una jornada de guitarras y de revivir sus \u00e9xitos de los 80, el grupo compartir\u00e1 el escenario con la banda de punk rock nacional, BBS Paranoicos.&nbsp;<\/p>\n\n\n\n<p>La banda formada en 1982 presentar\u00e1 su nuevo disco \u00abLa lucha por la vida\u00bb, el que ser\u00e1 lanzado en febrero de este a\u00f1o.&nbsp;<\/p>\n\n\n\n<p>El \u00e1lbum se alza como el m\u00e1s reciente trabajo de los asturianos desde el 2015 e incluye nuevo material; pero tambi\u00e9n varias canciones del repertorio anterior, reinterpretadas por grandes artistas de muy diverso estilo.<\/p>\n\n\n\n<p>Estos 40 a\u00f1os de la banda se consolidan en: once discos de estudio, tres discos en directo, dos recopilatorios, una caja con la antolog\u00eda discogr\u00e1fica de la banda y un documental.<\/p>\n\n\n\n<p>A la noche de celebraci\u00f3n se unir\u00e1 BBS Paranoicos, la banda nacional con 30 a\u00f1os de trayectoria considerada una de las m\u00e1s influyentes en el punk rock de nuestro pa\u00eds.<\/p>\n\n\n\n<p>Conformada por Carlos Ozz Kretschmer, Omar Acosta, Pedro L\u00f3pez&nbsp; y Juan Herrera, ha sido reconocida por su producci\u00f3n musical recibiendo en el 2019 por su disco Delusional (2018) el Premio Pulsar c\u00f3mo Mejor artista de Rock.<\/p>\n\n\n\n<p>El pasado 8 de enero, la editorial Santiago-Ander lanz\u00f3 \u00abTanto insistir\u00bb, el libro que recopila las experiencias y voces de BBS Paranoicos, en el que la periodista Rossana Montalb\u00e1n narra los treinta a\u00f1os de carrera de esta banda pionera del hardcore punk mel\u00f3dico en Chile.<\/p>\n\n\n\n<p>No te pierdas este inolvidable show en el Teatro Coliseo. Entradas disponibles por sistema PuntoTicket.&nbsp;<\/p>\n","protected":false},"excerpt":{"rendered":"<div class=\"pvc_clear\"><\/div>\n<p id=\"pvc_stats_29163\" class=\"pvc_stats total_only  \" data-element-id=\"29163\" style=\"\"><i class=\"pvc-stats-icon large\" aria-hidden=\"true\"><svg aria-hidden=\"true\" focusable=\"false\" data-prefix=\"far\" data-icon=\"chart-bar\" role=\"img\" xmlns=\"http:\/\/www.w3.org\/2000\/svg\" viewBox=\"0 0 512 512\" class=\"svg-inline--fa fa-chart-bar fa-w-16 fa-2x\"><path fill=\"currentColor\" d=\"M396.8 352h22.4c6.4 0 12.8-6.4 12.8-12.8V108.8c0-6.4-6.4-12.8-12.8-12.8h-22.4c-6.4 0-12.8 6.4-12.8 12.8v230.4c0 6.4 6.4 12.8 12.8 12.8zm-192 0h22.4c6.4 0 12.8-6.4 12.8-12.8V140.8c0-6.4-6.4-12.8-12.8-12.8h-22.4c-6.4 0-12.8 6.4-12.8 12.8v198.4c0 6.4 6.4 12.8 12.8 12.8zm96 0h22.4c6.4 0 12.8-6.4 12.8-12.8V204.8c0-6.4-6.4-12.8-12.8-12.8h-22.4c-6.4 0-12.8 6.4-12.8 12.8v134.4c0 6.4 6.4 12.8 12.8 12.8zM496 400H48V80c0-8.84-7.16-16-16-16H16C7.16 64 0 71.16 0 80v336c0 17.67 14.33 32 32 32h464c8.84 0 16-7.16 16-16v-16c0-8.84-7.16-16-16-16zm-387.2-48h22.4c6.4 0 12.8-6.4 12.8-12.8v-70.4c0-6.4-6.4-12.8-12.8-12.8h-22.4c-6.4 0-12.8 6.4-12.8 12.8v70.4c0 6.4 6.4 12.8 12.8 12.8z\" class=\"\"><\/path><\/svg><\/i> <img loading=\"lazy\" decoding=\"async\" width=\"16\" height=\"16\" alt=\"Loading\" src=\"https:\/\/temucotelevision.cl\/web\/wp-content\/plugins\/page-views-count\/ajax-loader-2x.gif\" border=0 \/><\/p>\n<div class=\"pvc_clear\"><\/div>\n<p>Este 14 de abril celebra junto a Ilegales, la banda de rock espa\u00f1ola, su 40\u00b0 aniversario . En una jornada<\/p>\n","protected":false},"author":1,"featured_media":29164,"comment_status":"open","ping_status":"open","sticky":false,"template":"","format":"standard","meta":{"colormag_page_container_layout":"default_layout","colormag_page_sidebar_layout":"default_layout","footnotes":""},"categories":[369],"tags":[],"class_list":["post-29163","post","type-post","status-publish","format-standard","has-post-thumbnail","hentry","category-musica"],"a3_pvc":{"activated":true,"total_views":70,"today_views":0},"_links":{"self":[{"href":"https:\/\/temucotelevision.cl\/web\/wp-json\/wp\/v2\/posts\/29163","targetHints":{"allow":["GET"]}}],"collection":[{"href":"https:\/\/temucotelevision.cl\/web\/wp-json\/wp\/v2\/posts"}],"about":[{"href":"https:\/\/temucotelevision.cl\/web\/wp-json\/wp\/v2\/types\/post"}],"author":[{"embeddable":true,"href":"https:\/\/temucotelevision.cl\/web\/wp-json\/wp\/v2\/users\/1"}],"replies":[{"embeddable":true,"href":"https:\/\/temucotelevision.cl\/web\/wp-json\/wp\/v2\/comments?post=29163"}],"version-history":[{"count":2,"href":"https:\/\/temucotelevision.cl\/web\/wp-json\/wp\/v2\/posts\/29163\/revisions"}],"predecessor-version":[{"id":29196,"href":"https:\/\/temucotelevision.cl\/web\/wp-json\/wp\/v2\/posts\/29163\/revisions\/29196"}],"wp:featuredmedia":[{"embeddable":true,"href":"https:\/\/temucotelevision.cl\/web\/wp-json\/wp\/v2\/media\/29164"}],"wp:attachment":[{"href":"https:\/\/temucotelevision.cl\/web\/wp-json\/wp\/v2\/media?parent=29163"}],"wp:term":[{"taxonomy":"category","embeddable":true,"href":"https:\/\/temucotelevision.cl\/web\/wp-json\/wp\/v2\/categories?post=29163"},{"taxonomy":"post_tag","embeddable":true,"href":"https:\/\/temucotelevision.cl\/web\/wp-json\/wp\/v2\/tags?post=29163"}],"curies":[{"name":"wp","href":"https:\/\/api.w.org\/{rel}","templated":true}]}}