{"id":29159,"date":"2022-02-01T19:50:55","date_gmt":"2022-02-01T22:50:55","guid":{"rendered":"https:\/\/temucotelevision.cl\/web\/?p=29159"},"modified":"2022-02-01T19:50:57","modified_gmt":"2022-02-01T22:50:57","slug":"macha-y-el-bloque-depresivo-adelantan-el-lado-a-de-su-segundo-disco","status":"publish","type":"post","link":"https:\/\/temucotelevision.cl\/web\/2022\/02\/01\/macha-y-el-bloque-depresivo-adelantan-el-lado-a-de-su-segundo-disco\/","title":{"rendered":"Macha y el Bloque Depresivo adelantan el Lado A de su segundo disco"},"content":{"rendered":"<div class=\"pvc_clear\"><\/div><p id=\"pvc_stats_29159\" class=\"pvc_stats total_only  \" data-element-id=\"29159\" style=\"\"><i class=\"pvc-stats-icon large\" aria-hidden=\"true\"><svg aria-hidden=\"true\" focusable=\"false\" data-prefix=\"far\" data-icon=\"chart-bar\" role=\"img\" xmlns=\"http:\/\/www.w3.org\/2000\/svg\" viewBox=\"0 0 512 512\" class=\"svg-inline--fa fa-chart-bar fa-w-16 fa-2x\"><path fill=\"currentColor\" d=\"M396.8 352h22.4c6.4 0 12.8-6.4 12.8-12.8V108.8c0-6.4-6.4-12.8-12.8-12.8h-22.4c-6.4 0-12.8 6.4-12.8 12.8v230.4c0 6.4 6.4 12.8 12.8 12.8zm-192 0h22.4c6.4 0 12.8-6.4 12.8-12.8V140.8c0-6.4-6.4-12.8-12.8-12.8h-22.4c-6.4 0-12.8 6.4-12.8 12.8v198.4c0 6.4 6.4 12.8 12.8 12.8zm96 0h22.4c6.4 0 12.8-6.4 12.8-12.8V204.8c0-6.4-6.4-12.8-12.8-12.8h-22.4c-6.4 0-12.8 6.4-12.8 12.8v134.4c0 6.4 6.4 12.8 12.8 12.8zM496 400H48V80c0-8.84-7.16-16-16-16H16C7.16 64 0 71.16 0 80v336c0 17.67 14.33 32 32 32h464c8.84 0 16-7.16 16-16v-16c0-8.84-7.16-16-16-16zm-387.2-48h22.4c6.4 0 12.8-6.4 12.8-12.8v-70.4c0-6.4-6.4-12.8-12.8-12.8h-22.4c-6.4 0-12.8 6.4-12.8 12.8v70.4c0 6.4 6.4 12.8 12.8 12.8z\" class=\"\"><\/path><\/svg><\/i> <img loading=\"lazy\" decoding=\"async\" width=\"16\" height=\"16\" alt=\"Loading\" src=\"https:\/\/temucotelevision.cl\/web\/wp-content\/plugins\/page-views-count\/ajax-loader-2x.gif\" border=0 \/><\/p><div class=\"pvc_clear\"><\/div>\n<p><strong>Este registro contiene cinco versiones, en formato orquesta, de grandes \u00e9xitos popularizados originalmente por Jos\u00e9 Jos\u00e9, Charles Aznavour y Ricardo Fogli<\/strong><\/p>\n\n\n\n<p>La destacada agrupaci\u00f3n nacional,&nbsp;<strong>Macha y el Bloque Depresivo, presenta un nuevo adelanto del disco que lanzar\u00e1n durante el primer semestre del a\u00f1o y que contiene un total de nueve canciones<\/strong>. Como parte de este material, que han denominado Lado A, se encuentran: \u201cLo que un d\u00eda no fue\u201d, \u201cEl triste\u201d junto a \u00c1lvaro Henr\u00edquez, \u201cDe quererte as\u00ed\u201d, \u201cLa nave del olvido\u201d y \u201cMondo (Vuelve)\u201d, tambi\u00e9n con la colaboraci\u00f3n de \u00c1lvaro Henr\u00edquez. Este \u00faltimo, es el single destacado de este lanzamiento que ya est\u00e1 disponible en las plataformas digitales.<\/p>\n\n\n\n<p>Estas cinco canciones que forman parte del repertorio popular de habla hispana popularizadas por Jos\u00e9 Jos\u00e9, Charles Aznavour y Ricardo Fogli, cuentan con los arreglos de cuerdas de Ra\u00fal C\u00e9spedes, los que son interpretados por 11 m\u00fasicos de la denominada Orquesta Depresiva y Rom\u00e1ntica. Durante los a\u00f1os 2020 y 2021, la banda ya hab\u00eda dado a conocer los singles \u201cEl triste\u201d, \u201cProcuro olvidarte\u201d y \u201cApaga la tele\u201d.<\/p>\n\n\n\n<p>Sobre este estreno, Aldo \u201cMacha\u201d Asenjo comenta que \u201cson cinco canciones que fueron grabadas en formato orquesta, con arreglos especialmente realizados para este prop\u00f3sito, y como el resultado fue tan bueno y gust\u00f3 tanto, quisimos que quedar\u00e1 en un registro para compartir con el p\u00fablico\u201d. &nbsp;&nbsp;<\/p>\n\n\n\n<p>Macha y el Bloque Depresivo naci\u00f3 en 2010 como un proyecto paralelo de algunos m\u00fasicos de La Floripondio y Chico Trujillo. En sus inicios realizaron peque\u00f1as presentaciones, hasta que su sentida interpretaci\u00f3n de canciones himno de la m\u00fasica en espa\u00f1ol de anta\u00f1o los fue llenando de reconocimiento en Chile y fuera de sus fronteras. El primer disco hom\u00f3nimo, fue estrenado en 2018 con gran \u00e9xito, el que esperan repetir con este material llamado Lado A.<\/p>\n\n\n\n<figure class=\"wp-block-embed is-type-rich is-provider-spotify wp-block-embed-spotify wp-embed-aspect-21-9 wp-has-aspect-ratio\"><div class=\"wp-block-embed__wrapper\">\n<iframe loading=\"lazy\" title=\"Spotify Embed: Lado A\" width=\"100%\" height=\"380\" style=\"[object Object]\" frameborder=\"0\" allowfullscreen allow=\"autoplay; clipboard-write; encrypted-media; fullscreen; picture-in-picture\" src=\"https:\/\/open.spotify.com\/embed\/album\/3nrA5UV4UtWpIPnGDs5IyZ?go=1&#038;sp_cid=ab4016f8c815dcf2b740fce1f498812e&#038;utm_source=oembed&#038;utm_medium=desktop&#038;nd=1\"><\/iframe>\n<\/div><\/figure>\n","protected":false},"excerpt":{"rendered":"<div class=\"pvc_clear\"><\/div>\n<p id=\"pvc_stats_29159\" class=\"pvc_stats total_only  \" data-element-id=\"29159\" style=\"\"><i class=\"pvc-stats-icon large\" aria-hidden=\"true\"><svg aria-hidden=\"true\" focusable=\"false\" data-prefix=\"far\" data-icon=\"chart-bar\" role=\"img\" xmlns=\"http:\/\/www.w3.org\/2000\/svg\" viewBox=\"0 0 512 512\" class=\"svg-inline--fa fa-chart-bar fa-w-16 fa-2x\"><path fill=\"currentColor\" d=\"M396.8 352h22.4c6.4 0 12.8-6.4 12.8-12.8V108.8c0-6.4-6.4-12.8-12.8-12.8h-22.4c-6.4 0-12.8 6.4-12.8 12.8v230.4c0 6.4 6.4 12.8 12.8 12.8zm-192 0h22.4c6.4 0 12.8-6.4 12.8-12.8V140.8c0-6.4-6.4-12.8-12.8-12.8h-22.4c-6.4 0-12.8 6.4-12.8 12.8v198.4c0 6.4 6.4 12.8 12.8 12.8zm96 0h22.4c6.4 0 12.8-6.4 12.8-12.8V204.8c0-6.4-6.4-12.8-12.8-12.8h-22.4c-6.4 0-12.8 6.4-12.8 12.8v134.4c0 6.4 6.4 12.8 12.8 12.8zM496 400H48V80c0-8.84-7.16-16-16-16H16C7.16 64 0 71.16 0 80v336c0 17.67 14.33 32 32 32h464c8.84 0 16-7.16 16-16v-16c0-8.84-7.16-16-16-16zm-387.2-48h22.4c6.4 0 12.8-6.4 12.8-12.8v-70.4c0-6.4-6.4-12.8-12.8-12.8h-22.4c-6.4 0-12.8 6.4-12.8 12.8v70.4c0 6.4 6.4 12.8 12.8 12.8z\" class=\"\"><\/path><\/svg><\/i> <img loading=\"lazy\" decoding=\"async\" width=\"16\" height=\"16\" alt=\"Loading\" src=\"https:\/\/temucotelevision.cl\/web\/wp-content\/plugins\/page-views-count\/ajax-loader-2x.gif\" border=0 \/><\/p>\n<div class=\"pvc_clear\"><\/div>\n<p>Este registro contiene cinco versiones, en formato orquesta, de grandes \u00e9xitos popularizados originalmente por Jos\u00e9 Jos\u00e9, Charles Aznavour y Ricardo<\/p>\n","protected":false},"author":1,"featured_media":29160,"comment_status":"open","ping_status":"open","sticky":false,"template":"","format":"standard","meta":{"colormag_page_container_layout":"default_layout","colormag_page_sidebar_layout":"default_layout","footnotes":""},"categories":[369],"tags":[],"class_list":["post-29159","post","type-post","status-publish","format-standard","has-post-thumbnail","hentry","category-musica"],"a3_pvc":{"activated":true,"total_views":122,"today_views":0},"_links":{"self":[{"href":"https:\/\/temucotelevision.cl\/web\/wp-json\/wp\/v2\/posts\/29159","targetHints":{"allow":["GET"]}}],"collection":[{"href":"https:\/\/temucotelevision.cl\/web\/wp-json\/wp\/v2\/posts"}],"about":[{"href":"https:\/\/temucotelevision.cl\/web\/wp-json\/wp\/v2\/types\/post"}],"author":[{"embeddable":true,"href":"https:\/\/temucotelevision.cl\/web\/wp-json\/wp\/v2\/users\/1"}],"replies":[{"embeddable":true,"href":"https:\/\/temucotelevision.cl\/web\/wp-json\/wp\/v2\/comments?post=29159"}],"version-history":[{"count":1,"href":"https:\/\/temucotelevision.cl\/web\/wp-json\/wp\/v2\/posts\/29159\/revisions"}],"predecessor-version":[{"id":29161,"href":"https:\/\/temucotelevision.cl\/web\/wp-json\/wp\/v2\/posts\/29159\/revisions\/29161"}],"wp:featuredmedia":[{"embeddable":true,"href":"https:\/\/temucotelevision.cl\/web\/wp-json\/wp\/v2\/media\/29160"}],"wp:attachment":[{"href":"https:\/\/temucotelevision.cl\/web\/wp-json\/wp\/v2\/media?parent=29159"}],"wp:term":[{"taxonomy":"category","embeddable":true,"href":"https:\/\/temucotelevision.cl\/web\/wp-json\/wp\/v2\/categories?post=29159"},{"taxonomy":"post_tag","embeddable":true,"href":"https:\/\/temucotelevision.cl\/web\/wp-json\/wp\/v2\/tags?post=29159"}],"curies":[{"name":"wp","href":"https:\/\/api.w.org\/{rel}","templated":true}]}}