{"id":29155,"date":"2022-02-01T19:45:59","date_gmt":"2022-02-01T22:45:59","guid":{"rendered":"https:\/\/temucotelevision.cl\/web\/?p=29155"},"modified":"2022-02-01T22:47:19","modified_gmt":"2022-02-02T01:47:19","slug":"the-beatles-get-back-tendra-su-debut-en-el-cine","status":"publish","type":"post","link":"https:\/\/temucotelevision.cl\/web\/2022\/02\/01\/the-beatles-get-back-tendra-su-debut-en-el-cine\/","title":{"rendered":"The Beatles: Get Back tendr\u00e1 su debut en el cine"},"content":{"rendered":"<div class=\"pvc_clear\"><\/div><p id=\"pvc_stats_29155\" class=\"pvc_stats total_only  \" data-element-id=\"29155\" style=\"\"><i class=\"pvc-stats-icon large\" aria-hidden=\"true\"><svg aria-hidden=\"true\" focusable=\"false\" data-prefix=\"far\" data-icon=\"chart-bar\" role=\"img\" xmlns=\"http:\/\/www.w3.org\/2000\/svg\" viewBox=\"0 0 512 512\" class=\"svg-inline--fa fa-chart-bar fa-w-16 fa-2x\"><path fill=\"currentColor\" d=\"M396.8 352h22.4c6.4 0 12.8-6.4 12.8-12.8V108.8c0-6.4-6.4-12.8-12.8-12.8h-22.4c-6.4 0-12.8 6.4-12.8 12.8v230.4c0 6.4 6.4 12.8 12.8 12.8zm-192 0h22.4c6.4 0 12.8-6.4 12.8-12.8V140.8c0-6.4-6.4-12.8-12.8-12.8h-22.4c-6.4 0-12.8 6.4-12.8 12.8v198.4c0 6.4 6.4 12.8 12.8 12.8zm96 0h22.4c6.4 0 12.8-6.4 12.8-12.8V204.8c0-6.4-6.4-12.8-12.8-12.8h-22.4c-6.4 0-12.8 6.4-12.8 12.8v134.4c0 6.4 6.4 12.8 12.8 12.8zM496 400H48V80c0-8.84-7.16-16-16-16H16C7.16 64 0 71.16 0 80v336c0 17.67 14.33 32 32 32h464c8.84 0 16-7.16 16-16v-16c0-8.84-7.16-16-16-16zm-387.2-48h22.4c6.4 0 12.8-6.4 12.8-12.8v-70.4c0-6.4-6.4-12.8-12.8-12.8h-22.4c-6.4 0-12.8 6.4-12.8 12.8v70.4c0 6.4 6.4 12.8 12.8 12.8z\" class=\"\"><\/path><\/svg><\/i> <img loading=\"lazy\" decoding=\"async\" width=\"16\" height=\"16\" alt=\"Loading\" src=\"https:\/\/temucotelevision.cl\/web\/wp-content\/plugins\/page-views-count\/ajax-loader-2x.gif\" border=0 \/><\/p><div class=\"pvc_clear\"><\/div>\n<p><strong>El largometraje de 60 minutos THE BEATLES GET BACK: El \u00faltimo concierto&nbsp;tendr\u00e1 su estreno en Latinoam\u00e9rica en formato IMAX del 10 al 13 de febrero<\/strong><\/p>\n\n\n\n<p>El inolvidable concierto de Los Beatles en la azotea de la sede central de Apple Corps en Savile Row que tuvo lugar el 30 de enero de 1969 har\u00e1 su debut en una pel\u00edcula de 60 minutos en formato IMAX\u00ae. En Latinoam\u00e9rica se podr\u00e1 disfrutar de esta experiencia del 10 al 13 de febrero en las salas de cine IMAX\u00ae disponibles.<\/p>\n\n\n\n<p>\u00abEstoy muy contento de que el concierto en la azotea de The Beatles: Get Back se va a poder experimentar en IMAX con esa pantalla gigante \u2013dice el director y productor Peter Jackson\u2013. Es el \u00faltimo concierto de Los Beatles, y es la manera absolutamente perfecta de verlo y escucharlo\u00bb.<\/p>\n\n\n\n<p>\u00abDesde el estreno de la hermosa y esclarecedora docuserie de Peter Jackson, hemos tenido incesantes mensajes de los fans pidiendo experimentar este inolvidable concierto de la azotea en IMAX \u2013dice Megan Colligan, presidenta de IMAX Entertainment\u2013. Estamos muy entusiasmados de asociarnos con Disney para llevar Get Back a un escenario totalmente nuevo y darle a los fans de Los Beatles de todo el mundo la oportunidad de sus vidas de poder mirar y escuchar a sus h\u00e9roes con el sonido y la imagen sin igual de IMAX\u00bb.<\/p>\n\n\n\n<p>El concierto completo, que forma parte de la docuserie original de Peter Jackson The Beatles: Get Back fue optimizado para pantallas IMAX, remasterizado digitalmente para la calidad de imagen y sonido de The IMAX Experience\u00ae con tecnolog\u00eda propietaria IMAX DMR\u00ae (remasterizaci\u00f3n digital).<\/p>\n\n\n\n<p>La docuserie The Beatles: Get Back est\u00e1 disponible v\u00eda streaming exclusivamente en Disney+.<\/p>\n\n\n\n<figure class=\"wp-block-image is-resized\"><img loading=\"lazy\" decoding=\"async\" src=\"https:\/\/zumbido.cl\/wp-content\/uploads\/2022\/02\/GB_ROOFTOP_CONCERT_IMAX_POSTER_sRGB-692x1024.jpg\" alt=\"\" width=\"828\" height=\"1225\"\/><\/figure>\n","protected":false},"excerpt":{"rendered":"<div class=\"pvc_clear\"><\/div>\n<p id=\"pvc_stats_29155\" class=\"pvc_stats total_only  \" data-element-id=\"29155\" style=\"\"><i class=\"pvc-stats-icon large\" aria-hidden=\"true\"><svg aria-hidden=\"true\" focusable=\"false\" data-prefix=\"far\" data-icon=\"chart-bar\" role=\"img\" xmlns=\"http:\/\/www.w3.org\/2000\/svg\" viewBox=\"0 0 512 512\" class=\"svg-inline--fa fa-chart-bar fa-w-16 fa-2x\"><path fill=\"currentColor\" d=\"M396.8 352h22.4c6.4 0 12.8-6.4 12.8-12.8V108.8c0-6.4-6.4-12.8-12.8-12.8h-22.4c-6.4 0-12.8 6.4-12.8 12.8v230.4c0 6.4 6.4 12.8 12.8 12.8zm-192 0h22.4c6.4 0 12.8-6.4 12.8-12.8V140.8c0-6.4-6.4-12.8-12.8-12.8h-22.4c-6.4 0-12.8 6.4-12.8 12.8v198.4c0 6.4 6.4 12.8 12.8 12.8zm96 0h22.4c6.4 0 12.8-6.4 12.8-12.8V204.8c0-6.4-6.4-12.8-12.8-12.8h-22.4c-6.4 0-12.8 6.4-12.8 12.8v134.4c0 6.4 6.4 12.8 12.8 12.8zM496 400H48V80c0-8.84-7.16-16-16-16H16C7.16 64 0 71.16 0 80v336c0 17.67 14.33 32 32 32h464c8.84 0 16-7.16 16-16v-16c0-8.84-7.16-16-16-16zm-387.2-48h22.4c6.4 0 12.8-6.4 12.8-12.8v-70.4c0-6.4-6.4-12.8-12.8-12.8h-22.4c-6.4 0-12.8 6.4-12.8 12.8v70.4c0 6.4 6.4 12.8 12.8 12.8z\" class=\"\"><\/path><\/svg><\/i> <img loading=\"lazy\" decoding=\"async\" width=\"16\" height=\"16\" alt=\"Loading\" src=\"https:\/\/temucotelevision.cl\/web\/wp-content\/plugins\/page-views-count\/ajax-loader-2x.gif\" border=0 \/><\/p>\n<div class=\"pvc_clear\"><\/div>\n<p>El largometraje de 60 minutos THE BEATLES GET BACK: El \u00faltimo concierto&nbsp;tendr\u00e1 su estreno en Latinoam\u00e9rica en formato IMAX del<\/p>\n","protected":false},"author":1,"featured_media":29156,"comment_status":"open","ping_status":"open","sticky":false,"template":"","format":"standard","meta":{"colormag_page_container_layout":"default_layout","colormag_page_sidebar_layout":"default_layout","footnotes":""},"categories":[369],"tags":[],"class_list":["post-29155","post","type-post","status-publish","format-standard","has-post-thumbnail","hentry","category-musica"],"a3_pvc":{"activated":true,"total_views":46,"today_views":0},"_links":{"self":[{"href":"https:\/\/temucotelevision.cl\/web\/wp-json\/wp\/v2\/posts\/29155","targetHints":{"allow":["GET"]}}],"collection":[{"href":"https:\/\/temucotelevision.cl\/web\/wp-json\/wp\/v2\/posts"}],"about":[{"href":"https:\/\/temucotelevision.cl\/web\/wp-json\/wp\/v2\/types\/post"}],"author":[{"embeddable":true,"href":"https:\/\/temucotelevision.cl\/web\/wp-json\/wp\/v2\/users\/1"}],"replies":[{"embeddable":true,"href":"https:\/\/temucotelevision.cl\/web\/wp-json\/wp\/v2\/comments?post=29155"}],"version-history":[{"count":2,"href":"https:\/\/temucotelevision.cl\/web\/wp-json\/wp\/v2\/posts\/29155\/revisions"}],"predecessor-version":[{"id":29195,"href":"https:\/\/temucotelevision.cl\/web\/wp-json\/wp\/v2\/posts\/29155\/revisions\/29195"}],"wp:featuredmedia":[{"embeddable":true,"href":"https:\/\/temucotelevision.cl\/web\/wp-json\/wp\/v2\/media\/29156"}],"wp:attachment":[{"href":"https:\/\/temucotelevision.cl\/web\/wp-json\/wp\/v2\/media?parent=29155"}],"wp:term":[{"taxonomy":"category","embeddable":true,"href":"https:\/\/temucotelevision.cl\/web\/wp-json\/wp\/v2\/categories?post=29155"},{"taxonomy":"post_tag","embeddable":true,"href":"https:\/\/temucotelevision.cl\/web\/wp-json\/wp\/v2\/tags?post=29155"}],"curies":[{"name":"wp","href":"https:\/\/api.w.org\/{rel}","templated":true}]}}