{"id":29152,"date":"2022-02-01T15:14:09","date_gmt":"2022-02-01T18:14:09","guid":{"rendered":"https:\/\/temucotelevision.cl\/web\/?p=29152"},"modified":"2022-02-01T15:15:14","modified_gmt":"2022-02-01T18:15:14","slug":"ministros-y-superintendente-de-educacion-entregan-lineamientos-para-la-adquisicion-de-utiles-uniformes-y-textos-escolares","status":"publish","type":"post","link":"https:\/\/temucotelevision.cl\/web\/2022\/02\/01\/ministros-y-superintendente-de-educacion-entregan-lineamientos-para-la-adquisicion-de-utiles-uniformes-y-textos-escolares\/","title":{"rendered":"Ministro(s) y Superintendente de Educaci\u00f3n entregan lineamientos para la adquisici\u00f3n de \u00fatiles, uniformes y textos escolares"},"content":{"rendered":"<div class=\"pvc_clear\"><\/div><p id=\"pvc_stats_29152\" class=\"pvc_stats total_only  \" data-element-id=\"29152\" style=\"\"><i class=\"pvc-stats-icon large\" aria-hidden=\"true\"><svg aria-hidden=\"true\" focusable=\"false\" data-prefix=\"far\" data-icon=\"chart-bar\" role=\"img\" xmlns=\"http:\/\/www.w3.org\/2000\/svg\" viewBox=\"0 0 512 512\" class=\"svg-inline--fa fa-chart-bar fa-w-16 fa-2x\"><path fill=\"currentColor\" d=\"M396.8 352h22.4c6.4 0 12.8-6.4 12.8-12.8V108.8c0-6.4-6.4-12.8-12.8-12.8h-22.4c-6.4 0-12.8 6.4-12.8 12.8v230.4c0 6.4 6.4 12.8 12.8 12.8zm-192 0h22.4c6.4 0 12.8-6.4 12.8-12.8V140.8c0-6.4-6.4-12.8-12.8-12.8h-22.4c-6.4 0-12.8 6.4-12.8 12.8v198.4c0 6.4 6.4 12.8 12.8 12.8zm96 0h22.4c6.4 0 12.8-6.4 12.8-12.8V204.8c0-6.4-6.4-12.8-12.8-12.8h-22.4c-6.4 0-12.8 6.4-12.8 12.8v134.4c0 6.4 6.4 12.8 12.8 12.8zM496 400H48V80c0-8.84-7.16-16-16-16H16C7.16 64 0 71.16 0 80v336c0 17.67 14.33 32 32 32h464c8.84 0 16-7.16 16-16v-16c0-8.84-7.16-16-16-16zm-387.2-48h22.4c6.4 0 12.8-6.4 12.8-12.8v-70.4c0-6.4-6.4-12.8-12.8-12.8h-22.4c-6.4 0-12.8 6.4-12.8 12.8v70.4c0 6.4 6.4 12.8 12.8 12.8z\" class=\"\"><\/path><\/svg><\/i> <img loading=\"lazy\" decoding=\"async\" width=\"16\" height=\"16\" alt=\"Loading\" src=\"https:\/\/temucotelevision.cl\/web\/wp-content\/plugins\/page-views-count\/ajax-loader-2x.gif\" border=0 \/><\/p><div class=\"pvc_clear\"><\/div>\n<ul class=\"wp-block-list\"><li><em>Autoridades hicieron un llamado a reutilizar los elementos que puedan servir durante este a\u00f1o escolar 2022.<\/em><\/li><\/ul>\n\n\n\n<ul class=\"wp-block-list\"><li><em>Las denuncias recibidas por la Superintendencia de Educaci\u00f3n en esta materia disminuyeron un 9% entre 2020 y 2021.<\/em><\/li><\/ul>\n\n\n\n<p><strong>\u00a0<\/strong>Esta ma\u00f1ana, el Ministro(s) de Educaci\u00f3n, Jorge Poblete y el superintendente, Cristi\u00e1n O\u00b4Ryan, entregaron lineamientos normativos que regulan la exigencia de textos, \u00fatiles y uniformes escolares, junto con recomendar, al igual que el a\u00f1o pasado, la reutilizaci\u00f3n de materiales. Las autoridades tambi\u00e9n entregaron cifras sobre las denuncias recibidas por el \u00f3rgano fiscalizador en este tema.<\/p>\n\n\n\n<p><strong>\u201cEl llamado que hacemos a los establecimientos educacionales es a nuevamente solicitar lo justo y necesario en cuanto a los \u00fatiles escolares, con un claro llamado a la reutilizaci\u00f3n, considerando las dificultades de la pandemia y que este a\u00f1o estar\u00e1 marcado por la presencialidad obligatoria en las aulas\u201d,<\/strong>&nbsp;se\u00f1al\u00f3 el Ministro(s) Jorge Poblete.<\/p>\n\n\n\n<p>Asimismo, el superintendente Cristi\u00e1n O\u2019Ryan, inform\u00f3 que las denuncias en esta materia han ido bajando en los \u00faltimos a\u00f1os<strong>. \u201cDurante el 2019 tuvimos 50 denuncias, el 2020 recibimos 33 y el reci\u00e9n pasado 2021 llegaron 30 denuncias por exigencias de \u00fatiles, textos y uniformes escolares. Creemos que esta baja en las cifras se debe a que hoy la ciudadan\u00eda est\u00e1 mucho m\u00e1s informada, por tanto, conoce sus derechos y lo que indica la normativa educacional\u201d<\/strong>.<\/p>\n\n\n\n<p>En cuanto a las solicitudes que los establecimientos educacionales realizan para la adquisici\u00f3n de \u00fatiles escolares, la normativa se\u00f1ala que ninguna escuela, colegio, liceo o jard\u00edn infantil, puede solicitar art\u00edculos de aseo y de oficina, y tampoco puede obligar o inducir la compra de determinadas marcas en empresas o locales comerciales espec\u00edficos.<\/p>\n\n\n\n<p>En relaci\u00f3n con la adquisici\u00f3n de uniformes escolares, su uso obligatorio o flexible es una decisi\u00f3n tomada entre el establecimiento, el Centro de Padres y el Consejo de Profesores, previa consulta al Centro de Alumnos y Comit\u00e9 de Seguridad, por lo que las normas sobre su uso deben estar claramente se\u00f1aladas en el Reglamento Interno y si existe alg\u00fan cambio de uniforme, el establecimiento deber\u00e1 comunicarlo en marzo de cada a\u00f1o a la comunidad educativa.&nbsp;<\/p>\n\n\n\n<p>Respecto a los textos escolares, el Ministerio de Educaci\u00f3n hace entrega gratuita de estos ejemplares a todos los establecimientos que reciben recursos del Estado. Adem\u00e1s, han sido parte del proceso de modernizaci\u00f3n del Mineduc y se les han hecho mejoras de los est\u00e1ndares de calidad, con im\u00e1genes atractivas, nuevas preguntas en los textos para los alumnos y cuadernillos para los alumnos para trabajar en clase. Este 2022 se distribuir\u00e1n 18.000.000 de ejemplares, beneficiando a 3.000.000 de estudiantes, que corresponden al 93% de la matr\u00edcula escolar.<\/p>\n\n\n\n<p>El Ministro(s) Poblete indic\u00f3 que&nbsp;<strong>\u201csi un establecimiento que recibe financiamiento estatal solicita un texto adicional o complementario a los que entrega el Mineduc, la adquisici\u00f3n de \u00e9ste es voluntaria, debiendo el establecimiento adecuar la actividad pedag\u00f3gica para aquellos que no cuentan con dicho texto<\/strong>\u201d.<\/p>\n\n\n\n<p>Asimismo, para los colegios particulares pagados, la Superintendencia de Educaci\u00f3n emiti\u00f3 en noviembre del 2020 una circular con recomendaciones para transparentar la toma de decisiones en la elecci\u00f3n de los textos escolares e informen a las familias sobre el proceso de fundamentaci\u00f3n de los textos para el a\u00f1o 2022.<\/p>\n\n\n\n<p><strong>\u201cLa recomendaci\u00f3n que hacemos a los sostenedores es a que transparenten a los padres, apoderados y comunidad educativa en general, las decisiones en cuanto al contenido, calidad y caracter\u00edsticas de los textos, as\u00ed como el costo promedio de ellos\u201d<\/strong>, sostuvo el superintendente O\u00b4Ryan.<\/p>\n\n\n\n<p>Para m\u00e1s informaci\u00f3n visita&nbsp;<a href=\"https:\/\/www.supereduc.cl\/contenidos-de-interes\/especial-textos-utiles-y-uniformes\/\" target=\"_blank\" rel=\"noreferrer noopener\">https:\/\/www.supereduc.cl\/contenidos-de-interes\/especial-textos-utiles-y-uniformes\/<\/a><\/p>\n","protected":false},"excerpt":{"rendered":"<div class=\"pvc_clear\"><\/div>\n<p id=\"pvc_stats_29152\" class=\"pvc_stats total_only  \" data-element-id=\"29152\" style=\"\"><i class=\"pvc-stats-icon large\" aria-hidden=\"true\"><svg aria-hidden=\"true\" focusable=\"false\" data-prefix=\"far\" data-icon=\"chart-bar\" role=\"img\" xmlns=\"http:\/\/www.w3.org\/2000\/svg\" viewBox=\"0 0 512 512\" class=\"svg-inline--fa fa-chart-bar fa-w-16 fa-2x\"><path fill=\"currentColor\" d=\"M396.8 352h22.4c6.4 0 12.8-6.4 12.8-12.8V108.8c0-6.4-6.4-12.8-12.8-12.8h-22.4c-6.4 0-12.8 6.4-12.8 12.8v230.4c0 6.4 6.4 12.8 12.8 12.8zm-192 0h22.4c6.4 0 12.8-6.4 12.8-12.8V140.8c0-6.4-6.4-12.8-12.8-12.8h-22.4c-6.4 0-12.8 6.4-12.8 12.8v198.4c0 6.4 6.4 12.8 12.8 12.8zm96 0h22.4c6.4 0 12.8-6.4 12.8-12.8V204.8c0-6.4-6.4-12.8-12.8-12.8h-22.4c-6.4 0-12.8 6.4-12.8 12.8v134.4c0 6.4 6.4 12.8 12.8 12.8zM496 400H48V80c0-8.84-7.16-16-16-16H16C7.16 64 0 71.16 0 80v336c0 17.67 14.33 32 32 32h464c8.84 0 16-7.16 16-16v-16c0-8.84-7.16-16-16-16zm-387.2-48h22.4c6.4 0 12.8-6.4 12.8-12.8v-70.4c0-6.4-6.4-12.8-12.8-12.8h-22.4c-6.4 0-12.8 6.4-12.8 12.8v70.4c0 6.4 6.4 12.8 12.8 12.8z\" class=\"\"><\/path><\/svg><\/i> <img loading=\"lazy\" decoding=\"async\" width=\"16\" height=\"16\" alt=\"Loading\" src=\"https:\/\/temucotelevision.cl\/web\/wp-content\/plugins\/page-views-count\/ajax-loader-2x.gif\" border=0 \/><\/p>\n<div class=\"pvc_clear\"><\/div>\n<p>Autoridades hicieron un llamado a reutilizar los elementos que puedan servir durante este a\u00f1o escolar 2022. Las denuncias recibidas por<\/p>\n","protected":false},"author":1,"featured_media":29153,"comment_status":"open","ping_status":"open","sticky":false,"template":"","format":"standard","meta":{"colormag_page_container_layout":"default_layout","colormag_page_sidebar_layout":"default_layout","footnotes":""},"categories":[18,14],"tags":[659,148,599,318,661],"class_list":["post-29152","post","type-post","status-publish","format-standard","has-post-thumbnail","hentry","category-nacional","category-temuco","tag-clases","tag-educacion","tag-escolares","tag-ministro","tag-textos"],"a3_pvc":{"activated":true,"total_views":48,"today_views":0},"_links":{"self":[{"href":"https:\/\/temucotelevision.cl\/web\/wp-json\/wp\/v2\/posts\/29152","targetHints":{"allow":["GET"]}}],"collection":[{"href":"https:\/\/temucotelevision.cl\/web\/wp-json\/wp\/v2\/posts"}],"about":[{"href":"https:\/\/temucotelevision.cl\/web\/wp-json\/wp\/v2\/types\/post"}],"author":[{"embeddable":true,"href":"https:\/\/temucotelevision.cl\/web\/wp-json\/wp\/v2\/users\/1"}],"replies":[{"embeddable":true,"href":"https:\/\/temucotelevision.cl\/web\/wp-json\/wp\/v2\/comments?post=29152"}],"version-history":[{"count":1,"href":"https:\/\/temucotelevision.cl\/web\/wp-json\/wp\/v2\/posts\/29152\/revisions"}],"predecessor-version":[{"id":29154,"href":"https:\/\/temucotelevision.cl\/web\/wp-json\/wp\/v2\/posts\/29152\/revisions\/29154"}],"wp:featuredmedia":[{"embeddable":true,"href":"https:\/\/temucotelevision.cl\/web\/wp-json\/wp\/v2\/media\/29153"}],"wp:attachment":[{"href":"https:\/\/temucotelevision.cl\/web\/wp-json\/wp\/v2\/media?parent=29152"}],"wp:term":[{"taxonomy":"category","embeddable":true,"href":"https:\/\/temucotelevision.cl\/web\/wp-json\/wp\/v2\/categories?post=29152"},{"taxonomy":"post_tag","embeddable":true,"href":"https:\/\/temucotelevision.cl\/web\/wp-json\/wp\/v2\/tags?post=29152"}],"curies":[{"name":"wp","href":"https:\/\/api.w.org\/{rel}","templated":true}]}}