{"id":29149,"date":"2022-02-01T15:10:52","date_gmt":"2022-02-01T18:10:52","guid":{"rendered":"https:\/\/temucotelevision.cl\/web\/?p=29149"},"modified":"2022-02-01T15:10:54","modified_gmt":"2022-02-01T18:10:54","slug":"complejo-asistencial-padre-las-casas-trabaja-con-carabineros-y-municipalidad-para-potenciar-seguridad-en-torno-al-establecimiento","status":"publish","type":"post","link":"https:\/\/temucotelevision.cl\/web\/2022\/02\/01\/complejo-asistencial-padre-las-casas-trabaja-con-carabineros-y-municipalidad-para-potenciar-seguridad-en-torno-al-establecimiento\/","title":{"rendered":"Complejo Asistencial Padre Las Casas trabaja con Carabineros y Municipalidad para potenciar seguridad en torno al establecimiento"},"content":{"rendered":"<div class=\"pvc_clear\"><\/div><p id=\"pvc_stats_29149\" class=\"pvc_stats total_only  \" data-element-id=\"29149\" style=\"\"><i class=\"pvc-stats-icon large\" aria-hidden=\"true\"><svg aria-hidden=\"true\" focusable=\"false\" data-prefix=\"far\" data-icon=\"chart-bar\" role=\"img\" xmlns=\"http:\/\/www.w3.org\/2000\/svg\" viewBox=\"0 0 512 512\" class=\"svg-inline--fa fa-chart-bar fa-w-16 fa-2x\"><path fill=\"currentColor\" d=\"M396.8 352h22.4c6.4 0 12.8-6.4 12.8-12.8V108.8c0-6.4-6.4-12.8-12.8-12.8h-22.4c-6.4 0-12.8 6.4-12.8 12.8v230.4c0 6.4 6.4 12.8 12.8 12.8zm-192 0h22.4c6.4 0 12.8-6.4 12.8-12.8V140.8c0-6.4-6.4-12.8-12.8-12.8h-22.4c-6.4 0-12.8 6.4-12.8 12.8v198.4c0 6.4 6.4 12.8 12.8 12.8zm96 0h22.4c6.4 0 12.8-6.4 12.8-12.8V204.8c0-6.4-6.4-12.8-12.8-12.8h-22.4c-6.4 0-12.8 6.4-12.8 12.8v134.4c0 6.4 6.4 12.8 12.8 12.8zM496 400H48V80c0-8.84-7.16-16-16-16H16C7.16 64 0 71.16 0 80v336c0 17.67 14.33 32 32 32h464c8.84 0 16-7.16 16-16v-16c0-8.84-7.16-16-16-16zm-387.2-48h22.4c6.4 0 12.8-6.4 12.8-12.8v-70.4c0-6.4-6.4-12.8-12.8-12.8h-22.4c-6.4 0-12.8 6.4-12.8 12.8v70.4c0 6.4 6.4 12.8 12.8 12.8z\" class=\"\"><\/path><\/svg><\/i> <img loading=\"lazy\" decoding=\"async\" width=\"16\" height=\"16\" alt=\"Loading\" src=\"https:\/\/temucotelevision.cl\/web\/wp-content\/plugins\/page-views-count\/ajax-loader-2x.gif\" border=0 \/><\/p><div class=\"pvc_clear\"><\/div>\n<p>Con el objetivo de mejorar las medidas que permitan brindar mayor seguridad a los usuarios que acuden al Complejo Asistencial Padre Las Casas por atenciones de salud, directivos del hospital se reunieron con representantes comunales y Carabineros para gestionar acciones coordinadas y complementarias.<\/p>\n\n\n\n<p>La apertura del servicio de Urgencia, en diciembre de 2021, involucr\u00f3 un aumento en el flujo de personas que llegan diariamente al centro de salud, ubicado en un sector fuera del radio urbano de la comuna, motivo por el que surgi\u00f3 la necesidad de abordar la seguridad al interior del hospital y su entorno, como lo explic\u00f3 la directora (s) del CAPLC, Dra. Sylvia Alarc\u00f3n.<\/p>\n\n\n\n<p>\u201cNosotros somos un establecimiento que se encarga de la atenci\u00f3n de salud,, y por eso es necesario consultar a los expertos c\u00f3mo hacer las cosas en materia de seguridad. La reuni\u00f3n fue muy productiva, nos sugirieron elementos que vamos a incorporar para que las personas que llegan con la preocupaci\u00f3n de resolver problemas de salud, o acompa\u00f1ando a alg\u00fan usuario, puedan sentirse m\u00e1s seguros en nuestro establecimiento\u201d, coment\u00f3 la directora.<\/p>\n\n\n\n<p><strong>Medidas y coordinaci\u00f3n<\/strong><\/p>\n\n\n\n<p>Dentro de las medidas adoptadas por el CAPLC, se incorporar\u00e1 un aumento de puntos de vigilancia de guardias de seguridad, se\u00f1ales de advertencia y coordinaci\u00f3n con seguridad municipal para rondas preventivas, como se\u00f1al\u00f3 el director de Seguridad P\u00fablica y Emergencias de Padre Las Casas, Rodrigo Y\u00e1\u00f1ez.&nbsp;<\/p>\n\n\n\n<p>\u201cA trav\u00e9s del alcalde Mario Gonz\u00e1lez, se acogi\u00f3 la solicitud de la directora del CAPLC para apoyar con rondas de los m\u00f3viles de seguridad ciudadana, adem\u00e1s de esta primera vinculaci\u00f3n con el hospital para aportar con recomendaciones a partir de la experiencia que hemos recabado en estos a\u00f1os como municipalidad, para poder hacer acciones preventivas frente a hechos delictuales\u201d, expres\u00f3 el encargado de seguridad comunal.<\/p>\n\n\n\n<p>Por su parte, el suboficial mayor V\u00edctor Cid, delegado del cuadrante 1 de la 3ra comisar\u00eda de Padre Las Casas, agreg\u00f3 que trabajar\u00e1n para \u201cgenerar una ronda de seguridad para la prevenci\u00f3n de delitos, adem\u00e1s de colaborar en las acciones que el establecimiento puede incorporar para mejorar la seguridad, como el uso de las c\u00e1maras y medidas para controlar el flujo de personas\u201d.<\/p>\n\n\n\n<p>De esta forma, las instituciones manifestaron su disposici\u00f3n a colaborar mutuamente en la incorporaci\u00f3n de rutas de vigilancia, con recorrido en distintos horarios, y la coordinaci\u00f3n con el sistema de videovigilancia que la municipalidad de Padre Las Casas ha incorporado en el trayecto hacia el Complejo Asistencial.<\/p>\n","protected":false},"excerpt":{"rendered":"<div class=\"pvc_clear\"><\/div>\n<p id=\"pvc_stats_29149\" class=\"pvc_stats total_only  \" data-element-id=\"29149\" style=\"\"><i class=\"pvc-stats-icon large\" aria-hidden=\"true\"><svg aria-hidden=\"true\" focusable=\"false\" data-prefix=\"far\" data-icon=\"chart-bar\" role=\"img\" xmlns=\"http:\/\/www.w3.org\/2000\/svg\" viewBox=\"0 0 512 512\" class=\"svg-inline--fa fa-chart-bar fa-w-16 fa-2x\"><path fill=\"currentColor\" d=\"M396.8 352h22.4c6.4 0 12.8-6.4 12.8-12.8V108.8c0-6.4-6.4-12.8-12.8-12.8h-22.4c-6.4 0-12.8 6.4-12.8 12.8v230.4c0 6.4 6.4 12.8 12.8 12.8zm-192 0h22.4c6.4 0 12.8-6.4 12.8-12.8V140.8c0-6.4-6.4-12.8-12.8-12.8h-22.4c-6.4 0-12.8 6.4-12.8 12.8v198.4c0 6.4 6.4 12.8 12.8 12.8zm96 0h22.4c6.4 0 12.8-6.4 12.8-12.8V204.8c0-6.4-6.4-12.8-12.8-12.8h-22.4c-6.4 0-12.8 6.4-12.8 12.8v134.4c0 6.4 6.4 12.8 12.8 12.8zM496 400H48V80c0-8.84-7.16-16-16-16H16C7.16 64 0 71.16 0 80v336c0 17.67 14.33 32 32 32h464c8.84 0 16-7.16 16-16v-16c0-8.84-7.16-16-16-16zm-387.2-48h22.4c6.4 0 12.8-6.4 12.8-12.8v-70.4c0-6.4-6.4-12.8-12.8-12.8h-22.4c-6.4 0-12.8 6.4-12.8 12.8v70.4c0 6.4 6.4 12.8 12.8 12.8z\" class=\"\"><\/path><\/svg><\/i> <img loading=\"lazy\" decoding=\"async\" width=\"16\" height=\"16\" alt=\"Loading\" src=\"https:\/\/temucotelevision.cl\/web\/wp-content\/plugins\/page-views-count\/ajax-loader-2x.gif\" border=0 \/><\/p>\n<div class=\"pvc_clear\"><\/div>\n<p>Con el objetivo de mejorar las medidas que permitan brindar mayor seguridad a los usuarios que acuden al Complejo Asistencial<\/p>\n","protected":false},"author":1,"featured_media":29150,"comment_status":"open","ping_status":"open","sticky":false,"template":"","format":"standard","meta":{"colormag_page_container_layout":"default_layout","colormag_page_sidebar_layout":"default_layout","footnotes":""},"categories":[14],"tags":[5030,128,999,399],"class_list":["post-29149","post","type-post","status-publish","format-standard","has-post-thumbnail","hentry","category-temuco","tag-complejo-asistencial","tag-hospital","tag-plc","tag-seguridad"],"a3_pvc":{"activated":true,"total_views":51,"today_views":0},"_links":{"self":[{"href":"https:\/\/temucotelevision.cl\/web\/wp-json\/wp\/v2\/posts\/29149","targetHints":{"allow":["GET"]}}],"collection":[{"href":"https:\/\/temucotelevision.cl\/web\/wp-json\/wp\/v2\/posts"}],"about":[{"href":"https:\/\/temucotelevision.cl\/web\/wp-json\/wp\/v2\/types\/post"}],"author":[{"embeddable":true,"href":"https:\/\/temucotelevision.cl\/web\/wp-json\/wp\/v2\/users\/1"}],"replies":[{"embeddable":true,"href":"https:\/\/temucotelevision.cl\/web\/wp-json\/wp\/v2\/comments?post=29149"}],"version-history":[{"count":1,"href":"https:\/\/temucotelevision.cl\/web\/wp-json\/wp\/v2\/posts\/29149\/revisions"}],"predecessor-version":[{"id":29151,"href":"https:\/\/temucotelevision.cl\/web\/wp-json\/wp\/v2\/posts\/29149\/revisions\/29151"}],"wp:featuredmedia":[{"embeddable":true,"href":"https:\/\/temucotelevision.cl\/web\/wp-json\/wp\/v2\/media\/29150"}],"wp:attachment":[{"href":"https:\/\/temucotelevision.cl\/web\/wp-json\/wp\/v2\/media?parent=29149"}],"wp:term":[{"taxonomy":"category","embeddable":true,"href":"https:\/\/temucotelevision.cl\/web\/wp-json\/wp\/v2\/categories?post=29149"},{"taxonomy":"post_tag","embeddable":true,"href":"https:\/\/temucotelevision.cl\/web\/wp-json\/wp\/v2\/tags?post=29149"}],"curies":[{"name":"wp","href":"https:\/\/api.w.org\/{rel}","templated":true}]}}