{"id":29147,"date":"2022-02-01T15:02:02","date_gmt":"2022-02-01T18:02:02","guid":{"rendered":"https:\/\/temucotelevision.cl\/web\/?p=29147"},"modified":"2022-02-01T15:02:04","modified_gmt":"2022-02-01T18:02:04","slug":"covid-19-los-nuevos-casos-en-el-reporte-suman-1-590-en-la-araucania-644-en-temuco-y-plc-45","status":"publish","type":"post","link":"https:\/\/temucotelevision.cl\/web\/2022\/02\/01\/covid-19-los-nuevos-casos-en-el-reporte-suman-1-590-en-la-araucania-644-en-temuco-y-plc-45\/","title":{"rendered":"Covid-19: Los nuevos casos en el reporte suman 1.590 en La Araucan\u00eda, 644 en Temuco y PLC 45"},"content":{"rendered":"<div class=\"pvc_clear\"><\/div><p id=\"pvc_stats_29147\" class=\"pvc_stats total_only  \" data-element-id=\"29147\" style=\"\"><i class=\"pvc-stats-icon large\" aria-hidden=\"true\"><svg aria-hidden=\"true\" focusable=\"false\" data-prefix=\"far\" data-icon=\"chart-bar\" role=\"img\" xmlns=\"http:\/\/www.w3.org\/2000\/svg\" viewBox=\"0 0 512 512\" class=\"svg-inline--fa fa-chart-bar fa-w-16 fa-2x\"><path fill=\"currentColor\" d=\"M396.8 352h22.4c6.4 0 12.8-6.4 12.8-12.8V108.8c0-6.4-6.4-12.8-12.8-12.8h-22.4c-6.4 0-12.8 6.4-12.8 12.8v230.4c0 6.4 6.4 12.8 12.8 12.8zm-192 0h22.4c6.4 0 12.8-6.4 12.8-12.8V140.8c0-6.4-6.4-12.8-12.8-12.8h-22.4c-6.4 0-12.8 6.4-12.8 12.8v198.4c0 6.4 6.4 12.8 12.8 12.8zm96 0h22.4c6.4 0 12.8-6.4 12.8-12.8V204.8c0-6.4-6.4-12.8-12.8-12.8h-22.4c-6.4 0-12.8 6.4-12.8 12.8v134.4c0 6.4 6.4 12.8 12.8 12.8zM496 400H48V80c0-8.84-7.16-16-16-16H16C7.16 64 0 71.16 0 80v336c0 17.67 14.33 32 32 32h464c8.84 0 16-7.16 16-16v-16c0-8.84-7.16-16-16-16zm-387.2-48h22.4c6.4 0 12.8-6.4 12.8-12.8v-70.4c0-6.4-6.4-12.8-12.8-12.8h-22.4c-6.4 0-12.8 6.4-12.8 12.8v70.4c0 6.4 6.4 12.8 12.8 12.8z\" class=\"\"><\/path><\/svg><\/i> <img loading=\"lazy\" decoding=\"async\" width=\"16\" height=\"16\" alt=\"Loading\" src=\"https:\/\/temucotelevision.cl\/web\/wp-content\/plugins\/page-views-count\/ajax-loader-2x.gif\" border=0 \/><\/p><div class=\"pvc_clear\"><\/div>\n<p><strong>123.632 son los casos confirmados de COVID- 19 en La Araucan\u00eda.<\/strong><\/p>\n\n\n\n<p><strong>\u00a0<\/strong>Durante el d\u00eda ayer fueron 1.590 los nuevos casos confirmados de COVID- 19 en la regi\u00f3n. Estos nuevos casos sumados a los confirmados anteriormente, nos entregan la siguiente distribuci\u00f3n comunal:<\/p>\n\n\n\n<figure class=\"wp-block-table\"><table><tbody><tr><td><strong>Comuna de residencia *<\/strong><\/td><td><strong>N\u00b0 de casos<\/strong><\/td><td><strong>Casos nuevos<\/strong><\/td><td><strong>Casos activos<\/strong><\/td><\/tr><tr><td>Angol<\/td><td>6.713<\/td><td>96<\/td><td>345<\/td><\/tr><tr><td>Carahue<\/td><td>2.697<\/td><td>32<\/td><td>82<\/td><\/tr><tr><td>Chol-Chol<\/td><td>1.338<\/td><td>8<\/td><td>69<\/td><\/tr><tr><td>Collipulli<\/td><td>3.788<\/td><td>29<\/td><td>149<\/td><\/tr><tr><td>Cunco<\/td><td>1.967<\/td><td>12<\/td><td>65<\/td><\/tr><tr><td>Curacaut\u00edn<\/td><td>1.400<\/td><td>25<\/td><td>42<\/td><\/tr><tr><td>Curarrehue<\/td><td>1.036<\/td><td>32<\/td><td>43<\/td><\/tr><tr><td>Ercilla<\/td><td>1.307<\/td><td>5<\/td><td>16<\/td><\/tr><tr><td>Freire<\/td><td>2.923<\/td><td>28<\/td><td>61<\/td><\/tr><tr><td>Galvarino<\/td><td>2.390<\/td><td>17<\/td><td>64<\/td><\/tr><tr><td>Gorbea<\/td><td>1.604<\/td><td>12<\/td><td>65<\/td><\/tr><tr><td>Lautaro<\/td><td>5.113<\/td><td>27<\/td><td>165<\/td><\/tr><tr><td>Loncoche<\/td><td>2.425<\/td><td>44<\/td><td>119<\/td><\/tr><tr><td>Lonquimay<\/td><td>1.313<\/td><td>27<\/td><td>75<\/td><\/tr><tr><td>Los Sauces<\/td><td>982<\/td><td>1<\/td><td>18<\/td><\/tr><tr><td>Lumaco<\/td><td>1.109<\/td><td>1<\/td><td>4<\/td><\/tr><tr><td>Melipeuco<\/td><td>608<\/td><td>&#8211;<\/td><td>15<\/td><\/tr><tr><td>Nueva Imperial<\/td><td>3.554<\/td><td>48<\/td><td>184<\/td><\/tr><tr><td>Padre Las Casas<\/td><td>9.833<\/td><td>45<\/td><td>335<\/td><\/tr><tr><td>Perquenco<\/td><td>1.203<\/td><td>8<\/td><td>25<\/td><\/tr><tr><td>Pitrufqu\u00e9n<\/td><td>2.837<\/td><td>11<\/td><td>120<\/td><\/tr><tr><td>Puc\u00f3n<\/td><td>4.211<\/td><td>72<\/td><td>265<\/td><\/tr><tr><td>Pur\u00e9n<\/td><td>1.299<\/td><td>16<\/td><td>107<\/td><\/tr><tr><td>Renaico<\/td><td>1.669<\/td><td>5<\/td><td>60<\/td><\/tr><tr><td>Saavedra<\/td><td>1.806<\/td><td>43<\/td><td>89<\/td><\/tr><tr><td>Temuco<\/td><td>37.421<\/td><td>644<\/td><td>2.290<\/td><\/tr><tr><td>Teodoro Schmidt<\/td><td>1.797<\/td><td>14<\/td><td>30<\/td><\/tr><tr><td>Tolt\u00e9n<\/td><td>1.235<\/td><td>13<\/td><td>36<\/td><\/tr><tr><td>Traigu\u00e9n<\/td><td>1.943<\/td><td>16<\/td><td>77<\/td><\/tr><tr><td>Victoria<\/td><td>3.956<\/td><td>60<\/td><td>185<\/td><\/tr><tr><td>Vilc\u00fan<\/td><td>3.589<\/td><td>10<\/td><td>128<\/td><\/tr><tr><td>Villarrica<\/td><td>7.422<\/td><td>171<\/td><td>455<\/td><\/tr><tr><td><strong>Total General<\/strong><\/td><td><strong>122.488<\/strong><\/td><td><strong>1.572<\/strong><\/td><td><strong>5.783<\/strong><\/td><\/tr><tr><td>*Informaci\u00f3n susceptible de ser modificada, en relaci\u00f3n a los resultados de las investigaciones Epidemiol\u00f3gicas.<strong><\/strong><\/td><td>(Se extraen 1.144 casos del an\u00e1lisis, puesto que presentan residencia en otras regiones).&nbsp;&nbsp;<\/td><td>&nbsp;<\/td><td>** Se extraen 77&nbsp;del total de activos que presentan domicilio en otra regi\u00f3n<\/td><\/tr><\/tbody><\/table><\/figure>\n\n\n\n<figure class=\"wp-block-table\"><table><tbody><tr><td><strong>Casos nuevos<\/strong><\/td><td><strong>Sintom\u00e1ticos&nbsp;<\/strong><\/td><td><strong>Asintom\u00e1ticos<\/strong><\/td><td><strong>Casos nuevos no notificados<\/strong><strong><\/strong><\/td><\/tr><tr><td><strong>1.590<\/strong><\/td><td><strong>823<\/strong><\/td><td><strong>214<\/strong><\/td><td><strong>553<\/strong><\/td><\/tr><\/tbody><\/table><\/figure>\n\n\n\n<p><strong>Cambios de Residencia<\/strong><\/p>\n\n\n\n<figure class=\"wp-block-table\"><table><tbody><tr><td><strong>Ajuste Minsal<\/strong><\/td><td>6<\/td><td><em>Se suma en ambos detalles.<\/em><\/td><\/tr><\/tbody><\/table><\/figure>\n\n\n\n<p><strong>Ex\u00e1menes PCR procesados en las \u00faltimas 24 hrs.<\/strong><\/p>\n\n\n\n<figure class=\"wp-block-table\"><table><tbody><tr><td>N\u00b0 de Muestras procesadas.(31.01.2022)<\/td><td>5.264<\/td><\/tr><\/tbody><\/table><\/figure>\n\n\n\n<figure class=\"wp-block-table\"><table><tbody><tr><td><strong>Activos<\/strong><\/td><td><strong>N\u00b0 de Casos&nbsp;<\/strong><\/td><td><strong>Porcentaje<\/strong><\/td><\/tr><tr><td>Si&nbsp;<\/td><td>5.783<\/td><td>4.8%<\/td><\/tr><tr><td>No<\/td><td>115.152<\/td><td>95.2%<\/td><\/tr><\/tbody><\/table><\/figure>\n\n\n\n<p>*Se excluyen del an\u00e1lisis los pacientes fallecidos.<\/p>\n\n\n\n<p><strong>Casos confirmados por sexo<\/strong><\/p>\n\n\n\n<figure class=\"wp-block-table\"><table><tbody><tr><td><strong>Sexo<\/strong><\/td><td><strong>N\u00b0 Casos<\/strong><\/td><td><strong>Porcentaje<\/strong><\/td><\/tr><tr><td>Hombre<\/td><td>59.539<\/td><td>48,6%<\/td><\/tr><tr><td>Mujer<\/td><td>62.949<\/td><td>51,4%<\/td><\/tr><\/tbody><\/table><\/figure>\n\n\n\n<figure class=\"wp-block-table\"><table><tbody><tr><td><strong>&nbsp;<\/strong><\/td><td><strong>Total<\/strong><\/td><\/tr><tr><td><strong>Fallecidos<\/strong><\/td><td><strong>1.581<\/strong><\/td><\/tr><\/tbody><\/table><\/figure>\n\n\n\n<p>De la totalidad de casos, 143 se encuentran hospitalizados, de estos 36 en Unidades de Paciente Cr\u00edtico (UTI 14 \u2013 UCI 22) y 16 conectados a ventilador mec\u00e1nico, los cuales se encuentran en establecimientos de la red p\u00fablica.<\/p>\n","protected":false},"excerpt":{"rendered":"<div class=\"pvc_clear\"><\/div>\n<p id=\"pvc_stats_29147\" class=\"pvc_stats total_only  \" data-element-id=\"29147\" style=\"\"><i class=\"pvc-stats-icon large\" aria-hidden=\"true\"><svg aria-hidden=\"true\" focusable=\"false\" data-prefix=\"far\" data-icon=\"chart-bar\" role=\"img\" xmlns=\"http:\/\/www.w3.org\/2000\/svg\" viewBox=\"0 0 512 512\" class=\"svg-inline--fa fa-chart-bar fa-w-16 fa-2x\"><path fill=\"currentColor\" d=\"M396.8 352h22.4c6.4 0 12.8-6.4 12.8-12.8V108.8c0-6.4-6.4-12.8-12.8-12.8h-22.4c-6.4 0-12.8 6.4-12.8 12.8v230.4c0 6.4 6.4 12.8 12.8 12.8zm-192 0h22.4c6.4 0 12.8-6.4 12.8-12.8V140.8c0-6.4-6.4-12.8-12.8-12.8h-22.4c-6.4 0-12.8 6.4-12.8 12.8v198.4c0 6.4 6.4 12.8 12.8 12.8zm96 0h22.4c6.4 0 12.8-6.4 12.8-12.8V204.8c0-6.4-6.4-12.8-12.8-12.8h-22.4c-6.4 0-12.8 6.4-12.8 12.8v134.4c0 6.4 6.4 12.8 12.8 12.8zM496 400H48V80c0-8.84-7.16-16-16-16H16C7.16 64 0 71.16 0 80v336c0 17.67 14.33 32 32 32h464c8.84 0 16-7.16 16-16v-16c0-8.84-7.16-16-16-16zm-387.2-48h22.4c6.4 0 12.8-6.4 12.8-12.8v-70.4c0-6.4-6.4-12.8-12.8-12.8h-22.4c-6.4 0-12.8 6.4-12.8 12.8v70.4c0 6.4 6.4 12.8 12.8 12.8z\" class=\"\"><\/path><\/svg><\/i> <img loading=\"lazy\" decoding=\"async\" width=\"16\" height=\"16\" alt=\"Loading\" src=\"https:\/\/temucotelevision.cl\/web\/wp-content\/plugins\/page-views-count\/ajax-loader-2x.gif\" border=0 \/><\/p>\n<div class=\"pvc_clear\"><\/div>\n<p>123.632 son los casos confirmados de COVID- 19 en La Araucan\u00eda. \u00a0Durante el d\u00eda ayer fueron 1.590 los nuevos casos<\/p>\n","protected":false},"author":1,"featured_media":12208,"comment_status":"open","ping_status":"open","sticky":false,"template":"","format":"standard","meta":{"colormag_page_container_layout":"default_layout","colormag_page_sidebar_layout":"default_layout","footnotes":""},"categories":[15],"tags":[2314,2347,2326,2304,2312,170],"class_list":["post-29147","post","type-post","status-publish","format-standard","has-post-thumbnail","hentry","category-la-araucania","tag-casos","tag-contagios","tag-covid","tag-covid-19","tag-pandemia","tag-region"],"a3_pvc":{"activated":true,"total_views":36,"today_views":0},"_links":{"self":[{"href":"https:\/\/temucotelevision.cl\/web\/wp-json\/wp\/v2\/posts\/29147","targetHints":{"allow":["GET"]}}],"collection":[{"href":"https:\/\/temucotelevision.cl\/web\/wp-json\/wp\/v2\/posts"}],"about":[{"href":"https:\/\/temucotelevision.cl\/web\/wp-json\/wp\/v2\/types\/post"}],"author":[{"embeddable":true,"href":"https:\/\/temucotelevision.cl\/web\/wp-json\/wp\/v2\/users\/1"}],"replies":[{"embeddable":true,"href":"https:\/\/temucotelevision.cl\/web\/wp-json\/wp\/v2\/comments?post=29147"}],"version-history":[{"count":1,"href":"https:\/\/temucotelevision.cl\/web\/wp-json\/wp\/v2\/posts\/29147\/revisions"}],"predecessor-version":[{"id":29148,"href":"https:\/\/temucotelevision.cl\/web\/wp-json\/wp\/v2\/posts\/29147\/revisions\/29148"}],"wp:featuredmedia":[{"embeddable":true,"href":"https:\/\/temucotelevision.cl\/web\/wp-json\/wp\/v2\/media\/12208"}],"wp:attachment":[{"href":"https:\/\/temucotelevision.cl\/web\/wp-json\/wp\/v2\/media?parent=29147"}],"wp:term":[{"taxonomy":"category","embeddable":true,"href":"https:\/\/temucotelevision.cl\/web\/wp-json\/wp\/v2\/categories?post=29147"},{"taxonomy":"post_tag","embeddable":true,"href":"https:\/\/temucotelevision.cl\/web\/wp-json\/wp\/v2\/tags?post=29147"}],"curies":[{"name":"wp","href":"https:\/\/api.w.org\/{rel}","templated":true}]}}