{"id":29144,"date":"2022-01-31T23:36:03","date_gmt":"2022-02-01T02:36:03","guid":{"rendered":"https:\/\/temucotelevision.cl\/web\/?p=29144"},"modified":"2022-01-31T23:36:04","modified_gmt":"2022-02-01T02:36:04","slug":"diputado-electo-mauricio-ojeda-con-respecto-a-la-cc-es-exactamente-lo-mismo-que-hemos-visto-en-paises-comunistas","status":"publish","type":"post","link":"https:\/\/temucotelevision.cl\/web\/2022\/01\/31\/diputado-electo-mauricio-ojeda-con-respecto-a-la-cc-es-exactamente-lo-mismo-que-hemos-visto-en-paises-comunistas\/","title":{"rendered":"Diputado electo Mauricio Ojeda con respecto a la CC: &#8220;Es exactamente lo mismo que hemos visto en pa\u00edses comunistas&#8221;"},"content":{"rendered":"<div class=\"pvc_clear\"><\/div><p id=\"pvc_stats_29144\" class=\"pvc_stats total_only  \" data-element-id=\"29144\" style=\"\"><i class=\"pvc-stats-icon large\" aria-hidden=\"true\"><svg aria-hidden=\"true\" focusable=\"false\" data-prefix=\"far\" data-icon=\"chart-bar\" role=\"img\" xmlns=\"http:\/\/www.w3.org\/2000\/svg\" viewBox=\"0 0 512 512\" class=\"svg-inline--fa fa-chart-bar fa-w-16 fa-2x\"><path fill=\"currentColor\" d=\"M396.8 352h22.4c6.4 0 12.8-6.4 12.8-12.8V108.8c0-6.4-6.4-12.8-12.8-12.8h-22.4c-6.4 0-12.8 6.4-12.8 12.8v230.4c0 6.4 6.4 12.8 12.8 12.8zm-192 0h22.4c6.4 0 12.8-6.4 12.8-12.8V140.8c0-6.4-6.4-12.8-12.8-12.8h-22.4c-6.4 0-12.8 6.4-12.8 12.8v198.4c0 6.4 6.4 12.8 12.8 12.8zm96 0h22.4c6.4 0 12.8-6.4 12.8-12.8V204.8c0-6.4-6.4-12.8-12.8-12.8h-22.4c-6.4 0-12.8 6.4-12.8 12.8v134.4c0 6.4 6.4 12.8 12.8 12.8zM496 400H48V80c0-8.84-7.16-16-16-16H16C7.16 64 0 71.16 0 80v336c0 17.67 14.33 32 32 32h464c8.84 0 16-7.16 16-16v-16c0-8.84-7.16-16-16-16zm-387.2-48h22.4c6.4 0 12.8-6.4 12.8-12.8v-70.4c0-6.4-6.4-12.8-12.8-12.8h-22.4c-6.4 0-12.8 6.4-12.8 12.8v70.4c0 6.4 6.4 12.8 12.8 12.8z\" class=\"\"><\/path><\/svg><\/i> <img loading=\"lazy\" decoding=\"async\" width=\"16\" height=\"16\" alt=\"Loading\" src=\"https:\/\/temucotelevision.cl\/web\/wp-content\/plugins\/page-views-count\/ajax-loader-2x.gif\" border=0 \/><\/p><div class=\"pvc_clear\"><\/div>\n<p><em>El Diputado electo en La Araucan\u00eda se refiri\u00f3 a las normas aprobadas por el \u00f3rgano constituyente, tales como: la reelecci\u00f3n presidencial, la eliminaci\u00f3n del Senado y la creaci\u00f3n de un Estado Plurinacional y Multicultural.<\/em><\/p>\n\n\n\n<p>&nbsp;&nbsp;&nbsp;&nbsp;&nbsp;Tras las recientes iniciativas aprobadas por parte de la Convenci\u00f3n Constitucional, el Diputado electo de La Araucan\u00eda, Mauricio Ojeda, realiz\u00f3 una serie de declaraciones con respecto al rumbo que podr\u00eda tomar el pa\u00eds con las actuales medidas que han sido visadas por los convencionales.<\/p>\n\n\n\n<p>&#8220;Lo primero que debo decir es que algo huele mal en la Convenci\u00f3n Constituyente y no veo que vaya a avanzar de forma positiva algo de all\u00ed. El totalitarismo de izquierda se est\u00e1 tomando la convenci\u00f3n respecto del presidencialismo atenuado, lo que es un traje hecho a la medida para Gabriel Boric&#8221; se\u00f1al\u00f3 el futuro parlamentario, con respecto a la norma que permite la reelecci\u00f3n inmediata del Presidente de la Rep\u00fablica.<\/p>\n\n\n\n<p>Asimismo, agreg\u00f3 &#8220;la gente de izquierda lo que quiere es que se mantenga y perpet\u00fae en el poder (Gabriel Boric) y eso es tremendamente peligroso para nuestro pa\u00eds (&#8230;) es exactamente lo que hemos visto en pa\u00edses comunistas que bajo esta misma f\u00f3rmula comienzan a quedarse de manera perpetua en el poder&#8221;.<\/p>\n\n\n\n<p>&nbsp;&nbsp;&nbsp;&nbsp;&nbsp;Con respecto a la eliminaci\u00f3n del Senado, Ojeda manifest\u00f3 que esto surge porque &#8220;existe una equiparidad pol\u00edtica, la cual no se hab\u00eda dado, por eso no les conviene. Ahora eliminarlo de cierta manera, pero pasando la misma cantidad de personas hacia la C\u00e1mara \u00danica que se crear\u00eda. Entonces en definitiva no hay una reducci\u00f3n que beneficie al presupuesto del pa\u00eds&#8221; puntualiz\u00f3.<\/p>\n\n\n\n<p>&nbsp;&nbsp;&nbsp;&nbsp;&nbsp;Adem\u00e1s el parlamentario electo mostr\u00f3 preocupaci\u00f3n por la norma que aprueba que Chile sea un pa\u00eds Plurinacional y Multicultural, &#8220;es tremendamente peligroso porque esto lo que busca en definitiva, es un autogobierno. Y la pregunta es \u00bfc\u00f3mo los Pueblos Originarios y los Pueblos Ind\u00edgenas van a autogobernarse en sus territorios, etc?&#8221;.<\/p>\n\n\n\n<p>&#8220;Claramente aqu\u00ed hay una tendencia clara y marcada de la extrema izquierda que est\u00e1 queriendo pasar a llevar absolutamente todo. Y cuando digo autogobierno lo que incluyen dentro de los textos, es tener justicia propia, que ellos tengan una justicia distinta a la chilena, por lo tanto esto me huele muy mal y estoy tremendamente preocupado de lo que pueda salir de la Convenci\u00f3n Constituyente&#8221; finaliz\u00f3.<\/p>\n","protected":false},"excerpt":{"rendered":"<div class=\"pvc_clear\"><\/div>\n<p id=\"pvc_stats_29144\" class=\"pvc_stats total_only  \" data-element-id=\"29144\" style=\"\"><i class=\"pvc-stats-icon large\" aria-hidden=\"true\"><svg aria-hidden=\"true\" focusable=\"false\" data-prefix=\"far\" data-icon=\"chart-bar\" role=\"img\" xmlns=\"http:\/\/www.w3.org\/2000\/svg\" viewBox=\"0 0 512 512\" class=\"svg-inline--fa fa-chart-bar fa-w-16 fa-2x\"><path fill=\"currentColor\" d=\"M396.8 352h22.4c6.4 0 12.8-6.4 12.8-12.8V108.8c0-6.4-6.4-12.8-12.8-12.8h-22.4c-6.4 0-12.8 6.4-12.8 12.8v230.4c0 6.4 6.4 12.8 12.8 12.8zm-192 0h22.4c6.4 0 12.8-6.4 12.8-12.8V140.8c0-6.4-6.4-12.8-12.8-12.8h-22.4c-6.4 0-12.8 6.4-12.8 12.8v198.4c0 6.4 6.4 12.8 12.8 12.8zm96 0h22.4c6.4 0 12.8-6.4 12.8-12.8V204.8c0-6.4-6.4-12.8-12.8-12.8h-22.4c-6.4 0-12.8 6.4-12.8 12.8v134.4c0 6.4 6.4 12.8 12.8 12.8zM496 400H48V80c0-8.84-7.16-16-16-16H16C7.16 64 0 71.16 0 80v336c0 17.67 14.33 32 32 32h464c8.84 0 16-7.16 16-16v-16c0-8.84-7.16-16-16-16zm-387.2-48h22.4c6.4 0 12.8-6.4 12.8-12.8v-70.4c0-6.4-6.4-12.8-12.8-12.8h-22.4c-6.4 0-12.8 6.4-12.8 12.8v70.4c0 6.4 6.4 12.8 12.8 12.8z\" class=\"\"><\/path><\/svg><\/i> <img loading=\"lazy\" decoding=\"async\" width=\"16\" height=\"16\" alt=\"Loading\" src=\"https:\/\/temucotelevision.cl\/web\/wp-content\/plugins\/page-views-count\/ajax-loader-2x.gif\" border=0 \/><\/p>\n<div class=\"pvc_clear\"><\/div>\n<p>El Diputado electo en La Araucan\u00eda se refiri\u00f3 a las normas aprobadas por el \u00f3rgano constituyente, tales como: la reelecci\u00f3n<\/p>\n","protected":false},"author":1,"featured_media":29145,"comment_status":"open","ping_status":"open","sticky":false,"template":"","format":"standard","meta":{"colormag_page_container_layout":"default_layout","colormag_page_sidebar_layout":"default_layout","footnotes":""},"categories":[84],"tags":[3493,154,3818],"class_list":["post-29144","post","type-post","status-publish","format-standard","has-post-thumbnail","hentry","category-politica","tag-convencion-constitucional","tag-diputado","tag-electo"],"a3_pvc":{"activated":true,"total_views":233,"today_views":0},"_links":{"self":[{"href":"https:\/\/temucotelevision.cl\/web\/wp-json\/wp\/v2\/posts\/29144","targetHints":{"allow":["GET"]}}],"collection":[{"href":"https:\/\/temucotelevision.cl\/web\/wp-json\/wp\/v2\/posts"}],"about":[{"href":"https:\/\/temucotelevision.cl\/web\/wp-json\/wp\/v2\/types\/post"}],"author":[{"embeddable":true,"href":"https:\/\/temucotelevision.cl\/web\/wp-json\/wp\/v2\/users\/1"}],"replies":[{"embeddable":true,"href":"https:\/\/temucotelevision.cl\/web\/wp-json\/wp\/v2\/comments?post=29144"}],"version-history":[{"count":1,"href":"https:\/\/temucotelevision.cl\/web\/wp-json\/wp\/v2\/posts\/29144\/revisions"}],"predecessor-version":[{"id":29146,"href":"https:\/\/temucotelevision.cl\/web\/wp-json\/wp\/v2\/posts\/29144\/revisions\/29146"}],"wp:featuredmedia":[{"embeddable":true,"href":"https:\/\/temucotelevision.cl\/web\/wp-json\/wp\/v2\/media\/29145"}],"wp:attachment":[{"href":"https:\/\/temucotelevision.cl\/web\/wp-json\/wp\/v2\/media?parent=29144"}],"wp:term":[{"taxonomy":"category","embeddable":true,"href":"https:\/\/temucotelevision.cl\/web\/wp-json\/wp\/v2\/categories?post=29144"},{"taxonomy":"post_tag","embeddable":true,"href":"https:\/\/temucotelevision.cl\/web\/wp-json\/wp\/v2\/tags?post=29144"}],"curies":[{"name":"wp","href":"https:\/\/api.w.org\/{rel}","templated":true}]}}