{"id":29136,"date":"2022-01-31T23:15:20","date_gmt":"2022-02-01T02:15:20","guid":{"rendered":"https:\/\/temucotelevision.cl\/web\/?p=29136"},"modified":"2022-01-31T23:15:22","modified_gmt":"2022-02-01T02:15:22","slug":"auto-electrico-recorrio-3-500-kilometros-para-dar-a-conocer-la-electromovilidad-entre-taxistas-y-colectiveros-del-pais-%ef%bb%bf","status":"publish","type":"post","link":"https:\/\/temucotelevision.cl\/web\/2022\/01\/31\/auto-electrico-recorrio-3-500-kilometros-para-dar-a-conocer-la-electromovilidad-entre-taxistas-y-colectiveros-del-pais-%ef%bb%bf\/","title":{"rendered":"Auto el\u00e9ctrico recorri\u00f3 3.500 kil\u00f3metros para dar a conocer la electromovilidad entre taxistas y colectiveros del pa\u00eds \ufeff"},"content":{"rendered":"<div class=\"pvc_clear\"><\/div><p id=\"pvc_stats_29136\" class=\"pvc_stats total_only  \" data-element-id=\"29136\" style=\"\"><i class=\"pvc-stats-icon large\" aria-hidden=\"true\"><svg aria-hidden=\"true\" focusable=\"false\" data-prefix=\"far\" data-icon=\"chart-bar\" role=\"img\" xmlns=\"http:\/\/www.w3.org\/2000\/svg\" viewBox=\"0 0 512 512\" class=\"svg-inline--fa fa-chart-bar fa-w-16 fa-2x\"><path fill=\"currentColor\" d=\"M396.8 352h22.4c6.4 0 12.8-6.4 12.8-12.8V108.8c0-6.4-6.4-12.8-12.8-12.8h-22.4c-6.4 0-12.8 6.4-12.8 12.8v230.4c0 6.4 6.4 12.8 12.8 12.8zm-192 0h22.4c6.4 0 12.8-6.4 12.8-12.8V140.8c0-6.4-6.4-12.8-12.8-12.8h-22.4c-6.4 0-12.8 6.4-12.8 12.8v198.4c0 6.4 6.4 12.8 12.8 12.8zm96 0h22.4c6.4 0 12.8-6.4 12.8-12.8V204.8c0-6.4-6.4-12.8-12.8-12.8h-22.4c-6.4 0-12.8 6.4-12.8 12.8v134.4c0 6.4 6.4 12.8 12.8 12.8zM496 400H48V80c0-8.84-7.16-16-16-16H16C7.16 64 0 71.16 0 80v336c0 17.67 14.33 32 32 32h464c8.84 0 16-7.16 16-16v-16c0-8.84-7.16-16-16-16zm-387.2-48h22.4c6.4 0 12.8-6.4 12.8-12.8v-70.4c0-6.4-6.4-12.8-12.8-12.8h-22.4c-6.4 0-12.8 6.4-12.8 12.8v70.4c0 6.4 6.4 12.8 12.8 12.8z\" class=\"\"><\/path><\/svg><\/i> <img loading=\"lazy\" decoding=\"async\" width=\"16\" height=\"16\" alt=\"Loading\" src=\"https:\/\/temucotelevision.cl\/web\/wp-content\/plugins\/page-views-count\/ajax-loader-2x.gif\" border=0 \/><\/p><div class=\"pvc_clear\"><\/div>\n<p>Hace 3 semanas comenz\u00f3 la llamada \u201cruta de la electromovilidad\u201d que permiti\u00f3 a dirigentes nacionales de la Confederaci\u00f3n Nacional de Taxis Colectivos de Chile, Conatacoch, encabezados por su presidente, H\u00e9ctor Sandoval, recorrer a bordo de un autom\u00f3vil el\u00e9ctrico de la empresa Voltera, 3.500 kil\u00f3metros por Chile para conocer e informar sobre la electromovilidad entre sus asociados taxistas y colectiveros de las distintas regiones del pa\u00eds.<\/p>\n\n\n\n<p>La \u2018ruta de la electromovilidad\u2019 parti\u00f3 el 13 de enero en la ciudad de Rancagua, donde la directiva nacional se reuni\u00f3 con dirigentes&nbsp;y representantes de organizaciones de taxis colectivos de la VI Regi\u00f3n, en una jornada donde se abordaron las ventajas y posibles inconvenientes iniciales que puede tener el transporte el\u00e9ctrico y su positivo impacto tanto en la experiencia de los usuarios como en el medioambiente, adem\u00e1s de temas concernientes al fortalecimiento gremial. En la oportunidad, los asociados apreciaron en terreno el autom\u00f3vil el\u00e9ctrico de la empresa Voltera, que destaca por una autonom\u00eda de 360 kil\u00f3metros reales.<\/p>\n\n\n\n<p>El viernes 14 la \u2018ruta de la electromovilidad\u2019 se traslad\u00f3 a las comunas de Talagante, Pe\u00f1aflor y Melipilla en la Regi\u00f3n Metropolitana. El lunes 17 estuvo en Puerto Montt; el mi\u00e9rcoles 19 en la Araucan\u00eda; el jueves 20 en Talca; el viernes 21 en Curic\u00f3; y el martes 25 enero arrib\u00f3 a Coquimbo para terminar en la comuna de San Bernardo el 27 de enero. Debido a los aumentos de casos de COVID 19 se suspendi\u00f3 el trayecto a otras regiones hasta marzo.<\/p>\n\n\n\n<p>El presidente de Conatacoch, H\u00e9ctor Sandoval, precis\u00f3 que \u201ctomamos la decisi\u00f3n de hacer el recorrido con un auto chino porque hay que derribar bastantes mitos y hay que conocer efectivamente cu\u00e1l es el comportamiento, destacando el confort y la tecnolog\u00eda que trae, Nos planteamos el desaf\u00edo inicial de recorrer 2 mil kil\u00f3metros, pero llegamos finalmente a m\u00e1s de 3,5 mil kil\u00f3metros el d\u00eda que estuvimos en Coquimbo\u201d.<\/p>\n\n\n\n<p><strong>Sandoval dijo que se le plante\u00f3 al comando del presidente electo Boric y se reunir\u00e1n a la brevedad con el nuevo ministro de Transporte, Juan Carlos Mu\u00f1oz, que asumir\u00e1 en marzo, para que el gobierno de Gabriel Boric libere del cobro de IVA a las primeras 10 mil unidades de autom\u00f3viles el\u00e9ctricos que entren al mercado, generando un real incentivo a la electromovilidad en Chile entre taxis colectivos, que son parte de la red de transporte de pasajeros.<\/strong><\/p>\n\n\n\n<p><strong>\u201cEste es un tema pa\u00eds y lo debemos asumir entre todos, eso costar\u00eda al estado 65 millones de d\u00f3lares en un lapso de 4 a\u00f1os. Con ello ingresar\u00edan muchas marcas, modelos y se completar\u00eda la red de abastecimiento debidamente homologada. Adem\u00e1s de mantener el subsidio contemplado en la ley espejo\u201d, agreg\u00f3<\/strong><\/p>\n\n\n\n<p>\u201cDespu\u00e9s -sostuvo- de haber transitado m\u00e1s de 3,5 mil kil\u00f3metros en un auto el\u00e9ctrico chino se pueden derribar varios mitos. Se dice que es un auto que no tiene fuerza, lo cual no es as\u00ed. Este tiene una velocidad constante y tiene una muy suave conducci\u00f3n. Es sumamente tecnol\u00f3gico\u201d.<\/p>\n\n\n\n<p>\u201cEs cierto que pudimos constatar que para grandes distancias hay inconvenientes porque la red de abastecimiento no es completa: hay sectores en que est\u00e1 muy distante en kil\u00f3metros un surtidor de otro y eso es complicado, hacia el norte solo llegan hasta La Serena y por el sur a Puerto Montt. Pero al interior de las ciudades que es donde operan las l\u00edneas de taxis colectivos, existe la posibilidad de que s\u00ed puedan funcionar, porque se pueden recargar las bater\u00edas en las casas con una instalaci\u00f3n de cargador o en la red tradicional y, hay surtidores donde se puede cargar en espacios urbanos como lo hicimos en Copec Voltec, Shell o Saesa. Es importante que se homologuen los conectores para que las compa\u00f1\u00edas puedan servir para los diferentes tipos de veh\u00edculos\u201d, precis\u00f3 Sandoval.<strong>&nbsp;<\/strong><\/p>\n","protected":false},"excerpt":{"rendered":"<div class=\"pvc_clear\"><\/div>\n<p id=\"pvc_stats_29136\" class=\"pvc_stats total_only  \" data-element-id=\"29136\" style=\"\"><i class=\"pvc-stats-icon large\" aria-hidden=\"true\"><svg aria-hidden=\"true\" focusable=\"false\" data-prefix=\"far\" data-icon=\"chart-bar\" role=\"img\" xmlns=\"http:\/\/www.w3.org\/2000\/svg\" viewBox=\"0 0 512 512\" class=\"svg-inline--fa fa-chart-bar fa-w-16 fa-2x\"><path fill=\"currentColor\" d=\"M396.8 352h22.4c6.4 0 12.8-6.4 12.8-12.8V108.8c0-6.4-6.4-12.8-12.8-12.8h-22.4c-6.4 0-12.8 6.4-12.8 12.8v230.4c0 6.4 6.4 12.8 12.8 12.8zm-192 0h22.4c6.4 0 12.8-6.4 12.8-12.8V140.8c0-6.4-6.4-12.8-12.8-12.8h-22.4c-6.4 0-12.8 6.4-12.8 12.8v198.4c0 6.4 6.4 12.8 12.8 12.8zm96 0h22.4c6.4 0 12.8-6.4 12.8-12.8V204.8c0-6.4-6.4-12.8-12.8-12.8h-22.4c-6.4 0-12.8 6.4-12.8 12.8v134.4c0 6.4 6.4 12.8 12.8 12.8zM496 400H48V80c0-8.84-7.16-16-16-16H16C7.16 64 0 71.16 0 80v336c0 17.67 14.33 32 32 32h464c8.84 0 16-7.16 16-16v-16c0-8.84-7.16-16-16-16zm-387.2-48h22.4c6.4 0 12.8-6.4 12.8-12.8v-70.4c0-6.4-6.4-12.8-12.8-12.8h-22.4c-6.4 0-12.8 6.4-12.8 12.8v70.4c0 6.4 6.4 12.8 12.8 12.8z\" class=\"\"><\/path><\/svg><\/i> <img loading=\"lazy\" decoding=\"async\" width=\"16\" height=\"16\" alt=\"Loading\" src=\"https:\/\/temucotelevision.cl\/web\/wp-content\/plugins\/page-views-count\/ajax-loader-2x.gif\" border=0 \/><\/p>\n<div class=\"pvc_clear\"><\/div>\n<p>Hace 3 semanas comenz\u00f3 la llamada \u201cruta de la electromovilidad\u201d que permiti\u00f3 a dirigentes nacionales de la Confederaci\u00f3n Nacional de<\/p>\n","protected":false},"author":1,"featured_media":28666,"comment_status":"open","ping_status":"open","sticky":false,"template":"","format":"standard","meta":{"colormag_page_container_layout":"default_layout","colormag_page_sidebar_layout":"default_layout","footnotes":""},"categories":[101],"tags":[1690,2664,4972,331,5026],"class_list":["post-29136","post","type-post","status-publish","format-standard","has-post-thumbnail","hentry","category-actualidad","tag-auto","tag-colectivos","tag-electrico","tag-pais","tag-taxistas"],"a3_pvc":{"activated":true,"total_views":59,"today_views":0},"_links":{"self":[{"href":"https:\/\/temucotelevision.cl\/web\/wp-json\/wp\/v2\/posts\/29136","targetHints":{"allow":["GET"]}}],"collection":[{"href":"https:\/\/temucotelevision.cl\/web\/wp-json\/wp\/v2\/posts"}],"about":[{"href":"https:\/\/temucotelevision.cl\/web\/wp-json\/wp\/v2\/types\/post"}],"author":[{"embeddable":true,"href":"https:\/\/temucotelevision.cl\/web\/wp-json\/wp\/v2\/users\/1"}],"replies":[{"embeddable":true,"href":"https:\/\/temucotelevision.cl\/web\/wp-json\/wp\/v2\/comments?post=29136"}],"version-history":[{"count":1,"href":"https:\/\/temucotelevision.cl\/web\/wp-json\/wp\/v2\/posts\/29136\/revisions"}],"predecessor-version":[{"id":29137,"href":"https:\/\/temucotelevision.cl\/web\/wp-json\/wp\/v2\/posts\/29136\/revisions\/29137"}],"wp:featuredmedia":[{"embeddable":true,"href":"https:\/\/temucotelevision.cl\/web\/wp-json\/wp\/v2\/media\/28666"}],"wp:attachment":[{"href":"https:\/\/temucotelevision.cl\/web\/wp-json\/wp\/v2\/media?parent=29136"}],"wp:term":[{"taxonomy":"category","embeddable":true,"href":"https:\/\/temucotelevision.cl\/web\/wp-json\/wp\/v2\/categories?post=29136"},{"taxonomy":"post_tag","embeddable":true,"href":"https:\/\/temucotelevision.cl\/web\/wp-json\/wp\/v2\/tags?post=29136"}],"curies":[{"name":"wp","href":"https:\/\/api.w.org\/{rel}","templated":true}]}}