{"id":29128,"date":"2022-01-31T21:00:32","date_gmt":"2022-02-01T00:00:32","guid":{"rendered":"https:\/\/temucotelevision.cl\/web\/?p=29128"},"modified":"2022-01-31T21:00:33","modified_gmt":"2022-02-01T00:00:33","slug":"el-comediante-arturo-ruiz-tagle-interpretara-a-adan-en-su-nuevo-show-la-apologia-de-adan-el-paraiso-perdido","status":"publish","type":"post","link":"https:\/\/temucotelevision.cl\/web\/2022\/01\/31\/el-comediante-arturo-ruiz-tagle-interpretara-a-adan-en-su-nuevo-show-la-apologia-de-adan-el-paraiso-perdido\/","title":{"rendered":"El Comediante Arturo Ru\u00edz-Tagle interpretar\u00e1 a Ad\u00e1n en su nuevo show &#8220;La Apolog\u00eda de Ad\u00e1n, El Para\u00edso Perdido&#8221;"},"content":{"rendered":"<div class=\"pvc_clear\"><\/div><p id=\"pvc_stats_29128\" class=\"pvc_stats total_only  \" data-element-id=\"29128\" style=\"\"><i class=\"pvc-stats-icon large\" aria-hidden=\"true\"><svg aria-hidden=\"true\" focusable=\"false\" data-prefix=\"far\" data-icon=\"chart-bar\" role=\"img\" xmlns=\"http:\/\/www.w3.org\/2000\/svg\" viewBox=\"0 0 512 512\" class=\"svg-inline--fa fa-chart-bar fa-w-16 fa-2x\"><path fill=\"currentColor\" d=\"M396.8 352h22.4c6.4 0 12.8-6.4 12.8-12.8V108.8c0-6.4-6.4-12.8-12.8-12.8h-22.4c-6.4 0-12.8 6.4-12.8 12.8v230.4c0 6.4 6.4 12.8 12.8 12.8zm-192 0h22.4c6.4 0 12.8-6.4 12.8-12.8V140.8c0-6.4-6.4-12.8-12.8-12.8h-22.4c-6.4 0-12.8 6.4-12.8 12.8v198.4c0 6.4 6.4 12.8 12.8 12.8zm96 0h22.4c6.4 0 12.8-6.4 12.8-12.8V204.8c0-6.4-6.4-12.8-12.8-12.8h-22.4c-6.4 0-12.8 6.4-12.8 12.8v134.4c0 6.4 6.4 12.8 12.8 12.8zM496 400H48V80c0-8.84-7.16-16-16-16H16C7.16 64 0 71.16 0 80v336c0 17.67 14.33 32 32 32h464c8.84 0 16-7.16 16-16v-16c0-8.84-7.16-16-16-16zm-387.2-48h22.4c6.4 0 12.8-6.4 12.8-12.8v-70.4c0-6.4-6.4-12.8-12.8-12.8h-22.4c-6.4 0-12.8 6.4-12.8 12.8v70.4c0 6.4 6.4 12.8 12.8 12.8z\" class=\"\"><\/path><\/svg><\/i> <img loading=\"lazy\" decoding=\"async\" width=\"16\" height=\"16\" alt=\"Loading\" src=\"https:\/\/temucotelevision.cl\/web\/wp-content\/plugins\/page-views-count\/ajax-loader-2x.gif\" border=0 \/><\/p><div class=\"pvc_clear\"><\/div>\n<p><strong>El humorista chileno presentar\u00e1 este s\u00e1bado 5 de febrero su nuevo espect\u00e1culo de stand-up comedy en el local santiaguino Club Amanda.<\/strong><\/p>\n\n\n\n<p>Con el personaje b\u00edblico de Ad\u00e1n regresa el comediante Arturo Ruiz Tagle a los escenarios en lo que promete ser un show cargado de risas. El humorista chileno con amplia trayectoria en escenarios tan destacados como el Festival de Vi\u00f1a del Mar visitar\u00e1 el local Club Amanda para mostrar su nuevo espect\u00e1culo.<\/p>\n\n\n\n<p>Huyendo del manicomio, Ruiz-Tagle se va al sur a un refugio familiar en el popular lago Caburgua donde se encuentra con personajes de la \u00e9lite, la pol\u00edtica y far\u00e1ndula nacional, ex-presidentes incluidos y hasta un ovni. Luego, en una epifan\u00eda donde el comediante interpreta a Ad\u00e1n, Ruiz-Tagle busca en los cuentos de la historia alg\u00fan lider que sirva como gu\u00eda en esta \u00e9poca de la humanidad que parece tan apocal\u00edptica.<\/p>\n\n\n\n<p>El humorista har\u00e1 los mejores chistes sobre t\u00f3picos de ayer y hoy, sexo, pol\u00edtica, religi\u00f3n, rock and roll y todo sin censura, por supuesto. El show titulo \u201cLa apolog\u00eda de Ad\u00e1n, el para\u00edso perdido\u201d est\u00e1 agendado para el s\u00e1bado 5 de febrero en Club Amanda y la cita es a las 20:00 hrs. Las entradas tienen un valor de $10.000\u00a0y se pueden adquirir a trav\u00e9s de\u00a0<a rel=\"noreferrer noopener\" href=\"https:\/\/www.passline.com\/eventos\/arturo-ruiztagle-standup-la-apologia-de-adan-el-paraiso-perdido-sabado-5-de-febrero-club-amanda-87399\" target=\"_blank\">Passline.<\/a><\/p>\n\n\n\n<figure class=\"wp-block-image is-resized\"><img loading=\"lazy\" decoding=\"async\" src=\"https:\/\/mcusercontent.com\/79a86e888635868c7967a8ae8\/images\/7fc66d2b-066d-6be2-9316-7999a0cf806b.jpg\" alt=\"\" width=\"723\" height=\"723\"\/><\/figure>\n\n\n\n<p><\/p>\n\n\n\n<p><\/p>\n\n\n\n<p><\/p>\n","protected":false},"excerpt":{"rendered":"<div class=\"pvc_clear\"><\/div>\n<p id=\"pvc_stats_29128\" class=\"pvc_stats total_only  \" data-element-id=\"29128\" style=\"\"><i class=\"pvc-stats-icon large\" aria-hidden=\"true\"><svg aria-hidden=\"true\" focusable=\"false\" data-prefix=\"far\" data-icon=\"chart-bar\" role=\"img\" xmlns=\"http:\/\/www.w3.org\/2000\/svg\" viewBox=\"0 0 512 512\" class=\"svg-inline--fa fa-chart-bar fa-w-16 fa-2x\"><path fill=\"currentColor\" d=\"M396.8 352h22.4c6.4 0 12.8-6.4 12.8-12.8V108.8c0-6.4-6.4-12.8-12.8-12.8h-22.4c-6.4 0-12.8 6.4-12.8 12.8v230.4c0 6.4 6.4 12.8 12.8 12.8zm-192 0h22.4c6.4 0 12.8-6.4 12.8-12.8V140.8c0-6.4-6.4-12.8-12.8-12.8h-22.4c-6.4 0-12.8 6.4-12.8 12.8v198.4c0 6.4 6.4 12.8 12.8 12.8zm96 0h22.4c6.4 0 12.8-6.4 12.8-12.8V204.8c0-6.4-6.4-12.8-12.8-12.8h-22.4c-6.4 0-12.8 6.4-12.8 12.8v134.4c0 6.4 6.4 12.8 12.8 12.8zM496 400H48V80c0-8.84-7.16-16-16-16H16C7.16 64 0 71.16 0 80v336c0 17.67 14.33 32 32 32h464c8.84 0 16-7.16 16-16v-16c0-8.84-7.16-16-16-16zm-387.2-48h22.4c6.4 0 12.8-6.4 12.8-12.8v-70.4c0-6.4-6.4-12.8-12.8-12.8h-22.4c-6.4 0-12.8 6.4-12.8 12.8v70.4c0 6.4 6.4 12.8 12.8 12.8z\" class=\"\"><\/path><\/svg><\/i> <img loading=\"lazy\" decoding=\"async\" width=\"16\" height=\"16\" alt=\"Loading\" src=\"https:\/\/temucotelevision.cl\/web\/wp-content\/plugins\/page-views-count\/ajax-loader-2x.gif\" border=0 \/><\/p>\n<div class=\"pvc_clear\"><\/div>\n<p>El humorista chileno presentar\u00e1 este s\u00e1bado 5 de febrero su nuevo espect\u00e1culo de stand-up comedy en el local santiaguino Club<\/p>\n","protected":false},"author":1,"featured_media":29129,"comment_status":"open","ping_status":"open","sticky":false,"template":"","format":"standard","meta":{"colormag_page_container_layout":"default_layout","colormag_page_sidebar_layout":"default_layout","footnotes":""},"categories":[18,86],"tags":[],"class_list":["post-29128","post","type-post","status-publish","format-standard","has-post-thumbnail","hentry","category-nacional","category-panoramas"],"a3_pvc":{"activated":true,"total_views":184,"today_views":0},"_links":{"self":[{"href":"https:\/\/temucotelevision.cl\/web\/wp-json\/wp\/v2\/posts\/29128","targetHints":{"allow":["GET"]}}],"collection":[{"href":"https:\/\/temucotelevision.cl\/web\/wp-json\/wp\/v2\/posts"}],"about":[{"href":"https:\/\/temucotelevision.cl\/web\/wp-json\/wp\/v2\/types\/post"}],"author":[{"embeddable":true,"href":"https:\/\/temucotelevision.cl\/web\/wp-json\/wp\/v2\/users\/1"}],"replies":[{"embeddable":true,"href":"https:\/\/temucotelevision.cl\/web\/wp-json\/wp\/v2\/comments?post=29128"}],"version-history":[{"count":3,"href":"https:\/\/temucotelevision.cl\/web\/wp-json\/wp\/v2\/posts\/29128\/revisions"}],"predecessor-version":[{"id":29132,"href":"https:\/\/temucotelevision.cl\/web\/wp-json\/wp\/v2\/posts\/29128\/revisions\/29132"}],"wp:featuredmedia":[{"embeddable":true,"href":"https:\/\/temucotelevision.cl\/web\/wp-json\/wp\/v2\/media\/29129"}],"wp:attachment":[{"href":"https:\/\/temucotelevision.cl\/web\/wp-json\/wp\/v2\/media?parent=29128"}],"wp:term":[{"taxonomy":"category","embeddable":true,"href":"https:\/\/temucotelevision.cl\/web\/wp-json\/wp\/v2\/categories?post=29128"},{"taxonomy":"post_tag","embeddable":true,"href":"https:\/\/temucotelevision.cl\/web\/wp-json\/wp\/v2\/tags?post=29128"}],"curies":[{"name":"wp","href":"https:\/\/api.w.org\/{rel}","templated":true}]}}