{"id":29126,"date":"2022-01-31T21:01:47","date_gmt":"2022-02-01T00:01:47","guid":{"rendered":"https:\/\/temucotelevision.cl\/web\/?p=29126"},"modified":"2022-01-31T21:02:13","modified_gmt":"2022-02-01T00:02:13","slug":"pucon-retrocede-al-paso-2-de-transicion-desde-el-02-de-febrero","status":"publish","type":"post","link":"https:\/\/temucotelevision.cl\/web\/2022\/01\/31\/pucon-retrocede-al-paso-2-de-transicion-desde-el-02-de-febrero\/","title":{"rendered":"Puc\u00f3n retrocede al Paso 2 de Transici\u00f3n desde el 02 de Febrero"},"content":{"rendered":"<div class=\"pvc_clear\"><\/div><p id=\"pvc_stats_29126\" class=\"pvc_stats total_only  \" data-element-id=\"29126\" style=\"\"><i class=\"pvc-stats-icon large\" aria-hidden=\"true\"><svg aria-hidden=\"true\" focusable=\"false\" data-prefix=\"far\" data-icon=\"chart-bar\" role=\"img\" xmlns=\"http:\/\/www.w3.org\/2000\/svg\" viewBox=\"0 0 512 512\" class=\"svg-inline--fa fa-chart-bar fa-w-16 fa-2x\"><path fill=\"currentColor\" d=\"M396.8 352h22.4c6.4 0 12.8-6.4 12.8-12.8V108.8c0-6.4-6.4-12.8-12.8-12.8h-22.4c-6.4 0-12.8 6.4-12.8 12.8v230.4c0 6.4 6.4 12.8 12.8 12.8zm-192 0h22.4c6.4 0 12.8-6.4 12.8-12.8V140.8c0-6.4-6.4-12.8-12.8-12.8h-22.4c-6.4 0-12.8 6.4-12.8 12.8v198.4c0 6.4 6.4 12.8 12.8 12.8zm96 0h22.4c6.4 0 12.8-6.4 12.8-12.8V204.8c0-6.4-6.4-12.8-12.8-12.8h-22.4c-6.4 0-12.8 6.4-12.8 12.8v134.4c0 6.4 6.4 12.8 12.8 12.8zM496 400H48V80c0-8.84-7.16-16-16-16H16C7.16 64 0 71.16 0 80v336c0 17.67 14.33 32 32 32h464c8.84 0 16-7.16 16-16v-16c0-8.84-7.16-16-16-16zm-387.2-48h22.4c6.4 0 12.8-6.4 12.8-12.8v-70.4c0-6.4-6.4-12.8-12.8-12.8h-22.4c-6.4 0-12.8 6.4-12.8 12.8v70.4c0 6.4 6.4 12.8 12.8 12.8z\" class=\"\"><\/path><\/svg><\/i> <img loading=\"lazy\" decoding=\"async\" width=\"16\" height=\"16\" alt=\"Loading\" src=\"https:\/\/temucotelevision.cl\/web\/wp-content\/plugins\/page-views-count\/ajax-loader-2x.gif\" border=0 \/><\/p><div class=\"pvc_clear\"><\/div>\n<p><strong>La comuna lacustre baja al PASO 2 de Transici\u00f3n a partir de las 05 hrs del pr\u00f3ximo mi\u00e9rcoles 2 de febrero, esto debido a los altos \u00edndices de contagio de los \u00faltimos d\u00edas.<\/strong><\/p>\n\n\n\n<p>Lamentablemente la comuna de Puc\u00f3n sufre un nuevo retroceso en el Plan Paso a Paso, del Ministerio de Salud, que perjudicar\u00e1 principalmente los aforos en espacios cerrados de restaurantes, hoteles y oficinas p\u00fablicas, entre otros. Durante la jornada de este lunes, el Ministerio de Salud, inform\u00f3 que la comuna lacustre baja a fase 2 de transici\u00f3n a partir de las 05 hrs del pr\u00f3ximo mi\u00e9rcoles 2 de febrero, esto debido a los altos \u00edndices de contagio de los \u00faltimos d\u00edas.<\/p>\n\n\n\n<p>Seg\u00fan el reporte de hoy, Puc\u00f3n sum\u00f3 67 nuevos casos de Covid -19, sumando as\u00ed un total de 281 casos activos, lo que ha puesto en alerta tanto al Departamento de Salud Municipal como al Cl\u00ednico San Francisco de la comuna lacustre.<\/p>\n\n\n\n<p>Al respecto el alcalde Carlos Barra, mencion\u00f3 que desde hace unas semanas que ven\u00edan advirtiendo esta alza en los contagios, por lo que ya hab\u00eda decretado la suspensi\u00f3n de eventos masivos y un reforzamiento del testeo y horas m\u00e9dicas. \u201cEs lamentable este retroceso de fase, especialmente por los aforos en restaurantes, hoteles y lugares de esparcimiento. Nosotros nos hab\u00edamos adelantado a lo que podr\u00eda pasar, as\u00ed que decretamos cancelar los eventos patrocinados por el municipio como tambi\u00e9n instruimos al departamento de salud, aumentar los testeos y las horas de urgencia. Pero si nosotros, no nos cuidamos, nada de lo que hagamos va a funcionar\u201d.<\/p>\n\n\n\n<p>Por su parte el director del Centro de Salud Familiar (Cesfam), Pablo Flores, coment\u00f3 que la situaci\u00f3n sanitaria en la comuna es cr\u00edtica, comparada con igual fecha del a\u00f1o 2021. \u201cSi comparamos los casos de Enero del a\u00f1o pasado, en esta misma fecha el n\u00famero de personas contagiadas era de 450 personas. Ahora los casos han aumentado, superando los 793 casos al 27 de enero\u201d, expres\u00f3 el directivo.&nbsp;<\/p>\n\n\n\n<p>Para enfrentar esta alta tasa de contagios, Flores expres\u00f3 que se ha reforzado el testeo en distintos puntos de la comuna, en el Cesfam se ha aumentado el horario de testeo como tambi\u00e9n el que est\u00e1 ubicado en el frontis del municipio. Por ahora, \u201cse est\u00e1 evaluando mantener un tercer punto de testeo que atender\u00eda en diferentes sectores de la ciudad, especialmente donde exista una mayor afluencia de p\u00fablico. Y por \u00faltimo reforzaremos la atenci\u00f3n de urgencia con m\u00e1s horas de m\u00e9dicas, enfermeras y tens, todo con el prop\u00f3sito de dar cobertura a la alta demanda de consultas respiratorias\u201d.<\/p>\n","protected":false},"excerpt":{"rendered":"<div class=\"pvc_clear\"><\/div>\n<p id=\"pvc_stats_29126\" class=\"pvc_stats total_only  \" data-element-id=\"29126\" style=\"\"><i class=\"pvc-stats-icon large\" aria-hidden=\"true\"><svg aria-hidden=\"true\" focusable=\"false\" data-prefix=\"far\" data-icon=\"chart-bar\" role=\"img\" xmlns=\"http:\/\/www.w3.org\/2000\/svg\" viewBox=\"0 0 512 512\" class=\"svg-inline--fa fa-chart-bar fa-w-16 fa-2x\"><path fill=\"currentColor\" d=\"M396.8 352h22.4c6.4 0 12.8-6.4 12.8-12.8V108.8c0-6.4-6.4-12.8-12.8-12.8h-22.4c-6.4 0-12.8 6.4-12.8 12.8v230.4c0 6.4 6.4 12.8 12.8 12.8zm-192 0h22.4c6.4 0 12.8-6.4 12.8-12.8V140.8c0-6.4-6.4-12.8-12.8-12.8h-22.4c-6.4 0-12.8 6.4-12.8 12.8v198.4c0 6.4 6.4 12.8 12.8 12.8zm96 0h22.4c6.4 0 12.8-6.4 12.8-12.8V204.8c0-6.4-6.4-12.8-12.8-12.8h-22.4c-6.4 0-12.8 6.4-12.8 12.8v134.4c0 6.4 6.4 12.8 12.8 12.8zM496 400H48V80c0-8.84-7.16-16-16-16H16C7.16 64 0 71.16 0 80v336c0 17.67 14.33 32 32 32h464c8.84 0 16-7.16 16-16v-16c0-8.84-7.16-16-16-16zm-387.2-48h22.4c6.4 0 12.8-6.4 12.8-12.8v-70.4c0-6.4-6.4-12.8-12.8-12.8h-22.4c-6.4 0-12.8 6.4-12.8 12.8v70.4c0 6.4 6.4 12.8 12.8 12.8z\" class=\"\"><\/path><\/svg><\/i> <img loading=\"lazy\" decoding=\"async\" width=\"16\" height=\"16\" alt=\"Loading\" src=\"https:\/\/temucotelevision.cl\/web\/wp-content\/plugins\/page-views-count\/ajax-loader-2x.gif\" border=0 \/><\/p>\n<div class=\"pvc_clear\"><\/div>\n<p>La comuna lacustre baja al PASO 2 de Transici\u00f3n a partir de las 05 hrs del pr\u00f3ximo mi\u00e9rcoles 2 de<\/p>\n","protected":false},"author":1,"featured_media":29133,"comment_status":"open","ping_status":"open","sticky":false,"template":"","format":"standard","meta":{"colormag_page_container_layout":"default_layout","colormag_page_sidebar_layout":"default_layout","footnotes":""},"categories":[15],"tags":[2347,2304,2312,2792,205],"class_list":["post-29126","post","type-post","status-publish","format-standard","has-post-thumbnail","hentry","category-la-araucania","tag-contagios","tag-covid-19","tag-pandemia","tag-paso-a-paso","tag-plan"],"a3_pvc":{"activated":true,"total_views":27,"today_views":0},"_links":{"self":[{"href":"https:\/\/temucotelevision.cl\/web\/wp-json\/wp\/v2\/posts\/29126","targetHints":{"allow":["GET"]}}],"collection":[{"href":"https:\/\/temucotelevision.cl\/web\/wp-json\/wp\/v2\/posts"}],"about":[{"href":"https:\/\/temucotelevision.cl\/web\/wp-json\/wp\/v2\/types\/post"}],"author":[{"embeddable":true,"href":"https:\/\/temucotelevision.cl\/web\/wp-json\/wp\/v2\/users\/1"}],"replies":[{"embeddable":true,"href":"https:\/\/temucotelevision.cl\/web\/wp-json\/wp\/v2\/comments?post=29126"}],"version-history":[{"count":2,"href":"https:\/\/temucotelevision.cl\/web\/wp-json\/wp\/v2\/posts\/29126\/revisions"}],"predecessor-version":[{"id":29135,"href":"https:\/\/temucotelevision.cl\/web\/wp-json\/wp\/v2\/posts\/29126\/revisions\/29135"}],"wp:featuredmedia":[{"embeddable":true,"href":"https:\/\/temucotelevision.cl\/web\/wp-json\/wp\/v2\/media\/29133"}],"wp:attachment":[{"href":"https:\/\/temucotelevision.cl\/web\/wp-json\/wp\/v2\/media?parent=29126"}],"wp:term":[{"taxonomy":"category","embeddable":true,"href":"https:\/\/temucotelevision.cl\/web\/wp-json\/wp\/v2\/categories?post=29126"},{"taxonomy":"post_tag","embeddable":true,"href":"https:\/\/temucotelevision.cl\/web\/wp-json\/wp\/v2\/tags?post=29126"}],"curies":[{"name":"wp","href":"https:\/\/api.w.org\/{rel}","templated":true}]}}