{"id":29116,"date":"2022-01-31T16:00:08","date_gmt":"2022-01-31T19:00:08","guid":{"rendered":"https:\/\/temucotelevision.cl\/web\/?p=29116"},"modified":"2022-01-31T16:00:10","modified_gmt":"2022-01-31T19:00:10","slug":"mineduc-le-da-nueva-vida-y-color-a-la-multicancha-del-liceo-publico-trovolhue","status":"publish","type":"post","link":"https:\/\/temucotelevision.cl\/web\/2022\/01\/31\/mineduc-le-da-nueva-vida-y-color-a-la-multicancha-del-liceo-publico-trovolhue\/","title":{"rendered":"Mineduc le da nueva vida y color a la multicancha del Liceo P\u00fablico Trovolhue"},"content":{"rendered":"<div class=\"pvc_clear\"><\/div><p id=\"pvc_stats_29116\" class=\"pvc_stats total_only  \" data-element-id=\"29116\" style=\"\"><i class=\"pvc-stats-icon large\" aria-hidden=\"true\"><svg aria-hidden=\"true\" focusable=\"false\" data-prefix=\"far\" data-icon=\"chart-bar\" role=\"img\" xmlns=\"http:\/\/www.w3.org\/2000\/svg\" viewBox=\"0 0 512 512\" class=\"svg-inline--fa fa-chart-bar fa-w-16 fa-2x\"><path fill=\"currentColor\" d=\"M396.8 352h22.4c6.4 0 12.8-6.4 12.8-12.8V108.8c0-6.4-6.4-12.8-12.8-12.8h-22.4c-6.4 0-12.8 6.4-12.8 12.8v230.4c0 6.4 6.4 12.8 12.8 12.8zm-192 0h22.4c6.4 0 12.8-6.4 12.8-12.8V140.8c0-6.4-6.4-12.8-12.8-12.8h-22.4c-6.4 0-12.8 6.4-12.8 12.8v198.4c0 6.4 6.4 12.8 12.8 12.8zm96 0h22.4c6.4 0 12.8-6.4 12.8-12.8V204.8c0-6.4-6.4-12.8-12.8-12.8h-22.4c-6.4 0-12.8 6.4-12.8 12.8v134.4c0 6.4 6.4 12.8 12.8 12.8zM496 400H48V80c0-8.84-7.16-16-16-16H16C7.16 64 0 71.16 0 80v336c0 17.67 14.33 32 32 32h464c8.84 0 16-7.16 16-16v-16c0-8.84-7.16-16-16-16zm-387.2-48h22.4c6.4 0 12.8-6.4 12.8-12.8v-70.4c0-6.4-6.4-12.8-12.8-12.8h-22.4c-6.4 0-12.8 6.4-12.8 12.8v70.4c0 6.4 6.4 12.8 12.8 12.8z\" class=\"\"><\/path><\/svg><\/i> <img loading=\"lazy\" decoding=\"async\" width=\"16\" height=\"16\" alt=\"Loading\" src=\"https:\/\/temucotelevision.cl\/web\/wp-content\/plugins\/page-views-count\/ajax-loader-2x.gif\" border=0 \/><\/p><div class=\"pvc_clear\"><\/div>\n<ul class=\"wp-block-list\"><li><em>Gracias a la iniciativa&nbsp;<strong>\u201cDe Cancha en Cancha, Juntos creamos escuela\u201d,<\/strong>&nbsp;desde septiembre de 2021, ya se han realizado intervenciones art\u00edsticas en seis de estos espacios compartidos de establecimientos educacionales, de un total de 10 contempladas para los pr\u00f3ximos meses.<\/em><\/li><\/ul>\n\n\n\n<ul class=\"wp-block-list\"><li><em>Cada intervenci\u00f3n tiene un costo cercano a los $16 millones y est\u00e1 considerada para una escuela por cada Servicio Local de Educaci\u00f3n P\u00fablica ya funcionando a lo largo del pa\u00eds.<\/em><\/li><\/ul>\n\n\n\n<p>Para fomentar la convivencia escolar y apoyar el aprendizaje socioemocional de las comunidades educativas, el Ministerio de Educaci\u00f3n lanz\u00f3 el proyecto&nbsp;<strong>&#8220;De cancha en Cancha, Juntos creamos escuela\u201d<\/strong>, una iniciativa de intervenci\u00f3n art\u00edstica para las multicanchas escolares, donde el Liceo P\u00fablico Trovolhue, en Carahue, finaliz\u00f3 sus arreglos que dar\u00e1n nueva vida al establecimiento.<\/p>\n\n\n\n<p>Para la intervenci\u00f3n de estos espacios, el Mineduc invit\u00f3 a las escuelas a repensar sus canchas y patios con el fin de impulsar la sana convivencia en entornos educativos, promoviendo valores como la empat\u00eda, el respeto, la inclusi\u00f3n y la colaboraci\u00f3n a trav\u00e9s de metodolog\u00edas centradas en el desarrollo integral de los estudiantes.<\/p>\n\n\n\n<p>El resultado se traduce en escuelas con mucho color y espacios m\u00e1s significativos, acogedores y seguros para el aprendizaje de ni\u00f1as, ni\u00f1os y j\u00f3venes.&nbsp;<strong>\u201cPara el Ministerio de Educaci\u00f3n es primordial que cada establecimiento educacional fomente una buena convivencia entre todos los integrantes de las comunidades escolares, por eso gracias al proyecto \u201cDe cancha en cancha\u201d potenciamos la escuela como espacio de participaci\u00f3n, recreaci\u00f3n y fomento a la convivencia escolar y a una cultura escolar positiva\u201d,<\/strong>resalt\u00f3 el Seremi de Educaci\u00f3n (s), Mario Jorquera.<\/p>\n\n\n\n<p>Por su parte, la directora del Liceo P\u00fablico Trovolhue, Alejandra Lav\u00edn, destac\u00f3 el compromiso de la comunidad educativa en querer ser part\u00edcipe de este proyecto durante el periodo de las vacaciones de verano, y as\u00ed generar un espacio recreativo para los 180 alumnos que estudian en el establecimiento.<\/p>\n\n\n\n<p><strong>\u201cEste tipo de proyecto fomenta el pensamiento cr\u00edtico de nuestros estudiantes a trav\u00e9s de estos talleres que vienen a nutrir nuestro proyecto educativo. As\u00ed que estamos felices de que se nos abran estas oportunidades, felices que se considere el liceo que, para aspectos burocr\u00e1ticos es un liceo urbano, pero en la realidad est\u00e1 inserto en una localidad rural, y atiende a alumnos vulnerables; una vulnerabilidad que alcanza -dentro de la unidad educativa- el 98% de sus estudiantes\u201d,<\/strong>&nbsp;argument\u00f3 la directora.<\/p>\n\n\n\n<p><strong>Intervenciones<\/strong><\/p>\n\n\n\n<p>Desde septiembre de 2021 a la fecha, ya se han realizado intervenciones en seis escuelas de un total de 10 que se tienen contempladas como inicio de este programa. Cada intervenci\u00f3n tiene un costo cercano a los $16 millones y est\u00e1 contemplada para una escuela por cada Servicio Local de Educaci\u00f3n P\u00fablica (SLEP) ya funcionando a lo largo del pa\u00eds, de acuerdo con nivel de vulnerabilidad, cantidad de estudiantes, factibilidad t\u00e9cnica y cumplimiento de las normas de convivencia escolar.<\/p>\n\n\n\n<p>Para realizar las intervenciones, la gesti\u00f3n est\u00e1 a cargo de Metro21 \u2013galer\u00eda de arte urbano\u2013, que levanta la informaci\u00f3n con la comunidad educativa y que luego es plasmada por artistas como una obra abstracta sobre las canchas, etapa donde se invita a la comunidad a ser parte del proceso de ejecuci\u00f3n, como tambi\u00e9n junto a otros talleres y acciones de reciclaje. &nbsp;&nbsp;&nbsp;&nbsp;&nbsp;&nbsp;<\/p>\n\n\n\n<p>El objetivo central de la Pol\u00edtica Nacional de Convivencia Escolar es el aprendizaje de modos de convivir, que posibiliten relaciones de respeto, de inclusi\u00f3n y de participaci\u00f3n democr\u00e1tica<\/p>\n\n\n\n<figure class=\"wp-block-image size-large\"><img loading=\"lazy\" decoding=\"async\" width=\"1024\" height=\"768\" src=\"https:\/\/temucotelevision.cl\/web\/wp-content\/uploads\/2022\/01\/FOTO-proyecto-cancha-en-cancha-5-1024x768.jpg\" alt=\"\" class=\"wp-image-29118\" srcset=\"https:\/\/temucotelevision.cl\/web\/wp-content\/uploads\/2022\/01\/FOTO-proyecto-cancha-en-cancha-5-1024x768.jpg 1024w, https:\/\/temucotelevision.cl\/web\/wp-content\/uploads\/2022\/01\/FOTO-proyecto-cancha-en-cancha-5-768x576.jpg 768w, https:\/\/temucotelevision.cl\/web\/wp-content\/uploads\/2022\/01\/FOTO-proyecto-cancha-en-cancha-5-1536x1152.jpg 1536w, https:\/\/temucotelevision.cl\/web\/wp-content\/uploads\/2022\/01\/FOTO-proyecto-cancha-en-cancha-5.jpg 1600w\" sizes=\"auto, (max-width: 1024px) 100vw, 1024px\" \/><figcaption>default<\/figcaption><\/figure>\n\n\n\n<figure class=\"wp-block-image size-large\"><img loading=\"lazy\" decoding=\"async\" width=\"1024\" height=\"576\" src=\"https:\/\/temucotelevision.cl\/web\/wp-content\/uploads\/2022\/01\/FOTO-proyecto-cancha-en-cancha-1-1024x576.jpg\" alt=\"\" class=\"wp-image-29119\" srcset=\"https:\/\/temucotelevision.cl\/web\/wp-content\/uploads\/2022\/01\/FOTO-proyecto-cancha-en-cancha-1-1024x576.jpg 1024w, https:\/\/temucotelevision.cl\/web\/wp-content\/uploads\/2022\/01\/FOTO-proyecto-cancha-en-cancha-1-768x432.jpg 768w, https:\/\/temucotelevision.cl\/web\/wp-content\/uploads\/2022\/01\/FOTO-proyecto-cancha-en-cancha-1-1536x864.jpg 1536w, https:\/\/temucotelevision.cl\/web\/wp-content\/uploads\/2022\/01\/FOTO-proyecto-cancha-en-cancha-1.jpg 1600w\" sizes=\"auto, (max-width: 1024px) 100vw, 1024px\" \/><\/figure>\n","protected":false},"excerpt":{"rendered":"<div class=\"pvc_clear\"><\/div>\n<p id=\"pvc_stats_29116\" class=\"pvc_stats total_only  \" data-element-id=\"29116\" style=\"\"><i class=\"pvc-stats-icon large\" aria-hidden=\"true\"><svg aria-hidden=\"true\" focusable=\"false\" data-prefix=\"far\" data-icon=\"chart-bar\" role=\"img\" xmlns=\"http:\/\/www.w3.org\/2000\/svg\" viewBox=\"0 0 512 512\" class=\"svg-inline--fa fa-chart-bar fa-w-16 fa-2x\"><path fill=\"currentColor\" d=\"M396.8 352h22.4c6.4 0 12.8-6.4 12.8-12.8V108.8c0-6.4-6.4-12.8-12.8-12.8h-22.4c-6.4 0-12.8 6.4-12.8 12.8v230.4c0 6.4 6.4 12.8 12.8 12.8zm-192 0h22.4c6.4 0 12.8-6.4 12.8-12.8V140.8c0-6.4-6.4-12.8-12.8-12.8h-22.4c-6.4 0-12.8 6.4-12.8 12.8v198.4c0 6.4 6.4 12.8 12.8 12.8zm96 0h22.4c6.4 0 12.8-6.4 12.8-12.8V204.8c0-6.4-6.4-12.8-12.8-12.8h-22.4c-6.4 0-12.8 6.4-12.8 12.8v134.4c0 6.4 6.4 12.8 12.8 12.8zM496 400H48V80c0-8.84-7.16-16-16-16H16C7.16 64 0 71.16 0 80v336c0 17.67 14.33 32 32 32h464c8.84 0 16-7.16 16-16v-16c0-8.84-7.16-16-16-16zm-387.2-48h22.4c6.4 0 12.8-6.4 12.8-12.8v-70.4c0-6.4-6.4-12.8-12.8-12.8h-22.4c-6.4 0-12.8 6.4-12.8 12.8v70.4c0 6.4 6.4 12.8 12.8 12.8z\" class=\"\"><\/path><\/svg><\/i> <img loading=\"lazy\" decoding=\"async\" width=\"16\" height=\"16\" alt=\"Loading\" src=\"https:\/\/temucotelevision.cl\/web\/wp-content\/plugins\/page-views-count\/ajax-loader-2x.gif\" border=0 \/><\/p>\n<div class=\"pvc_clear\"><\/div>\n<p>Gracias a la iniciativa&nbsp;\u201cDe Cancha en Cancha, Juntos creamos escuela\u201d,&nbsp;desde septiembre de 2021, ya se han realizado intervenciones art\u00edsticas en<\/p>\n","protected":false},"author":1,"featured_media":29117,"comment_status":"open","ping_status":"open","sticky":false,"template":"","format":"standard","meta":{"colormag_page_container_layout":"default_layout","colormag_page_sidebar_layout":"default_layout","footnotes":""},"categories":[14],"tags":[302,1202],"class_list":["post-29116","post","type-post","status-publish","format-standard","has-post-thumbnail","hentry","category-temuco","tag-liceo","tag-mineduc"],"a3_pvc":{"activated":true,"total_views":95,"today_views":0},"_links":{"self":[{"href":"https:\/\/temucotelevision.cl\/web\/wp-json\/wp\/v2\/posts\/29116","targetHints":{"allow":["GET"]}}],"collection":[{"href":"https:\/\/temucotelevision.cl\/web\/wp-json\/wp\/v2\/posts"}],"about":[{"href":"https:\/\/temucotelevision.cl\/web\/wp-json\/wp\/v2\/types\/post"}],"author":[{"embeddable":true,"href":"https:\/\/temucotelevision.cl\/web\/wp-json\/wp\/v2\/users\/1"}],"replies":[{"embeddable":true,"href":"https:\/\/temucotelevision.cl\/web\/wp-json\/wp\/v2\/comments?post=29116"}],"version-history":[{"count":1,"href":"https:\/\/temucotelevision.cl\/web\/wp-json\/wp\/v2\/posts\/29116\/revisions"}],"predecessor-version":[{"id":29120,"href":"https:\/\/temucotelevision.cl\/web\/wp-json\/wp\/v2\/posts\/29116\/revisions\/29120"}],"wp:featuredmedia":[{"embeddable":true,"href":"https:\/\/temucotelevision.cl\/web\/wp-json\/wp\/v2\/media\/29117"}],"wp:attachment":[{"href":"https:\/\/temucotelevision.cl\/web\/wp-json\/wp\/v2\/media?parent=29116"}],"wp:term":[{"taxonomy":"category","embeddable":true,"href":"https:\/\/temucotelevision.cl\/web\/wp-json\/wp\/v2\/categories?post=29116"},{"taxonomy":"post_tag","embeddable":true,"href":"https:\/\/temucotelevision.cl\/web\/wp-json\/wp\/v2\/tags?post=29116"}],"curies":[{"name":"wp","href":"https:\/\/api.w.org\/{rel}","templated":true}]}}