{"id":29108,"date":"2022-01-31T14:41:10","date_gmt":"2022-01-31T17:41:10","guid":{"rendered":"https:\/\/temucotelevision.cl\/web\/?p=29108"},"modified":"2022-01-31T14:48:15","modified_gmt":"2022-01-31T17:48:15","slug":"covid-19-aumentan-a-1-609-los-nuevos-casos-en-la-araucania-temuco-suma-582-y-plc-95","status":"publish","type":"post","link":"https:\/\/temucotelevision.cl\/web\/2022\/01\/31\/covid-19-aumentan-a-1-609-los-nuevos-casos-en-la-araucania-temuco-suma-582-y-plc-95\/","title":{"rendered":"Covid-19: Aumentan a 1.609 los nuevos casos en La Araucan\u00eda, Temuco suma 582 Y PLC 95"},"content":{"rendered":"<div class=\"pvc_clear\"><\/div><p id=\"pvc_stats_29108\" class=\"pvc_stats total_only  \" data-element-id=\"29108\" style=\"\"><i class=\"pvc-stats-icon large\" aria-hidden=\"true\"><svg aria-hidden=\"true\" focusable=\"false\" data-prefix=\"far\" data-icon=\"chart-bar\" role=\"img\" xmlns=\"http:\/\/www.w3.org\/2000\/svg\" viewBox=\"0 0 512 512\" class=\"svg-inline--fa fa-chart-bar fa-w-16 fa-2x\"><path fill=\"currentColor\" d=\"M396.8 352h22.4c6.4 0 12.8-6.4 12.8-12.8V108.8c0-6.4-6.4-12.8-12.8-12.8h-22.4c-6.4 0-12.8 6.4-12.8 12.8v230.4c0 6.4 6.4 12.8 12.8 12.8zm-192 0h22.4c6.4 0 12.8-6.4 12.8-12.8V140.8c0-6.4-6.4-12.8-12.8-12.8h-22.4c-6.4 0-12.8 6.4-12.8 12.8v198.4c0 6.4 6.4 12.8 12.8 12.8zm96 0h22.4c6.4 0 12.8-6.4 12.8-12.8V204.8c0-6.4-6.4-12.8-12.8-12.8h-22.4c-6.4 0-12.8 6.4-12.8 12.8v134.4c0 6.4 6.4 12.8 12.8 12.8zM496 400H48V80c0-8.84-7.16-16-16-16H16C7.16 64 0 71.16 0 80v336c0 17.67 14.33 32 32 32h464c8.84 0 16-7.16 16-16v-16c0-8.84-7.16-16-16-16zm-387.2-48h22.4c6.4 0 12.8-6.4 12.8-12.8v-70.4c0-6.4-6.4-12.8-12.8-12.8h-22.4c-6.4 0-12.8 6.4-12.8 12.8v70.4c0 6.4 6.4 12.8 12.8 12.8z\" class=\"\"><\/path><\/svg><\/i> <img loading=\"lazy\" decoding=\"async\" width=\"16\" height=\"16\" alt=\"Loading\" src=\"https:\/\/temucotelevision.cl\/web\/wp-content\/plugins\/page-views-count\/ajax-loader-2x.gif\" border=0 \/><\/p><div class=\"pvc_clear\"><\/div>\n<p><strong>122.036 son los casos confirmados de COVID- 19 en La Araucan\u00eda.<\/strong><\/p>\n\n\n\n<p><strong>\u00a0<\/strong>Durante el d\u00eda ayer fueron 1.609 los nuevos casos confirmados de COVID- 19 en la regi\u00f3n. Estos nuevos casos sumados a los confirmados anteriormente, nos entregan la siguiente distribuci\u00f3n comunal:<\/p>\n\n\n\n<figure class=\"wp-block-table\"><table><tbody><tr><td><strong>Comuna de residencia *<\/strong><\/td><td><strong>N\u00b0 de casos<\/strong><\/td><td><strong>Casos nuevos<\/strong><\/td><td><strong>Casos activos<\/strong><\/td><\/tr><tr><td>Angol<\/td><td>6.620<\/td><td>115<\/td><td>314<\/td><\/tr><tr><td>Carahue<\/td><td>2.666<\/td><td>17<\/td><td>63<\/td><\/tr><tr><td>Chol-Chol<\/td><td>1.328<\/td><td>33<\/td><td>73<\/td><\/tr><tr><td>Collipulli<\/td><td>3.761<\/td><td>45<\/td><td>166<\/td><\/tr><tr><td>Cunco<\/td><td>1.954<\/td><td>15<\/td><td>76<\/td><\/tr><tr><td>Curacaut\u00edn<\/td><td>1.374<\/td><td>11<\/td><td>28<\/td><\/tr><tr><td>Curarrehue<\/td><td>1.004<\/td><td>3<\/td><td>34<\/td><\/tr><tr><td>Ercilla<\/td><td>1.301<\/td><td>6<\/td><td>28<\/td><\/tr><tr><td>Freire<\/td><td>2.896<\/td><td>33<\/td><td>64<\/td><\/tr><tr><td>Galvarino<\/td><td>2.372<\/td><td>10<\/td><td>58<\/td><\/tr><tr><td>Gorbea<\/td><td>1.592<\/td><td>10<\/td><td>72<\/td><\/tr><tr><td>Lautaro<\/td><td>5.082<\/td><td>67<\/td><td>209<\/td><\/tr><tr><td>Loncoche<\/td><td>2.381<\/td><td>13<\/td><td>95<\/td><\/tr><tr><td>Lonquimay<\/td><td>1.287<\/td><td>20<\/td><td>64<\/td><\/tr><tr><td>Los Sauces<\/td><td>981<\/td><td>11<\/td><td>22<\/td><\/tr><tr><td>Lumaco<\/td><td>1.108<\/td><td>6<\/td><td>7<\/td><\/tr><tr><td>Melipeuco<\/td><td>598<\/td><td>&#8211;<\/td><td>17<\/td><\/tr><tr><td>Nueva Imperial<\/td><td>3.504<\/td><td>35<\/td><td>160<\/td><\/tr><tr><td>Padre Las Casas<\/td><td>9.775<\/td><td>95<\/td><td>423<\/td><\/tr><tr><td>Perquenco<\/td><td>1.197<\/td><td>10<\/td><td>26<\/td><\/tr><tr><td>Pitrufqu\u00e9n<\/td><td>2.825<\/td><td>75<\/td><td>130<\/td><\/tr><tr><td>Puc\u00f3n<\/td><td>4.141<\/td><td>67<\/td><td>281<\/td><\/tr><tr><td>Pur\u00e9n<\/td><td>1.283<\/td><td>46<\/td><td>112<\/td><\/tr><tr><td>Renaico<\/td><td>1.663<\/td><td>7<\/td><td>66<\/td><\/tr><tr><td>Saavedra<\/td><td>1.763<\/td><td>15<\/td><td>60<\/td><\/tr><tr><td>Temuco<\/td><td>36.819<\/td><td>582<\/td><td>2.167<\/td><\/tr><tr><td>Teodoro Schmidt<\/td><td>1.783<\/td><td>12<\/td><td>23<\/td><\/tr><tr><td>Tolt\u00e9n<\/td><td>1.222<\/td><td>4<\/td><td>39<\/td><\/tr><tr><td>Traigu\u00e9n<\/td><td>1.927<\/td><td>26<\/td><td>78<\/td><\/tr><tr><td>Victoria<\/td><td>3.892<\/td><td>56<\/td><td>183<\/td><\/tr><tr><td>Vilc\u00fan<\/td><td>3.574<\/td><td>25<\/td><td>153<\/td><\/tr><tr><td>Villarrica<\/td><td>7.250<\/td><td>127<\/td><td>451<\/td><\/tr><tr><td><strong>Total General<\/strong><\/td><td><strong>120.923<\/strong><\/td><td><strong>1.597<\/strong><\/td><td><strong>5.742<\/strong><\/td><\/tr><tr><td>*Informaci\u00f3n susceptible de ser modificada, en relaci\u00f3n a los resultados de las investigaciones Epidemiol\u00f3gicas.<strong><\/strong><\/td><td>(Se extraen 1.113 casos del an\u00e1lisis, puesto que presentan residencia en otras regiones).&nbsp;&nbsp;<\/td><td>&nbsp;<\/td><td>** Se extraen 73&nbsp;del total de activos que presentan domicilio en otra regi\u00f3n<\/td><\/tr><\/tbody><\/table><\/figure>\n\n\n\n<figure class=\"wp-block-table\"><table><tbody><tr><td><strong>Casos nuevos<\/strong><\/td><td><strong>Sintom\u00e1ticos&nbsp;<\/strong><\/td><td><strong>Asintom\u00e1ticos<\/strong><\/td><td><strong>Casos nuevos no notificados<\/strong><strong><\/strong><\/td><\/tr><tr><td><strong>1.609<\/strong><\/td><td><strong>842<\/strong><\/td><td><strong>297<\/strong><\/td><td><strong>470<\/strong><\/td><\/tr><\/tbody><\/table><\/figure>\n\n\n\n<p><strong>Cambios de Residencia<\/strong><\/p>\n\n\n\n<figure class=\"wp-block-table\"><table><tbody><tr><td><strong>Ajuste Minsal<\/strong><\/td><td>4<\/td><td><em>Se suma en ambos detalles.<\/em><\/td><\/tr><\/tbody><\/table><\/figure>\n\n\n\n<p><strong>Ex\u00e1menes PCR procesados en las \u00faltimas 24 hrs.<\/strong><\/p>\n\n\n\n<figure class=\"wp-block-table\"><table><tbody><tr><td>N\u00b0 de Muestras procesadas.(30.01.2022)<\/td><td>5.207<\/td><\/tr><\/tbody><\/table><\/figure>\n\n\n\n<figure class=\"wp-block-table\"><table><tbody><tr><td><strong>Activos<\/strong><\/td><td><strong>N\u00b0 de Casos&nbsp;<\/strong><\/td><td><strong>Porcentaje<\/strong><\/td><\/tr><tr><td>Si&nbsp;<\/td><td>5.742<\/td><td>4.8%<\/td><\/tr><tr><td>No<\/td><td>113.629<\/td><td>95.2%<\/td><\/tr><\/tbody><\/table><\/figure>\n\n\n\n<p>*Se excluyen del an\u00e1lisis los pacientes fallecidos.<\/p>\n\n\n\n<p><strong>Casos confirmados por sexo<\/strong><\/p>\n\n\n\n<figure class=\"wp-block-table\"><table><tbody><tr><td><strong>Sexo<\/strong><\/td><td><strong>N\u00b0 Casos<\/strong><\/td><td><strong>Porcentaje<\/strong><\/td><\/tr><tr><td>Hombre<\/td><td>58.817<\/td><td>48,6%<\/td><\/tr><tr><td>Mujer<\/td><td>62.105<\/td><td>51,4%<\/td><\/tr><\/tbody><\/table><\/figure>\n\n\n\n<figure class=\"wp-block-table\"><table><tbody><tr><td><strong>&nbsp;<\/strong><\/td><td><strong>30\/01<\/strong><\/td><td><strong>31\/01<\/strong><\/td><td><strong>Total<\/strong><\/td><\/tr><tr><td><strong>Fallecidos<\/strong><\/td><td><strong>1.580<\/strong><\/td><td><strong>+1<\/strong><\/td><td><strong>1.581<\/strong><\/td><\/tr><\/tbody><\/table><\/figure>\n\n\n\n<p>De la totalidad de casos, 136 se encuentran hospitalizados, de estos 31 en Unidades de Paciente Cr\u00edtico (UTI 09 \u2013 UCI 22) y 16 conectados a ventilador mec\u00e1nico, los cuales se encuentran en establecimientos de la red p\u00fablica.<\/p>\n\n\n\n<figure class=\"wp-block-image size-large\"><img loading=\"lazy\" decoding=\"async\" width=\"1024\" height=\"696\" src=\"https:\/\/temucotelevision.cl\/web\/wp-content\/uploads\/2022\/01\/Plan-Paso-a-Paso-1024x696.jpg\" alt=\"\" class=\"wp-image-29111\" srcset=\"https:\/\/temucotelevision.cl\/web\/wp-content\/uploads\/2022\/01\/Plan-Paso-a-Paso-1024x696.jpg 1024w, https:\/\/temucotelevision.cl\/web\/wp-content\/uploads\/2022\/01\/Plan-Paso-a-Paso-768x522.jpg 768w, https:\/\/temucotelevision.cl\/web\/wp-content\/uploads\/2022\/01\/Plan-Paso-a-Paso.jpg 1280w\" sizes=\"auto, (max-width: 1024px) 100vw, 1024px\" \/><\/figure>\n","protected":false},"excerpt":{"rendered":"<div class=\"pvc_clear\"><\/div>\n<p id=\"pvc_stats_29108\" class=\"pvc_stats total_only  \" data-element-id=\"29108\" style=\"\"><i class=\"pvc-stats-icon large\" aria-hidden=\"true\"><svg aria-hidden=\"true\" focusable=\"false\" data-prefix=\"far\" data-icon=\"chart-bar\" role=\"img\" xmlns=\"http:\/\/www.w3.org\/2000\/svg\" viewBox=\"0 0 512 512\" class=\"svg-inline--fa fa-chart-bar fa-w-16 fa-2x\"><path fill=\"currentColor\" d=\"M396.8 352h22.4c6.4 0 12.8-6.4 12.8-12.8V108.8c0-6.4-6.4-12.8-12.8-12.8h-22.4c-6.4 0-12.8 6.4-12.8 12.8v230.4c0 6.4 6.4 12.8 12.8 12.8zm-192 0h22.4c6.4 0 12.8-6.4 12.8-12.8V140.8c0-6.4-6.4-12.8-12.8-12.8h-22.4c-6.4 0-12.8 6.4-12.8 12.8v198.4c0 6.4 6.4 12.8 12.8 12.8zm96 0h22.4c6.4 0 12.8-6.4 12.8-12.8V204.8c0-6.4-6.4-12.8-12.8-12.8h-22.4c-6.4 0-12.8 6.4-12.8 12.8v134.4c0 6.4 6.4 12.8 12.8 12.8zM496 400H48V80c0-8.84-7.16-16-16-16H16C7.16 64 0 71.16 0 80v336c0 17.67 14.33 32 32 32h464c8.84 0 16-7.16 16-16v-16c0-8.84-7.16-16-16-16zm-387.2-48h22.4c6.4 0 12.8-6.4 12.8-12.8v-70.4c0-6.4-6.4-12.8-12.8-12.8h-22.4c-6.4 0-12.8 6.4-12.8 12.8v70.4c0 6.4 6.4 12.8 12.8 12.8z\" class=\"\"><\/path><\/svg><\/i> <img loading=\"lazy\" decoding=\"async\" width=\"16\" height=\"16\" alt=\"Loading\" src=\"https:\/\/temucotelevision.cl\/web\/wp-content\/plugins\/page-views-count\/ajax-loader-2x.gif\" border=0 \/><\/p>\n<div class=\"pvc_clear\"><\/div>\n<p>122.036 son los casos confirmados de COVID- 19 en La Araucan\u00eda. \u00a0Durante el d\u00eda ayer fueron 1.609 los nuevos casos<\/p>\n","protected":false},"author":1,"featured_media":14865,"comment_status":"open","ping_status":"open","sticky":false,"template":"","format":"standard","meta":{"colormag_page_container_layout":"default_layout","colormag_page_sidebar_layout":"default_layout","footnotes":""},"categories":[15],"tags":[2314,2347,2304,2312,170,131],"class_list":["post-29108","post","type-post","status-publish","format-standard","has-post-thumbnail","hentry","category-la-araucania","tag-casos","tag-contagios","tag-covid-19","tag-pandemia","tag-region","tag-salud"],"a3_pvc":{"activated":true,"total_views":28,"today_views":0},"_links":{"self":[{"href":"https:\/\/temucotelevision.cl\/web\/wp-json\/wp\/v2\/posts\/29108","targetHints":{"allow":["GET"]}}],"collection":[{"href":"https:\/\/temucotelevision.cl\/web\/wp-json\/wp\/v2\/posts"}],"about":[{"href":"https:\/\/temucotelevision.cl\/web\/wp-json\/wp\/v2\/types\/post"}],"author":[{"embeddable":true,"href":"https:\/\/temucotelevision.cl\/web\/wp-json\/wp\/v2\/users\/1"}],"replies":[{"embeddable":true,"href":"https:\/\/temucotelevision.cl\/web\/wp-json\/wp\/v2\/comments?post=29108"}],"version-history":[{"count":2,"href":"https:\/\/temucotelevision.cl\/web\/wp-json\/wp\/v2\/posts\/29108\/revisions"}],"predecessor-version":[{"id":29112,"href":"https:\/\/temucotelevision.cl\/web\/wp-json\/wp\/v2\/posts\/29108\/revisions\/29112"}],"wp:featuredmedia":[{"embeddable":true,"href":"https:\/\/temucotelevision.cl\/web\/wp-json\/wp\/v2\/media\/14865"}],"wp:attachment":[{"href":"https:\/\/temucotelevision.cl\/web\/wp-json\/wp\/v2\/media?parent=29108"}],"wp:term":[{"taxonomy":"category","embeddable":true,"href":"https:\/\/temucotelevision.cl\/web\/wp-json\/wp\/v2\/categories?post=29108"},{"taxonomy":"post_tag","embeddable":true,"href":"https:\/\/temucotelevision.cl\/web\/wp-json\/wp\/v2\/tags?post=29108"}],"curies":[{"name":"wp","href":"https:\/\/api.w.org\/{rel}","templated":true}]}}