{"id":29102,"date":"2022-01-31T11:46:57","date_gmt":"2022-01-31T14:46:57","guid":{"rendered":"https:\/\/temucotelevision.cl\/web\/?p=29102"},"modified":"2022-01-31T11:46:59","modified_gmt":"2022-01-31T14:46:59","slug":"familia-de-joven-perdido-en-cochamo-pide-a-autoridades-reactivar-busqueda-llaman-a-manifestaciones-en-comunas-de-la-araucania","status":"publish","type":"post","link":"https:\/\/temucotelevision.cl\/web\/2022\/01\/31\/familia-de-joven-perdido-en-cochamo-pide-a-autoridades-reactivar-busqueda-llaman-a-manifestaciones-en-comunas-de-la-araucania\/","title":{"rendered":"Familia de joven perdido en Cocham\u00f3 pide a autoridades reactivar b\u00fasqueda: llaman a manifestaciones en comunas de La Araucan\u00eda"},"content":{"rendered":"<div class=\"pvc_clear\"><\/div><p id=\"pvc_stats_29102\" class=\"pvc_stats total_only  \" data-element-id=\"29102\" style=\"\"><i class=\"pvc-stats-icon large\" aria-hidden=\"true\"><svg aria-hidden=\"true\" focusable=\"false\" data-prefix=\"far\" data-icon=\"chart-bar\" role=\"img\" xmlns=\"http:\/\/www.w3.org\/2000\/svg\" viewBox=\"0 0 512 512\" class=\"svg-inline--fa fa-chart-bar fa-w-16 fa-2x\"><path fill=\"currentColor\" d=\"M396.8 352h22.4c6.4 0 12.8-6.4 12.8-12.8V108.8c0-6.4-6.4-12.8-12.8-12.8h-22.4c-6.4 0-12.8 6.4-12.8 12.8v230.4c0 6.4 6.4 12.8 12.8 12.8zm-192 0h22.4c6.4 0 12.8-6.4 12.8-12.8V140.8c0-6.4-6.4-12.8-12.8-12.8h-22.4c-6.4 0-12.8 6.4-12.8 12.8v198.4c0 6.4 6.4 12.8 12.8 12.8zm96 0h22.4c6.4 0 12.8-6.4 12.8-12.8V204.8c0-6.4-6.4-12.8-12.8-12.8h-22.4c-6.4 0-12.8 6.4-12.8 12.8v134.4c0 6.4 6.4 12.8 12.8 12.8zM496 400H48V80c0-8.84-7.16-16-16-16H16C7.16 64 0 71.16 0 80v336c0 17.67 14.33 32 32 32h464c8.84 0 16-7.16 16-16v-16c0-8.84-7.16-16-16-16zm-387.2-48h22.4c6.4 0 12.8-6.4 12.8-12.8v-70.4c0-6.4-6.4-12.8-12.8-12.8h-22.4c-6.4 0-12.8 6.4-12.8 12.8v70.4c0 6.4 6.4 12.8 12.8 12.8z\" class=\"\"><\/path><\/svg><\/i> <img loading=\"lazy\" decoding=\"async\" width=\"16\" height=\"16\" alt=\"Loading\" src=\"https:\/\/temucotelevision.cl\/web\/wp-content\/plugins\/page-views-count\/ajax-loader-2x.gif\" border=0 \/><\/p><div class=\"pvc_clear\"><\/div>\n<p><em>Este lunes habr\u00e1 una marcha pac\u00edfica en La Moneda y Carahue, el martes en Victoria y el mi\u00e9rcoles en Temuco y Puc\u00f3n.<\/em><\/p>\n\n\n\n<p>La familia de H\u00e9ctor Astete Ort\u00edz \u2018Tit\u00edn\u2019, joven de 25 a\u00f1os a quien se le perdi\u00f3 el rastro el pasado 13 de enero mientras realizaba trekking junto a otras ocho personas en el cerro Arco\u00edris de la comuna de Cocham\u00f3, insisti\u00f3 en su llamado a las autoridades nacional a retomar la b\u00fasqueda. Ante la falta de anuncios, la familia invit\u00f3 a la comunidad a sumarse a una serie de manifestaciones para concientizar a las autoridades.<\/p>\n\n\n\n<p>De acuerdo a lo informado por el c\u00edrculo cercano de \u2018Tit\u00edn\u2019, hasta este domingo 30 de enero la ONEMI a\u00fan no anuncia la orden de extensi\u00f3n de la b\u00fasqueda, pese a la insistencia de la Fiscal\u00eda en retomar el operativo. Hasta la zona ya habr\u00eda llegado un helic\u00f3ptero de rescate y un grupo especializado del Ej\u00e9rcito.<\/p>\n\n\n\n<p>Al respecto, H\u00e9ctor Astete, primo de H\u00e9ctos Astete Ort\u00edz, manifest\u00f3 que \u201cpese a que la Fiscal\u00eda ya pidi\u00f3 extender la b\u00fasqueda por 7 d\u00edas m\u00e1s, necesitamos que la ONEMI como instituci\u00f3n autorice la prolongaci\u00f3n del operativo para poder tener la esperanza de llegar hasta donde est\u00e1 \u2018Tit\u00edn\u2019 y traerlo de vuelta a su casa en Tranapuente\u201d.&nbsp;<\/p>\n\n\n\n<p><strong>Manifestaciones en La Moneda y La Araucan\u00eda<\/strong><\/p>\n\n\n\n<p>Con el objetivo de llamar la atenci\u00f3n de las autoridades, la familia de \u2018Tit\u00edn\u2019 est\u00e1 invitando a la comunidad a sumarse a una serie de manifestaciones a realizarse en algunas comunas de la regi\u00f3n de La Araucan\u00eda y la regi\u00f3n Metropolitana.<\/p>\n\n\n\n<p>Este lunes 31 de enero familia, amigos y conocidos de H\u00e9ctor Astete se reunir\u00e1n a las 11:00 horas en las afueras de La Moneda. En simult\u00e1neo, a la misma hora, habr\u00e1 una manifestaci\u00f3n en la plaza Chile de Carahue llamando a reactivar la b\u00fasqueda.<\/p>\n\n\n\n<p>\u201cVamos a hacer todo lo que est\u00e9 a nuestro alcance para encontrarlo. Estamos llamando a manifestarnos para poder concientizar al gobierno y las autoridades, principalmente la ONEMI, al ministro Delgado y al presidente Sebasti\u00e1n Pi\u00f1era para que nos extienda la b\u00fasqueda. Necesitamos que una vida valga m\u00e1s que el turismo y todo lo que rodea a Cocham\u00f3\u201d, se\u00f1al\u00f3 el primo del joven extraviado.<\/p>\n\n\n\n<p>Cabe destacar que se est\u00e1n organizando manifestaciones para el d\u00eda martes 1 de febrero en Victoria y el mi\u00e9rcoles en Temuco y Puc\u00f3n.<\/p>\n","protected":false},"excerpt":{"rendered":"<div class=\"pvc_clear\"><\/div>\n<p id=\"pvc_stats_29102\" class=\"pvc_stats total_only  \" data-element-id=\"29102\" style=\"\"><i class=\"pvc-stats-icon large\" aria-hidden=\"true\"><svg aria-hidden=\"true\" focusable=\"false\" data-prefix=\"far\" data-icon=\"chart-bar\" role=\"img\" xmlns=\"http:\/\/www.w3.org\/2000\/svg\" viewBox=\"0 0 512 512\" class=\"svg-inline--fa fa-chart-bar fa-w-16 fa-2x\"><path fill=\"currentColor\" d=\"M396.8 352h22.4c6.4 0 12.8-6.4 12.8-12.8V108.8c0-6.4-6.4-12.8-12.8-12.8h-22.4c-6.4 0-12.8 6.4-12.8 12.8v230.4c0 6.4 6.4 12.8 12.8 12.8zm-192 0h22.4c6.4 0 12.8-6.4 12.8-12.8V140.8c0-6.4-6.4-12.8-12.8-12.8h-22.4c-6.4 0-12.8 6.4-12.8 12.8v198.4c0 6.4 6.4 12.8 12.8 12.8zm96 0h22.4c6.4 0 12.8-6.4 12.8-12.8V204.8c0-6.4-6.4-12.8-12.8-12.8h-22.4c-6.4 0-12.8 6.4-12.8 12.8v134.4c0 6.4 6.4 12.8 12.8 12.8zM496 400H48V80c0-8.84-7.16-16-16-16H16C7.16 64 0 71.16 0 80v336c0 17.67 14.33 32 32 32h464c8.84 0 16-7.16 16-16v-16c0-8.84-7.16-16-16-16zm-387.2-48h22.4c6.4 0 12.8-6.4 12.8-12.8v-70.4c0-6.4-6.4-12.8-12.8-12.8h-22.4c-6.4 0-12.8 6.4-12.8 12.8v70.4c0 6.4 6.4 12.8 12.8 12.8z\" class=\"\"><\/path><\/svg><\/i> <img loading=\"lazy\" decoding=\"async\" width=\"16\" height=\"16\" alt=\"Loading\" src=\"https:\/\/temucotelevision.cl\/web\/wp-content\/plugins\/page-views-count\/ajax-loader-2x.gif\" border=0 \/><\/p>\n<div class=\"pvc_clear\"><\/div>\n<p>Este lunes habr\u00e1 una marcha pac\u00edfica en La Moneda y Carahue, el martes en Victoria y el mi\u00e9rcoles en Temuco<\/p>\n","protected":false},"author":1,"featured_media":29103,"comment_status":"open","ping_status":"open","sticky":false,"template":"","format":"standard","meta":{"colormag_page_container_layout":"default_layout","colormag_page_sidebar_layout":"default_layout","footnotes":""},"categories":[15],"tags":[745,1500,5024,419,191],"class_list":["post-29102","post","type-post","status-publish","format-standard","has-post-thumbnail","hentry","category-la-araucania","tag-autoridades","tag-busqueda","tag-cochamo","tag-familia","tag-joven"],"a3_pvc":{"activated":true,"total_views":106,"today_views":0},"_links":{"self":[{"href":"https:\/\/temucotelevision.cl\/web\/wp-json\/wp\/v2\/posts\/29102","targetHints":{"allow":["GET"]}}],"collection":[{"href":"https:\/\/temucotelevision.cl\/web\/wp-json\/wp\/v2\/posts"}],"about":[{"href":"https:\/\/temucotelevision.cl\/web\/wp-json\/wp\/v2\/types\/post"}],"author":[{"embeddable":true,"href":"https:\/\/temucotelevision.cl\/web\/wp-json\/wp\/v2\/users\/1"}],"replies":[{"embeddable":true,"href":"https:\/\/temucotelevision.cl\/web\/wp-json\/wp\/v2\/comments?post=29102"}],"version-history":[{"count":1,"href":"https:\/\/temucotelevision.cl\/web\/wp-json\/wp\/v2\/posts\/29102\/revisions"}],"predecessor-version":[{"id":29104,"href":"https:\/\/temucotelevision.cl\/web\/wp-json\/wp\/v2\/posts\/29102\/revisions\/29104"}],"wp:featuredmedia":[{"embeddable":true,"href":"https:\/\/temucotelevision.cl\/web\/wp-json\/wp\/v2\/media\/29103"}],"wp:attachment":[{"href":"https:\/\/temucotelevision.cl\/web\/wp-json\/wp\/v2\/media?parent=29102"}],"wp:term":[{"taxonomy":"category","embeddable":true,"href":"https:\/\/temucotelevision.cl\/web\/wp-json\/wp\/v2\/categories?post=29102"},{"taxonomy":"post_tag","embeddable":true,"href":"https:\/\/temucotelevision.cl\/web\/wp-json\/wp\/v2\/tags?post=29102"}],"curies":[{"name":"wp","href":"https:\/\/api.w.org\/{rel}","templated":true}]}}