{"id":29090,"date":"2022-01-29T21:09:59","date_gmt":"2022-01-30T00:09:59","guid":{"rendered":"https:\/\/temucotelevision.cl\/web\/?p=29090"},"modified":"2022-01-29T21:10:01","modified_gmt":"2022-01-30T00:10:01","slug":"baqueanos-de-melipeuco-consolidan-sueno-y-logran-extender-comodato-de-terreno-para-mantener-casa-cultural","status":"publish","type":"post","link":"https:\/\/temucotelevision.cl\/web\/2022\/01\/29\/baqueanos-de-melipeuco-consolidan-sueno-y-logran-extender-comodato-de-terreno-para-mantener-casa-cultural\/","title":{"rendered":"Baqueanos de Melipeuco consolidan sue\u00f1o y logran extender comodato de terreno para mantener Casa Cultural"},"content":{"rendered":"<div class=\"pvc_clear\"><\/div><p id=\"pvc_stats_29090\" class=\"pvc_stats total_only  \" data-element-id=\"29090\" style=\"\"><i class=\"pvc-stats-icon large\" aria-hidden=\"true\"><svg aria-hidden=\"true\" focusable=\"false\" data-prefix=\"far\" data-icon=\"chart-bar\" role=\"img\" xmlns=\"http:\/\/www.w3.org\/2000\/svg\" viewBox=\"0 0 512 512\" class=\"svg-inline--fa fa-chart-bar fa-w-16 fa-2x\"><path fill=\"currentColor\" d=\"M396.8 352h22.4c6.4 0 12.8-6.4 12.8-12.8V108.8c0-6.4-6.4-12.8-12.8-12.8h-22.4c-6.4 0-12.8 6.4-12.8 12.8v230.4c0 6.4 6.4 12.8 12.8 12.8zm-192 0h22.4c6.4 0 12.8-6.4 12.8-12.8V140.8c0-6.4-6.4-12.8-12.8-12.8h-22.4c-6.4 0-12.8 6.4-12.8 12.8v198.4c0 6.4 6.4 12.8 12.8 12.8zm96 0h22.4c6.4 0 12.8-6.4 12.8-12.8V204.8c0-6.4-6.4-12.8-12.8-12.8h-22.4c-6.4 0-12.8 6.4-12.8 12.8v134.4c0 6.4 6.4 12.8 12.8 12.8zM496 400H48V80c0-8.84-7.16-16-16-16H16C7.16 64 0 71.16 0 80v336c0 17.67 14.33 32 32 32h464c8.84 0 16-7.16 16-16v-16c0-8.84-7.16-16-16-16zm-387.2-48h22.4c6.4 0 12.8-6.4 12.8-12.8v-70.4c0-6.4-6.4-12.8-12.8-12.8h-22.4c-6.4 0-12.8 6.4-12.8 12.8v70.4c0 6.4 6.4 12.8 12.8 12.8z\" class=\"\"><\/path><\/svg><\/i> <img loading=\"lazy\" decoding=\"async\" width=\"16\" height=\"16\" alt=\"Loading\" src=\"https:\/\/temucotelevision.cl\/web\/wp-content\/plugins\/page-views-count\/ajax-loader-2x.gif\" border=0 \/><\/p><div class=\"pvc_clear\"><\/div>\n<ul class=\"wp-block-list\"><li><em>Gracias a gestiones realizadas por la senadora Carmen Gloria Aravena, el Ministerio de Bienes Nacionales ampli\u00f3 el per\u00edodo de la concesi\u00f3n, lo que permitir\u00e1 mantener esta trascendental iniciativa de La Araucan\u00eda Andina.<\/em><\/li><\/ul>\n\n\n\n<p><strong>\u00a0<\/strong>No fue sencillo, pero todo esfuerzo siempre genera un resultado positivo. Gracias a las gestiones y reuniones que llev\u00f3 adelante la Senadora Carmen Gloria Aravena, con el Ministerio de Bienes Nacionales, la Agrupaci\u00f3n de Baqueanos de Melipeuco consigui\u00f3\u00a0\u00a0extender por 15 a\u00f1os m\u00e1s el comodato de usufructo de un espacio de 1 hect\u00e1rea emplazado en dependencias de la ex Aduana.\u00a0<\/p>\n\n\n\n<p>En una ceremonia realizada hoy, con la presencia del Ministro de Bienes Nacionales, Julio Isamit, los dirigentes de la agrupaci\u00f3n oficializaron la renovaci\u00f3n de la concesi\u00f3n, lo que permitir\u00e1 a la comuna mantener un espacio emblem\u00e1tico para mantener las tradiciones y promover los atractivos tur\u00edsticos de este importante destino cordillerano de La Araucan\u00eda.<\/p>\n\n\n\n<p>Ante este gran logro, la senadora, Carmen Gloria Aravena se mostr\u00f3 muy contenta por la entrega de esta concesi\u00f3n y agradeci\u00f3 al Ministro Isamit las gestiones para lograr la extensi\u00f3n del beneficio, dado que en muy pocas ocasiones una organizaci\u00f3n que no es p\u00fablica consigue un comodato de \u00e9ste tipo. La parlamentaria indic\u00f3 que llevan m\u00e1s de dos a\u00f1os trabajando con los Baqueanos, con el objetivo de mantener este terreno, ya que implica un enorme aporte cultural y social para los habitantes de Melipeuco y zonas aleda\u00f1as<em>\u201d<\/em>.<\/p>\n\n\n\n<p><em>\u201cEstoy muy contenta y agradecida de todos quienes contribuyeron a cumplir este objetivo. Fueron largos meses de trabajo, desde que sostuvimos una reuni\u00f3n con el Ministro Julio Isamit en diciembre del a\u00f1o pasado, para desarrollar el proyecto, enviar oficios y entregar rigurosamente muchos informes y documentos. Valoro enormemente la autorizaci\u00f3n de usufructo que entreg\u00f3 nuestro Consejo Regional por 15 a\u00f1os, ya que se reconoce el tremendo esfuerzo de esta Agrupaci\u00f3n, que ha logrado rescatar y dar a conocer de manera transversal las tradiciones y costumbres de los Baqueanos Cordilleranos\u201d<\/em>, sostuvo la Senadora Aravena.<\/p>\n\n\n\n<p>Por su parte, Omar Alfaro, presidente de la Agrupaci\u00f3n de Baqueanos de Melipeuco, explic\u00f3 la relevancia que tuvo las gestiones que realiz\u00f3 la Senadora con el Ministro de Bienes Nacionales hace unos meses, ya que, como expres\u00f3 el dirigente, esto les permiti\u00f3 llevar un trabajo riguroso en conjunto con el equipo territorial de la parlamentaria, de manera de entregar a tiempo toda la documentaci\u00f3n requerida.<\/p>\n\n\n\n<p><em>\u201cEstamos muy agradecidos de la senadora Aravena e ilusionados con este gran logro. Con la extensi\u00f3n del comodato podemos postular a varios proyectos que tenemos en mente. Queremos por fin terminar el centro cultural para nuestra comunidad, de manera que la comuna y los turistas van a tener un lugar de esparcimiento, entretenido para los ni\u00f1os y un espacio acogedor, con una impronta cultural\u201d<\/em>, enfatiz\u00f3 Alfaro.<\/p>\n\n\n\n<p>El Centro Cultural o&nbsp;<em>\u201cCasa del Baqueano\u201d<\/em>&nbsp;es una invitaci\u00f3n a retroceder en el tiempo. El espacio tiene un sello hist\u00f3rico de los primeros habitantes de La Araucan\u00eda Andina, pues con una muestra fotogr\u00e1fica y ambientaciones de la \u00e9poca, los visitantes logran internarse en el pasado.<\/p>\n\n\n\n<p>Cabe se\u00f1alar que, la Agrupaci\u00f3n de Baqueanos nace de un grupo de personas que buscaron rescatar y dar a conocer de manera transversal las tradiciones e idiosincrasia de los Baqueanos Cordilleranos, tanto mapuches como colonos que llegaron a Melipeuco.<\/p>\n\n\n\n<figure class=\"wp-block-image size-large\"><img loading=\"lazy\" decoding=\"async\" width=\"1024\" height=\"760\" src=\"https:\/\/temucotelevision.cl\/web\/wp-content\/uploads\/2022\/01\/Baqueanos3-1024x760.jpg\" alt=\"\" class=\"wp-image-29092\" srcset=\"https:\/\/temucotelevision.cl\/web\/wp-content\/uploads\/2022\/01\/Baqueanos3-1024x760.jpg 1024w, https:\/\/temucotelevision.cl\/web\/wp-content\/uploads\/2022\/01\/Baqueanos3-768x570.jpg 768w, https:\/\/temucotelevision.cl\/web\/wp-content\/uploads\/2022\/01\/Baqueanos3.jpg 1075w\" sizes=\"auto, (max-width: 1024px) 100vw, 1024px\" \/><\/figure>\n","protected":false},"excerpt":{"rendered":"<div class=\"pvc_clear\"><\/div>\n<p id=\"pvc_stats_29090\" class=\"pvc_stats total_only  \" data-element-id=\"29090\" style=\"\"><i class=\"pvc-stats-icon large\" aria-hidden=\"true\"><svg aria-hidden=\"true\" focusable=\"false\" data-prefix=\"far\" data-icon=\"chart-bar\" role=\"img\" xmlns=\"http:\/\/www.w3.org\/2000\/svg\" viewBox=\"0 0 512 512\" class=\"svg-inline--fa fa-chart-bar fa-w-16 fa-2x\"><path fill=\"currentColor\" d=\"M396.8 352h22.4c6.4 0 12.8-6.4 12.8-12.8V108.8c0-6.4-6.4-12.8-12.8-12.8h-22.4c-6.4 0-12.8 6.4-12.8 12.8v230.4c0 6.4 6.4 12.8 12.8 12.8zm-192 0h22.4c6.4 0 12.8-6.4 12.8-12.8V140.8c0-6.4-6.4-12.8-12.8-12.8h-22.4c-6.4 0-12.8 6.4-12.8 12.8v198.4c0 6.4 6.4 12.8 12.8 12.8zm96 0h22.4c6.4 0 12.8-6.4 12.8-12.8V204.8c0-6.4-6.4-12.8-12.8-12.8h-22.4c-6.4 0-12.8 6.4-12.8 12.8v134.4c0 6.4 6.4 12.8 12.8 12.8zM496 400H48V80c0-8.84-7.16-16-16-16H16C7.16 64 0 71.16 0 80v336c0 17.67 14.33 32 32 32h464c8.84 0 16-7.16 16-16v-16c0-8.84-7.16-16-16-16zm-387.2-48h22.4c6.4 0 12.8-6.4 12.8-12.8v-70.4c0-6.4-6.4-12.8-12.8-12.8h-22.4c-6.4 0-12.8 6.4-12.8 12.8v70.4c0 6.4 6.4 12.8 12.8 12.8z\" class=\"\"><\/path><\/svg><\/i> <img loading=\"lazy\" decoding=\"async\" width=\"16\" height=\"16\" alt=\"Loading\" src=\"https:\/\/temucotelevision.cl\/web\/wp-content\/plugins\/page-views-count\/ajax-loader-2x.gif\" border=0 \/><\/p>\n<div class=\"pvc_clear\"><\/div>\n<p>Gracias a gestiones realizadas por la senadora Carmen Gloria Aravena, el Ministerio de Bienes Nacionales ampli\u00f3 el per\u00edodo de la<\/p>\n","protected":false},"author":1,"featured_media":29091,"comment_status":"open","ping_status":"open","sticky":false,"template":"","format":"standard","meta":{"colormag_page_container_layout":"default_layout","colormag_page_sidebar_layout":"default_layout","footnotes":""},"categories":[101],"tags":[858,488,248,2065],"class_list":["post-29090","post","type-post","status-publish","format-standard","has-post-thumbnail","hentry","category-actualidad","tag-casa","tag-cultura","tag-melipeuco","tag-senadora"],"a3_pvc":{"activated":true,"total_views":70,"today_views":0},"_links":{"self":[{"href":"https:\/\/temucotelevision.cl\/web\/wp-json\/wp\/v2\/posts\/29090","targetHints":{"allow":["GET"]}}],"collection":[{"href":"https:\/\/temucotelevision.cl\/web\/wp-json\/wp\/v2\/posts"}],"about":[{"href":"https:\/\/temucotelevision.cl\/web\/wp-json\/wp\/v2\/types\/post"}],"author":[{"embeddable":true,"href":"https:\/\/temucotelevision.cl\/web\/wp-json\/wp\/v2\/users\/1"}],"replies":[{"embeddable":true,"href":"https:\/\/temucotelevision.cl\/web\/wp-json\/wp\/v2\/comments?post=29090"}],"version-history":[{"count":1,"href":"https:\/\/temucotelevision.cl\/web\/wp-json\/wp\/v2\/posts\/29090\/revisions"}],"predecessor-version":[{"id":29093,"href":"https:\/\/temucotelevision.cl\/web\/wp-json\/wp\/v2\/posts\/29090\/revisions\/29093"}],"wp:featuredmedia":[{"embeddable":true,"href":"https:\/\/temucotelevision.cl\/web\/wp-json\/wp\/v2\/media\/29091"}],"wp:attachment":[{"href":"https:\/\/temucotelevision.cl\/web\/wp-json\/wp\/v2\/media?parent=29090"}],"wp:term":[{"taxonomy":"category","embeddable":true,"href":"https:\/\/temucotelevision.cl\/web\/wp-json\/wp\/v2\/categories?post=29090"},{"taxonomy":"post_tag","embeddable":true,"href":"https:\/\/temucotelevision.cl\/web\/wp-json\/wp\/v2\/tags?post=29090"}],"curies":[{"name":"wp","href":"https:\/\/api.w.org\/{rel}","templated":true}]}}