{"id":29088,"date":"2022-01-29T12:44:50","date_gmt":"2022-01-29T15:44:50","guid":{"rendered":"https:\/\/temucotelevision.cl\/web\/?p=29088"},"modified":"2022-01-29T12:44:51","modified_gmt":"2022-01-29T15:44:51","slug":"reporte-covid-19-aumentan-a-1531-los-nuevos-casos-en-la-araucania-temuco-registro-626-y-plc-82","status":"publish","type":"post","link":"https:\/\/temucotelevision.cl\/web\/2022\/01\/29\/reporte-covid-19-aumentan-a-1531-los-nuevos-casos-en-la-araucania-temuco-registro-626-y-plc-82\/","title":{"rendered":"Reporte Covid-19: Aumentan a 1531 los nuevos casos en La Araucan\u00eda, Temuco registr\u00f3 626 y PLC 82"},"content":{"rendered":"<div class=\"pvc_clear\"><\/div><p id=\"pvc_stats_29088\" class=\"pvc_stats total_only  \" data-element-id=\"29088\" style=\"\"><i class=\"pvc-stats-icon large\" aria-hidden=\"true\"><svg aria-hidden=\"true\" focusable=\"false\" data-prefix=\"far\" data-icon=\"chart-bar\" role=\"img\" xmlns=\"http:\/\/www.w3.org\/2000\/svg\" viewBox=\"0 0 512 512\" class=\"svg-inline--fa fa-chart-bar fa-w-16 fa-2x\"><path fill=\"currentColor\" d=\"M396.8 352h22.4c6.4 0 12.8-6.4 12.8-12.8V108.8c0-6.4-6.4-12.8-12.8-12.8h-22.4c-6.4 0-12.8 6.4-12.8 12.8v230.4c0 6.4 6.4 12.8 12.8 12.8zm-192 0h22.4c6.4 0 12.8-6.4 12.8-12.8V140.8c0-6.4-6.4-12.8-12.8-12.8h-22.4c-6.4 0-12.8 6.4-12.8 12.8v198.4c0 6.4 6.4 12.8 12.8 12.8zm96 0h22.4c6.4 0 12.8-6.4 12.8-12.8V204.8c0-6.4-6.4-12.8-12.8-12.8h-22.4c-6.4 0-12.8 6.4-12.8 12.8v134.4c0 6.4 6.4 12.8 12.8 12.8zM496 400H48V80c0-8.84-7.16-16-16-16H16C7.16 64 0 71.16 0 80v336c0 17.67 14.33 32 32 32h464c8.84 0 16-7.16 16-16v-16c0-8.84-7.16-16-16-16zm-387.2-48h22.4c6.4 0 12.8-6.4 12.8-12.8v-70.4c0-6.4-6.4-12.8-12.8-12.8h-22.4c-6.4 0-12.8 6.4-12.8 12.8v70.4c0 6.4 6.4 12.8 12.8 12.8z\" class=\"\"><\/path><\/svg><\/i> <img loading=\"lazy\" decoding=\"async\" width=\"16\" height=\"16\" alt=\"Loading\" src=\"https:\/\/temucotelevision.cl\/web\/wp-content\/plugins\/page-views-count\/ajax-loader-2x.gif\" border=0 \/><\/p><div class=\"pvc_clear\"><\/div>\n<p><strong>118.821 son los casos confirmados de COVID- 19 en La Araucan\u00eda.<\/strong><\/p>\n\n\n\n<p><strong>\u00a0<\/strong>Durante el d\u00eda ayer fueron 1.531 los nuevos casos confirmados de COVID- 19 en la regi\u00f3n. Estos nuevos casos sumados a los confirmados anteriormente, nos entregan la siguiente distribuci\u00f3n comunal:<\/p>\n\n\n\n<figure class=\"wp-block-table\"><table><tbody><tr><td><strong>Comuna de residencia *<\/strong><\/td><td><strong>N\u00b0 de casos<\/strong><\/td><td><strong>Casos nuevos<\/strong><\/td><td><strong>Casos activos<\/strong><\/td><\/tr><tr><td>Angol<\/td><td>6.456<\/td><td>70<\/td><td>271<\/td><\/tr><tr><td>Carahue<\/td><td>2.631<\/td><td>22<\/td><td>46<\/td><\/tr><tr><td>Chol-Chol<\/td><td>1.274<\/td><td>5<\/td><td>34<\/td><\/tr><tr><td>Collipulli<\/td><td>3.668<\/td><td>26<\/td><td>150<\/td><\/tr><tr><td>Cunco<\/td><td>1.914<\/td><td>14<\/td><td>60<\/td><\/tr><tr><td>Curacaut\u00edn<\/td><td>1.353<\/td><td>9<\/td><td>22<\/td><\/tr><tr><td>Curarrehue<\/td><td>999<\/td><td>10<\/td><td>49<\/td><\/tr><tr><td>Ercilla<\/td><td>1.286<\/td><td>3<\/td><td>25<\/td><\/tr><tr><td>Freire<\/td><td>2.851<\/td><td>12<\/td><td>42<\/td><\/tr><tr><td>Galvarino<\/td><td>2.346<\/td><td>27<\/td><td>46<\/td><\/tr><tr><td>Gorbea<\/td><td>1.561<\/td><td>21<\/td><td>80<\/td><\/tr><tr><td>Lautaro<\/td><td>4.925<\/td><td>33<\/td><td>122<\/td><\/tr><tr><td>Loncoche<\/td><td>2.325<\/td><td>20<\/td><td>79<\/td><\/tr><tr><td>Lonquimay<\/td><td>1.260<\/td><td>13<\/td><td>49<\/td><\/tr><tr><td>Los Sauces<\/td><td>968<\/td><td>4<\/td><td>23<\/td><\/tr><tr><td>Lumaco<\/td><td>1.103<\/td><td>1<\/td><td>6<\/td><\/tr><tr><td>Melipeuco<\/td><td>593<\/td><td>17<\/td><td>26<\/td><\/tr><tr><td>Nueva Imperial<\/td><td>3.426<\/td><td>51<\/td><td>117<\/td><\/tr><tr><td>Padre Las Casas<\/td><td>9.541<\/td><td>82<\/td><td>389<\/td><\/tr><tr><td>Perquenco<\/td><td>1.183<\/td><td>2<\/td><td>37<\/td><\/tr><tr><td>Pitrufqu\u00e9n<\/td><td>2.720<\/td><td>16<\/td><td>65<\/td><\/tr><tr><td>Puc\u00f3n<\/td><td>3.994<\/td><td>99<\/td><td>241<\/td><\/tr><tr><td>Pur\u00e9n<\/td><td>1.210<\/td><td>29<\/td><td>74<\/td><\/tr><tr><td>Renaico<\/td><td>1.634<\/td><td>16<\/td><td>55<\/td><\/tr><tr><td>Saavedra<\/td><td>1.721<\/td><td>5<\/td><td>45<\/td><\/tr><tr><td>Temuco<\/td><td>35.657<\/td><td>626<\/td><td>1.740<\/td><\/tr><tr><td>Teodoro Schmidt<\/td><td>1.766<\/td><td>3<\/td><td>13<\/td><\/tr><tr><td>Tolt\u00e9n<\/td><td>1.212<\/td><td>23<\/td><td>44<\/td><\/tr><tr><td>Traigu\u00e9n<\/td><td>1.886<\/td><td>20<\/td><td>63<\/td><\/tr><tr><td>Victoria<\/td><td>3.799<\/td><td>55<\/td><td>141<\/td><\/tr><tr><td>Vilc\u00fan<\/td><td>3.488<\/td><td>46<\/td><td>123<\/td><\/tr><tr><td>Villarrica<\/td><td>6.995<\/td><td>132<\/td><td>373<\/td><\/tr><tr><td><strong>Total General<\/strong><\/td><td><strong>117.745<\/strong><\/td><td><strong>1.512<\/strong><\/td><td><strong>4.650<\/strong><\/td><\/tr><tr><td>*Informaci\u00f3n susceptible de ser modificada, en relaci\u00f3n a los resultados de las investigaciones Epidemiol\u00f3gicas.<strong><\/strong><\/td><td>(Se extraen 1.076 casos del an\u00e1lisis, puesto que presentan residencia en otras regiones).&nbsp;&nbsp;<\/td><td>&nbsp;<\/td><td>** Se extraen 81&nbsp;del total de activos que presentan domicilio en otra regi\u00f3n<\/td><\/tr><\/tbody><\/table><\/figure>\n\n\n\n<figure class=\"wp-block-table\"><table><tbody><tr><td><strong>Casos nuevos<\/strong><\/td><td><strong>Sintom\u00e1ticos&nbsp;<\/strong><\/td><td><strong>Asintom\u00e1ticos<\/strong><\/td><td><strong>Casos nuevos no notificados<\/strong><strong><\/strong><\/td><\/tr><tr><td><strong>1.531<\/strong><\/td><td><strong>749<\/strong><\/td><td><strong>231<\/strong><\/td><td><strong>551<\/strong><\/td><\/tr><\/tbody><\/table><\/figure>\n\n\n\n<p><strong>Cambios de Residencia<\/strong><\/p>\n\n\n\n<figure class=\"wp-block-table\"><table><tbody><tr><td><strong>Ajuste Minsal<\/strong><\/td><td>-10<\/td><td><em>Se descuenta en ambos detalles.<\/em><\/td><\/tr><\/tbody><\/table><\/figure>\n\n\n\n<p><strong>Ex\u00e1menes PCR procesados en las \u00faltimas 24 hrs.<\/strong><\/p>\n\n\n\n<figure class=\"wp-block-table\"><table><tbody><tr><td>N\u00b0 de Muestras procesadas.(28.01.2022)<\/td><td>5.983<\/td><\/tr><\/tbody><\/table><\/figure>\n\n\n\n<figure class=\"wp-block-table\"><table><tbody><tr><td><strong>Activos<\/strong><\/td><td><strong>N\u00b0 de Casos&nbsp;<\/strong><\/td><td><strong>Porcentaje<\/strong><\/td><\/tr><tr><td>Si&nbsp;<\/td><td>4.650<\/td><td>4%<\/td><\/tr><tr><td>No<\/td><td>111.543<\/td><td>96%<\/td><\/tr><\/tbody><\/table><\/figure>\n\n\n\n<p>*Se excluyen del an\u00e1lisis los pacientes fallecidos.<\/p>\n\n\n\n<p><strong>Casos confirmados por sexo<\/strong><\/p>\n\n\n\n<figure class=\"wp-block-table\"><table><tbody><tr><td><strong>Sexo<\/strong><\/td><td><strong>N\u00b0 Casos<\/strong><\/td><td><strong>Porcentaje<\/strong><\/td><\/tr><tr><td>Hombre<\/td><td>57.370<\/td><td>48,7%<\/td><\/tr><tr><td>Mujer<\/td><td>60.375<\/td><td>51,3%<\/td><\/tr><\/tbody><\/table><\/figure>\n\n\n\n<figure class=\"wp-block-table\"><table><tbody><tr><td><strong>&nbsp;<\/strong><\/td><td><strong>28\/01<\/strong><\/td><td><strong>29\/01<\/strong><\/td><td><strong>Total<\/strong><\/td><\/tr><tr><td><strong>Fallecidos<\/strong><\/td><td><strong>1.577<\/strong><\/td><td><strong>+1<\/strong><\/td><td><strong>1.578<\/strong><\/td><\/tr><\/tbody><\/table><\/figure>\n\n\n\n<p>De la totalidad de casos, 124 se encuentran hospitalizados, de estos 30 en Unidades de Paciente Cr\u00edtico (UTI 09 \u2013 UCI 21) y 16 conectados a ventilador mec\u00e1nico, los cuales se encuentran en establecimientos de la red p\u00fablica.<\/p>\n","protected":false},"excerpt":{"rendered":"<div class=\"pvc_clear\"><\/div>\n<p id=\"pvc_stats_29088\" class=\"pvc_stats total_only  \" data-element-id=\"29088\" style=\"\"><i class=\"pvc-stats-icon large\" aria-hidden=\"true\"><svg aria-hidden=\"true\" focusable=\"false\" data-prefix=\"far\" data-icon=\"chart-bar\" role=\"img\" xmlns=\"http:\/\/www.w3.org\/2000\/svg\" viewBox=\"0 0 512 512\" class=\"svg-inline--fa fa-chart-bar fa-w-16 fa-2x\"><path fill=\"currentColor\" d=\"M396.8 352h22.4c6.4 0 12.8-6.4 12.8-12.8V108.8c0-6.4-6.4-12.8-12.8-12.8h-22.4c-6.4 0-12.8 6.4-12.8 12.8v230.4c0 6.4 6.4 12.8 12.8 12.8zm-192 0h22.4c6.4 0 12.8-6.4 12.8-12.8V140.8c0-6.4-6.4-12.8-12.8-12.8h-22.4c-6.4 0-12.8 6.4-12.8 12.8v198.4c0 6.4 6.4 12.8 12.8 12.8zm96 0h22.4c6.4 0 12.8-6.4 12.8-12.8V204.8c0-6.4-6.4-12.8-12.8-12.8h-22.4c-6.4 0-12.8 6.4-12.8 12.8v134.4c0 6.4 6.4 12.8 12.8 12.8zM496 400H48V80c0-8.84-7.16-16-16-16H16C7.16 64 0 71.16 0 80v336c0 17.67 14.33 32 32 32h464c8.84 0 16-7.16 16-16v-16c0-8.84-7.16-16-16-16zm-387.2-48h22.4c6.4 0 12.8-6.4 12.8-12.8v-70.4c0-6.4-6.4-12.8-12.8-12.8h-22.4c-6.4 0-12.8 6.4-12.8 12.8v70.4c0 6.4 6.4 12.8 12.8 12.8z\" class=\"\"><\/path><\/svg><\/i> <img loading=\"lazy\" decoding=\"async\" width=\"16\" height=\"16\" alt=\"Loading\" src=\"https:\/\/temucotelevision.cl\/web\/wp-content\/plugins\/page-views-count\/ajax-loader-2x.gif\" border=0 \/><\/p>\n<div class=\"pvc_clear\"><\/div>\n<p>118.821 son los casos confirmados de COVID- 19 en La Araucan\u00eda. \u00a0Durante el d\u00eda ayer fueron 1.531 los nuevos casos<\/p>\n","protected":false},"author":1,"featured_media":20481,"comment_status":"open","ping_status":"open","sticky":false,"template":"","format":"standard","meta":{"colormag_page_container_layout":"default_layout","colormag_page_sidebar_layout":"default_layout","footnotes":""},"categories":[15],"tags":[2314,2347,2304,2312,170,131],"class_list":["post-29088","post","type-post","status-publish","format-standard","has-post-thumbnail","hentry","category-la-araucania","tag-casos","tag-contagios","tag-covid-19","tag-pandemia","tag-region","tag-salud"],"a3_pvc":{"activated":true,"total_views":56,"today_views":0},"_links":{"self":[{"href":"https:\/\/temucotelevision.cl\/web\/wp-json\/wp\/v2\/posts\/29088","targetHints":{"allow":["GET"]}}],"collection":[{"href":"https:\/\/temucotelevision.cl\/web\/wp-json\/wp\/v2\/posts"}],"about":[{"href":"https:\/\/temucotelevision.cl\/web\/wp-json\/wp\/v2\/types\/post"}],"author":[{"embeddable":true,"href":"https:\/\/temucotelevision.cl\/web\/wp-json\/wp\/v2\/users\/1"}],"replies":[{"embeddable":true,"href":"https:\/\/temucotelevision.cl\/web\/wp-json\/wp\/v2\/comments?post=29088"}],"version-history":[{"count":1,"href":"https:\/\/temucotelevision.cl\/web\/wp-json\/wp\/v2\/posts\/29088\/revisions"}],"predecessor-version":[{"id":29089,"href":"https:\/\/temucotelevision.cl\/web\/wp-json\/wp\/v2\/posts\/29088\/revisions\/29089"}],"wp:featuredmedia":[{"embeddable":true,"href":"https:\/\/temucotelevision.cl\/web\/wp-json\/wp\/v2\/media\/20481"}],"wp:attachment":[{"href":"https:\/\/temucotelevision.cl\/web\/wp-json\/wp\/v2\/media?parent=29088"}],"wp:term":[{"taxonomy":"category","embeddable":true,"href":"https:\/\/temucotelevision.cl\/web\/wp-json\/wp\/v2\/categories?post=29088"},{"taxonomy":"post_tag","embeddable":true,"href":"https:\/\/temucotelevision.cl\/web\/wp-json\/wp\/v2\/tags?post=29088"}],"curies":[{"name":"wp","href":"https:\/\/api.w.org\/{rel}","templated":true}]}}