{"id":29084,"date":"2022-01-29T12:36:51","date_gmt":"2022-01-29T15:36:51","guid":{"rendered":"https:\/\/temucotelevision.cl\/web\/?p=29084"},"modified":"2022-01-29T12:36:52","modified_gmt":"2022-01-29T15:36:52","slug":"consejera-ana-maria-soto-denuncia-que-modesta-familia-recibio-casa-serviu-que-permanece-anegada-todo-el-ano-y-nadie-se-hace-responsable","status":"publish","type":"post","link":"https:\/\/temucotelevision.cl\/web\/2022\/01\/29\/consejera-ana-maria-soto-denuncia-que-modesta-familia-recibio-casa-serviu-que-permanece-anegada-todo-el-ano-y-nadie-se-hace-responsable\/","title":{"rendered":"Consejera Ana Mar\u00eda Soto denuncia que modesta familia recibi\u00f3 casa Serviu que permanece anegada todo el a\u00f1o y nadie se hace responsable"},"content":{"rendered":"<div class=\"pvc_clear\"><\/div><p id=\"pvc_stats_29084\" class=\"pvc_stats total_only  \" data-element-id=\"29084\" style=\"\"><i class=\"pvc-stats-icon large\" aria-hidden=\"true\"><svg aria-hidden=\"true\" focusable=\"false\" data-prefix=\"far\" data-icon=\"chart-bar\" role=\"img\" xmlns=\"http:\/\/www.w3.org\/2000\/svg\" viewBox=\"0 0 512 512\" class=\"svg-inline--fa fa-chart-bar fa-w-16 fa-2x\"><path fill=\"currentColor\" d=\"M396.8 352h22.4c6.4 0 12.8-6.4 12.8-12.8V108.8c0-6.4-6.4-12.8-12.8-12.8h-22.4c-6.4 0-12.8 6.4-12.8 12.8v230.4c0 6.4 6.4 12.8 12.8 12.8zm-192 0h22.4c6.4 0 12.8-6.4 12.8-12.8V140.8c0-6.4-6.4-12.8-12.8-12.8h-22.4c-6.4 0-12.8 6.4-12.8 12.8v198.4c0 6.4 6.4 12.8 12.8 12.8zm96 0h22.4c6.4 0 12.8-6.4 12.8-12.8V204.8c0-6.4-6.4-12.8-12.8-12.8h-22.4c-6.4 0-12.8 6.4-12.8 12.8v134.4c0 6.4 6.4 12.8 12.8 12.8zM496 400H48V80c0-8.84-7.16-16-16-16H16C7.16 64 0 71.16 0 80v336c0 17.67 14.33 32 32 32h464c8.84 0 16-7.16 16-16v-16c0-8.84-7.16-16-16-16zm-387.2-48h22.4c6.4 0 12.8-6.4 12.8-12.8v-70.4c0-6.4-6.4-12.8-12.8-12.8h-22.4c-6.4 0-12.8 6.4-12.8 12.8v70.4c0 6.4 6.4 12.8 12.8 12.8z\" class=\"\"><\/path><\/svg><\/i> <img loading=\"lazy\" decoding=\"async\" width=\"16\" height=\"16\" alt=\"Loading\" src=\"https:\/\/temucotelevision.cl\/web\/wp-content\/plugins\/page-views-count\/ajax-loader-2x.gif\" border=0 \/><\/p><div class=\"pvc_clear\"><\/div>\n<p>Un verdadero calvario vive desde hace cuatro a\u00f1os la se\u00f1ora Gladys Jineo Antinao, de 50 a\u00f1os de edad, y tambi\u00e9n su grupo familiar, luego que recibiera una vivienda con serios defectos de construcci\u00f3n que provocan que la casa permanezca anegada durante todo el a\u00f1o, lo que la hace pr\u00e1cticamente inhabitable, pero al no tener otro lugar donde vivir, la familia ha debido permanecer estoicamente residiendo en esas precarias condiciones.&nbsp;<\/p>\n\n\n\n<p>Al conocer sobre estos hechos, la consejera regional Ana Mar\u00eda Soto se traslad\u00f3 al inmueble, ubicado en el sector rural de Rof\u00fae, al interior de Metrenco, para constatar en terreno la dif\u00edcil situaci\u00f3n por la que atraviesa esta familia.&nbsp;<\/p>\n\n\n\n<p>Gladys Jineo le relat\u00f3 que producto de sufrir durante largos a\u00f1os de reiteradas golpizas propinadas por algunos miembros de su familia que padecen alcoholismo, se vio obligada a acudir para solicitar auxilio al Servicio Nacional de la Mujer, donde se exploraron las posibilidades de solucionar su problema, instancia en la que se logr\u00f3 gestionar a trav\u00e9s de un convenio de este organismo con el Servicio de Vivienda y Urbanismo, sacarla del hogar donde permanec\u00eda en calidad de allegada y trasladarla junto a su familia a un sitio propio, donde le construyeron una casa de 59 metros cuadrados.&nbsp;<\/p>\n\n\n\n<p>La felicidad de disponer de un nuevo hogar donde cobijar a sus peque\u00f1os hijos y a su madre, que padece una enfermedad cr\u00f3nica, pronto se transformar\u00eda en una pesadilla para la se\u00f1ora Gladys, al comprobar que la instalaci\u00f3n de agua potable que va por dentro de las paredes del inmueble estaba mal efectuada, lo que provoc\u00f3 que el agua escurra permanentemente por toda la vivienda, mojando dormitorios, cocina y living, hasta terminar formando una poza en el patio del hogar, problema que se mantiene en toda \u00e9poca del a\u00f1o y durante las 24 horas del d\u00eda.&nbsp;<\/p>\n\n\n\n<p>\u201cLa casa qued\u00f3 mal construida, por dentro est\u00e1 casi todo mojado y lo que no se moja, est\u00e1 h\u00famedo. El piso flotante ya no sirve y he llamado muchas veces a la empresa constructora y no me quieren responder ni dar soluci\u00f3n, no me responden el tel\u00e9fono y estamos pas\u00e1ndola s\u00faper mal\u201d, sostuvo Gladys.&nbsp;<\/p>\n\n\n\n<p>El agua y la humedad son tan graves, que la propia madre de Gladys, de 86 a\u00f1os de edad, debi\u00f3 abandonar este hogar donde era cuidada por su hija, ya que su enfermedad la mantiene postrada, siendo trasladada a otro inmueble familiar porque le era imposible soportar los inviernos con el piso inundado y el agua corriendo por toda la vivienda, y el exceso de humedad le agravaba su ya dif\u00edcil condici\u00f3n de salud y potenciaba su angustia por la imposibilidad de valerse por s\u00ed misma.&nbsp;<\/p>\n\n\n\n<p>\u201cEl agua sale desde el interior de las paredes y corre d\u00eda y noche a los dormitorios, living y cocina hasta el patio, y en el invierno es peor. No he podido reparar mi casa porque es necesario romper las paredes y la cer\u00e1mica, tambi\u00e9n hay que sacar el piso flotante, es decir significa destruir pr\u00e1cticamente la casa entera y yo no tengo los recursos, no tengo trabajo y vivo de la pensi\u00f3n de mi madre\u201d, manifest\u00f3 Gladys Jineo.&nbsp;<\/p>\n\n\n\n<p>A\u00f1adi\u00f3 que a este problema del permanente escurrimiento de agua, se suma que al poco tiempo de habitado el inmueble, las puertas cedieron, dejando grandes espacios que permiten que los ratones infesten el hogar y hasta las manillas se encuentran en mal estado.&nbsp;<\/p>\n\n\n\n<p>Recalc\u00f3 que inicialmente, cuando el inmueble se encontraba relativamente reci\u00e9n construido, acudi\u00f3 personal de la empresa constructora a atender este problema de las manillas y las puertas, pero la soluci\u00f3n que le dieron fue apretarlas con un desatornillador y clavar una tabla en la parte baja de la entrada, lo que signific\u00f3 un alivio que dur\u00f3 solamente unos pocos d\u00edas y luego todos los desperfectos reaparecieron, pero de las ca\u00f1er\u00edas rotas, que era lo m\u00e1s grave, jam\u00e1s hubo soluci\u00f3n alguna.&nbsp;<\/p>\n\n\n\n<p>LLAMADO A LAS AUTORIDADES DE VIVIENDA&nbsp;<\/p>\n\n\n\n<p>La consejera Ana Mar\u00eda Soto se mostr\u00f3 impactada por las malas condiciones en que se encuentra esta familia y anunci\u00f3 que dar\u00e1 a conocer esta situaci\u00f3n a las autoridades del Serviu, a quienes exigir\u00e1 que atiendan el problema de este grupo familiar que es de escasos recursos y que se compone actualmente por tres adultos y cinco menores, quienes deben soportar vivir en el agua permanentemente.&nbsp;<\/p>\n\n\n\n<p>\u201cLa casa la obtuvieron a trav\u00e9s de un convenio del Ministerio de Vivienda con el Sernameg, pero lamentablemente, el inmueble ha significado m\u00e1s que un dolor de cabeza. Inmediatamente, en cuanto recibi\u00f3 la vivienda, comenzaron las fugas de agua y se mantienen todo el a\u00f1o\u201d, afirm\u00f3.&nbsp;<\/p>\n\n\n\n<p>Tras recorrer el inmueble, Ana Mar\u00eda Soto pudo interiorizarse personalmente la situaci\u00f3n de la familia y dijo que \u201cest\u00e1 anegado el dormitorio, la cocina, el ba\u00f1o e incluso la salida al patio. Esto no es vida para una familia de ocho integrantes, adem\u00e1s la empresa constructora ya ni siquiera les responde el tel\u00e9fono\u201d.&nbsp;<\/p>\n\n\n\n<p>Finalmente, la consejera regional formul\u00f3 un llamado a las autoridades de vivienda a fiscalizar los trabajos que efect\u00faan estas empresas y pidi\u00f3 especial atenci\u00f3n al problema por el que atraviesa esta familia.&nbsp;<\/p>\n\n\n\n<p>\u201cIndudablemente, junto con entregar estos antecedentes al seremi de Vivienda, solicitar\u00e9 que se fiscalice a la empresa constructora, pues este tipo de situaciones no pueden ocurrir\u201d, puntualiz\u00f3.<\/p>\n\n\n\n<figure class=\"wp-block-image size-large\"><img loading=\"lazy\" decoding=\"async\" width=\"1024\" height=\"683\" src=\"https:\/\/temucotelevision.cl\/web\/wp-content\/uploads\/2022\/01\/Casa-Serviu2-1024x683.jpg\" alt=\"\" class=\"wp-image-29086\" srcset=\"https:\/\/temucotelevision.cl\/web\/wp-content\/uploads\/2022\/01\/Casa-Serviu2-1024x683.jpg 1024w, https:\/\/temucotelevision.cl\/web\/wp-content\/uploads\/2022\/01\/Casa-Serviu2-768x512.jpg 768w, https:\/\/temucotelevision.cl\/web\/wp-content\/uploads\/2022\/01\/Casa-Serviu2-1536x1024.jpg 1536w, https:\/\/temucotelevision.cl\/web\/wp-content\/uploads\/2022\/01\/Casa-Serviu2.jpg 1920w\" sizes=\"auto, (max-width: 1024px) 100vw, 1024px\" \/><\/figure>\n","protected":false},"excerpt":{"rendered":"<div class=\"pvc_clear\"><\/div>\n<p id=\"pvc_stats_29084\" class=\"pvc_stats total_only  \" data-element-id=\"29084\" style=\"\"><i class=\"pvc-stats-icon large\" aria-hidden=\"true\"><svg aria-hidden=\"true\" focusable=\"false\" data-prefix=\"far\" data-icon=\"chart-bar\" role=\"img\" xmlns=\"http:\/\/www.w3.org\/2000\/svg\" viewBox=\"0 0 512 512\" class=\"svg-inline--fa fa-chart-bar fa-w-16 fa-2x\"><path fill=\"currentColor\" d=\"M396.8 352h22.4c6.4 0 12.8-6.4 12.8-12.8V108.8c0-6.4-6.4-12.8-12.8-12.8h-22.4c-6.4 0-12.8 6.4-12.8 12.8v230.4c0 6.4 6.4 12.8 12.8 12.8zm-192 0h22.4c6.4 0 12.8-6.4 12.8-12.8V140.8c0-6.4-6.4-12.8-12.8-12.8h-22.4c-6.4 0-12.8 6.4-12.8 12.8v198.4c0 6.4 6.4 12.8 12.8 12.8zm96 0h22.4c6.4 0 12.8-6.4 12.8-12.8V204.8c0-6.4-6.4-12.8-12.8-12.8h-22.4c-6.4 0-12.8 6.4-12.8 12.8v134.4c0 6.4 6.4 12.8 12.8 12.8zM496 400H48V80c0-8.84-7.16-16-16-16H16C7.16 64 0 71.16 0 80v336c0 17.67 14.33 32 32 32h464c8.84 0 16-7.16 16-16v-16c0-8.84-7.16-16-16-16zm-387.2-48h22.4c6.4 0 12.8-6.4 12.8-12.8v-70.4c0-6.4-6.4-12.8-12.8-12.8h-22.4c-6.4 0-12.8 6.4-12.8 12.8v70.4c0 6.4 6.4 12.8 12.8 12.8z\" class=\"\"><\/path><\/svg><\/i> <img loading=\"lazy\" decoding=\"async\" width=\"16\" height=\"16\" alt=\"Loading\" src=\"https:\/\/temucotelevision.cl\/web\/wp-content\/plugins\/page-views-count\/ajax-loader-2x.gif\" border=0 \/><\/p>\n<div class=\"pvc_clear\"><\/div>\n<p>Un verdadero calvario vive desde hace cuatro a\u00f1os la se\u00f1ora Gladys Jineo Antinao, de 50 a\u00f1os de edad, y tambi\u00e9n<\/p>\n","protected":false},"author":1,"featured_media":29085,"comment_status":"open","ping_status":"open","sticky":false,"template":"","format":"standard","meta":{"colormag_page_container_layout":"default_layout","colormag_page_sidebar_layout":"default_layout","footnotes":""},"categories":[15,84],"tags":[858,1747,419,336],"class_list":["post-29084","post","type-post","status-publish","format-standard","has-post-thumbnail","hentry","category-la-araucania","category-politica","tag-casa","tag-consejera","tag-familia","tag-serviu"],"a3_pvc":{"activated":true,"total_views":62,"today_views":0},"_links":{"self":[{"href":"https:\/\/temucotelevision.cl\/web\/wp-json\/wp\/v2\/posts\/29084","targetHints":{"allow":["GET"]}}],"collection":[{"href":"https:\/\/temucotelevision.cl\/web\/wp-json\/wp\/v2\/posts"}],"about":[{"href":"https:\/\/temucotelevision.cl\/web\/wp-json\/wp\/v2\/types\/post"}],"author":[{"embeddable":true,"href":"https:\/\/temucotelevision.cl\/web\/wp-json\/wp\/v2\/users\/1"}],"replies":[{"embeddable":true,"href":"https:\/\/temucotelevision.cl\/web\/wp-json\/wp\/v2\/comments?post=29084"}],"version-history":[{"count":1,"href":"https:\/\/temucotelevision.cl\/web\/wp-json\/wp\/v2\/posts\/29084\/revisions"}],"predecessor-version":[{"id":29087,"href":"https:\/\/temucotelevision.cl\/web\/wp-json\/wp\/v2\/posts\/29084\/revisions\/29087"}],"wp:featuredmedia":[{"embeddable":true,"href":"https:\/\/temucotelevision.cl\/web\/wp-json\/wp\/v2\/media\/29085"}],"wp:attachment":[{"href":"https:\/\/temucotelevision.cl\/web\/wp-json\/wp\/v2\/media?parent=29084"}],"wp:term":[{"taxonomy":"category","embeddable":true,"href":"https:\/\/temucotelevision.cl\/web\/wp-json\/wp\/v2\/categories?post=29084"},{"taxonomy":"post_tag","embeddable":true,"href":"https:\/\/temucotelevision.cl\/web\/wp-json\/wp\/v2\/tags?post=29084"}],"curies":[{"name":"wp","href":"https:\/\/api.w.org\/{rel}","templated":true}]}}