{"id":29081,"date":"2022-01-28T15:42:38","date_gmt":"2022-01-28T18:42:38","guid":{"rendered":"https:\/\/temucotelevision.cl\/web\/?p=29081"},"modified":"2022-01-28T15:42:40","modified_gmt":"2022-01-28T18:42:40","slug":"pitrufquen-juzgado-decreta-la-prision-preventiva-de-imputado-por-femicidio-de-conviviente","status":"publish","type":"post","link":"https:\/\/temucotelevision.cl\/web\/2022\/01\/28\/pitrufquen-juzgado-decreta-la-prision-preventiva-de-imputado-por-femicidio-de-conviviente\/","title":{"rendered":"Pitrufqu\u00e9n: Juzgado decreta la prisi\u00f3n preventiva de imputado por femicidio de conviviente"},"content":{"rendered":"<div class=\"pvc_clear\"><\/div><p id=\"pvc_stats_29081\" class=\"pvc_stats total_only  \" data-element-id=\"29081\" style=\"\"><i class=\"pvc-stats-icon large\" aria-hidden=\"true\"><svg aria-hidden=\"true\" focusable=\"false\" data-prefix=\"far\" data-icon=\"chart-bar\" role=\"img\" xmlns=\"http:\/\/www.w3.org\/2000\/svg\" viewBox=\"0 0 512 512\" class=\"svg-inline--fa fa-chart-bar fa-w-16 fa-2x\"><path fill=\"currentColor\" d=\"M396.8 352h22.4c6.4 0 12.8-6.4 12.8-12.8V108.8c0-6.4-6.4-12.8-12.8-12.8h-22.4c-6.4 0-12.8 6.4-12.8 12.8v230.4c0 6.4 6.4 12.8 12.8 12.8zm-192 0h22.4c6.4 0 12.8-6.4 12.8-12.8V140.8c0-6.4-6.4-12.8-12.8-12.8h-22.4c-6.4 0-12.8 6.4-12.8 12.8v198.4c0 6.4 6.4 12.8 12.8 12.8zm96 0h22.4c6.4 0 12.8-6.4 12.8-12.8V204.8c0-6.4-6.4-12.8-12.8-12.8h-22.4c-6.4 0-12.8 6.4-12.8 12.8v134.4c0 6.4 6.4 12.8 12.8 12.8zM496 400H48V80c0-8.84-7.16-16-16-16H16C7.16 64 0 71.16 0 80v336c0 17.67 14.33 32 32 32h464c8.84 0 16-7.16 16-16v-16c0-8.84-7.16-16-16-16zm-387.2-48h22.4c6.4 0 12.8-6.4 12.8-12.8v-70.4c0-6.4-6.4-12.8-12.8-12.8h-22.4c-6.4 0-12.8 6.4-12.8 12.8v70.4c0 6.4 6.4 12.8 12.8 12.8z\" class=\"\"><\/path><\/svg><\/i> <img loading=\"lazy\" decoding=\"async\" width=\"16\" height=\"16\" alt=\"Loading\" src=\"https:\/\/temucotelevision.cl\/web\/wp-content\/plugins\/page-views-count\/ajax-loader-2x.gif\" border=0 \/><\/p><div class=\"pvc_clear\"><\/div>\n<p>El Juzgado de Garant\u00eda de Pitrufqu\u00e9n dej\u00f3 hoy \u2013jueves 27 de enero\u2013 en prisi\u00f3n preventiva a Miguel Rigoberto Gavil\u00e1n Campos, imputado por el Ministerio P\u00fablico como autor de los delitos consumados de femicidio, hurto simple, lesiones menos graves en contexto de violencia intrafamiliar y homicidio frustrado. Il\u00edcitos perpetrados el domingo reci\u00e9n pasado, en la ciudad.<\/p>\n\n\n\n<p>En la audiencia de formalizaci\u00f3n (causa rol 200-2022 y agrupada), la magistrada Caroline Guzm\u00e1n Mu\u00f1oz orden\u00f3 el ingreso de Gavil\u00e1n Campos al Centro de Detenci\u00f3n Preventiva de Pitrufqu\u00e9n, por considerar que la libertad del imputado constituye un peligro para la seguridad de la sociedad, en atenci\u00f3n, especialmente, al n\u00famero, gravedad y car\u00e1cter de los delitos formalizados. Adem\u00e1s, fij\u00f3 en cuatro meses el plazo de investigaci\u00f3n.<\/p>\n\n\n\n<p><br>Seg\u00fan el ente persecutor, aproximadamente a las 15:30 horas del domingo 23 de enero de 2022, la v\u00edctima, Mar\u00eda de los \u00c1ngeles S\u00e1ez Luengo, se encontraba junto a una amiga en la v\u00eda p\u00fablica, espec\u00edficamente en la calle Casanova intersecci\u00f3n Pedro Le\u00f3n Gallo Norte, comuna de Pitrufqu\u00e9n. Lugar donde fue abordada por su conviviente, el imputado Gavil\u00e1n Campos, quien la agredi\u00f3 con una manopla, propin\u00e1ndole golpes en diversas partes del cuerpo, adem\u00e1s de patadas y golpes de pu\u00f1o.<\/p>\n\n\n\n<p>A consecuencia de la agresi\u00f3n, la v\u00edctima result\u00f3 con heridas en dedos de una mano, contusi\u00f3n en cuero cabelludo y rostro; equimosis (moretones) m\u00faltiples en extremidades superiores e inferiores. Lesiones calificadas cl\u00ednicamente como menos graves. Tras la agresi\u00f3n, el imputado sustrajo a la v\u00edctima especies personales que portaba en una mochila, entre ellas un tel\u00e9fono celular marca Samsung, 300 mil pesos en efectivo y ropa.<\/p>\n\n\n\n<p>Posteriormente, alrededor de las 22:25 horas de la misma jornada, la v\u00edctima transitaba a pie, junto a su amiga y M.R.C., por la calle Pedro Le\u00f3n Gallo Norte, arteria donde volvi\u00f3 a encontrarse con el imputado, quien le pidi\u00f3 conversar, comenzando una discusi\u00f3n. En dicho contexto, Gavil\u00e1n Campos extrajo un cuchillo de 24 cent\u00edmetros de largo y 12 de hoja, con el cual, con la intenci\u00f3n de darle muerte, le propin\u00f3 tres estocadas; dos en la zona tor\u00e1cica y la tercera en el rostro. Momento en que intervino M.R.C., con el fin de auxiliar a S\u00e1ez Luengo, pero fue golpeado por el imputado con un moledor de metal en la cara y cabeza y, con el arma blanca, le lanz\u00f3 una estocada al flanco izquierdo del t\u00f3rax, la que en parte M.R.C. pudo ser esquivada, caus\u00e1ndole solo una&nbsp;herida cortante, no penetrante, en la zona&nbsp; abdominal.<\/p>\n\n\n\n<p>A consecuencia de la agresi\u00f3n, S\u00e1ez Luengo falleci\u00f3 en el hospital de Pitrufqu\u00e9n, debido a las heridas corto penetrante tor\u00e1cicas, con lesi\u00f3n de pulmones y de la vena pulmonar izquierda, de tipo homicida seg\u00fan el SML de Temuco.<\/p>\n","protected":false},"excerpt":{"rendered":"<div class=\"pvc_clear\"><\/div>\n<p id=\"pvc_stats_29081\" class=\"pvc_stats total_only  \" data-element-id=\"29081\" style=\"\"><i class=\"pvc-stats-icon large\" aria-hidden=\"true\"><svg aria-hidden=\"true\" focusable=\"false\" data-prefix=\"far\" data-icon=\"chart-bar\" role=\"img\" xmlns=\"http:\/\/www.w3.org\/2000\/svg\" viewBox=\"0 0 512 512\" class=\"svg-inline--fa fa-chart-bar fa-w-16 fa-2x\"><path fill=\"currentColor\" d=\"M396.8 352h22.4c6.4 0 12.8-6.4 12.8-12.8V108.8c0-6.4-6.4-12.8-12.8-12.8h-22.4c-6.4 0-12.8 6.4-12.8 12.8v230.4c0 6.4 6.4 12.8 12.8 12.8zm-192 0h22.4c6.4 0 12.8-6.4 12.8-12.8V140.8c0-6.4-6.4-12.8-12.8-12.8h-22.4c-6.4 0-12.8 6.4-12.8 12.8v198.4c0 6.4 6.4 12.8 12.8 12.8zm96 0h22.4c6.4 0 12.8-6.4 12.8-12.8V204.8c0-6.4-6.4-12.8-12.8-12.8h-22.4c-6.4 0-12.8 6.4-12.8 12.8v134.4c0 6.4 6.4 12.8 12.8 12.8zM496 400H48V80c0-8.84-7.16-16-16-16H16C7.16 64 0 71.16 0 80v336c0 17.67 14.33 32 32 32h464c8.84 0 16-7.16 16-16v-16c0-8.84-7.16-16-16-16zm-387.2-48h22.4c6.4 0 12.8-6.4 12.8-12.8v-70.4c0-6.4-6.4-12.8-12.8-12.8h-22.4c-6.4 0-12.8 6.4-12.8 12.8v70.4c0 6.4 6.4 12.8 12.8 12.8z\" class=\"\"><\/path><\/svg><\/i> <img loading=\"lazy\" decoding=\"async\" width=\"16\" height=\"16\" alt=\"Loading\" src=\"https:\/\/temucotelevision.cl\/web\/wp-content\/plugins\/page-views-count\/ajax-loader-2x.gif\" border=0 \/><\/p>\n<div class=\"pvc_clear\"><\/div>\n<p>El Juzgado de Garant\u00eda de Pitrufqu\u00e9n dej\u00f3 hoy \u2013jueves 27 de enero\u2013 en prisi\u00f3n preventiva a Miguel Rigoberto Gavil\u00e1n Campos,<\/p>\n","protected":false},"author":1,"featured_media":29082,"comment_status":"open","ping_status":"open","sticky":false,"template":"","format":"standard","meta":{"colormag_page_container_layout":"default_layout","colormag_page_sidebar_layout":"default_layout","footnotes":""},"categories":[15],"tags":[3113,1043,792,979],"class_list":["post-29081","post","type-post","status-publish","format-standard","has-post-thumbnail","hentry","category-la-araucania","tag-conviviente","tag-femicidio","tag-imputado","tag-juzgado"],"a3_pvc":{"activated":true,"total_views":109,"today_views":0},"_links":{"self":[{"href":"https:\/\/temucotelevision.cl\/web\/wp-json\/wp\/v2\/posts\/29081","targetHints":{"allow":["GET"]}}],"collection":[{"href":"https:\/\/temucotelevision.cl\/web\/wp-json\/wp\/v2\/posts"}],"about":[{"href":"https:\/\/temucotelevision.cl\/web\/wp-json\/wp\/v2\/types\/post"}],"author":[{"embeddable":true,"href":"https:\/\/temucotelevision.cl\/web\/wp-json\/wp\/v2\/users\/1"}],"replies":[{"embeddable":true,"href":"https:\/\/temucotelevision.cl\/web\/wp-json\/wp\/v2\/comments?post=29081"}],"version-history":[{"count":1,"href":"https:\/\/temucotelevision.cl\/web\/wp-json\/wp\/v2\/posts\/29081\/revisions"}],"predecessor-version":[{"id":29083,"href":"https:\/\/temucotelevision.cl\/web\/wp-json\/wp\/v2\/posts\/29081\/revisions\/29083"}],"wp:featuredmedia":[{"embeddable":true,"href":"https:\/\/temucotelevision.cl\/web\/wp-json\/wp\/v2\/media\/29082"}],"wp:attachment":[{"href":"https:\/\/temucotelevision.cl\/web\/wp-json\/wp\/v2\/media?parent=29081"}],"wp:term":[{"taxonomy":"category","embeddable":true,"href":"https:\/\/temucotelevision.cl\/web\/wp-json\/wp\/v2\/categories?post=29081"},{"taxonomy":"post_tag","embeddable":true,"href":"https:\/\/temucotelevision.cl\/web\/wp-json\/wp\/v2\/tags?post=29081"}],"curies":[{"name":"wp","href":"https:\/\/api.w.org\/{rel}","templated":true}]}}