{"id":29079,"date":"2022-01-28T14:48:17","date_gmt":"2022-01-28T17:48:17","guid":{"rendered":"https:\/\/temucotelevision.cl\/web\/?p=29079"},"modified":"2022-01-28T14:48:18","modified_gmt":"2022-01-28T17:48:18","slug":"informe-covid-19-para-hoy-los-nuevos-casos-suman-1-469-en-la-araucania-122-se-encuentran-hospitalizados","status":"publish","type":"post","link":"https:\/\/temucotelevision.cl\/web\/2022\/01\/28\/informe-covid-19-para-hoy-los-nuevos-casos-suman-1-469-en-la-araucania-122-se-encuentran-hospitalizados\/","title":{"rendered":"Informe Covid-19: Para hoy los nuevos casos suman 1.469 en La Araucan\u00eda, 122 se encuentran hospitalizados"},"content":{"rendered":"<div class=\"pvc_clear\"><\/div><p id=\"pvc_stats_29079\" class=\"pvc_stats total_only  \" data-element-id=\"29079\" style=\"\"><i class=\"pvc-stats-icon large\" aria-hidden=\"true\"><svg aria-hidden=\"true\" focusable=\"false\" data-prefix=\"far\" data-icon=\"chart-bar\" role=\"img\" xmlns=\"http:\/\/www.w3.org\/2000\/svg\" viewBox=\"0 0 512 512\" class=\"svg-inline--fa fa-chart-bar fa-w-16 fa-2x\"><path fill=\"currentColor\" d=\"M396.8 352h22.4c6.4 0 12.8-6.4 12.8-12.8V108.8c0-6.4-6.4-12.8-12.8-12.8h-22.4c-6.4 0-12.8 6.4-12.8 12.8v230.4c0 6.4 6.4 12.8 12.8 12.8zm-192 0h22.4c6.4 0 12.8-6.4 12.8-12.8V140.8c0-6.4-6.4-12.8-12.8-12.8h-22.4c-6.4 0-12.8 6.4-12.8 12.8v198.4c0 6.4 6.4 12.8 12.8 12.8zm96 0h22.4c6.4 0 12.8-6.4 12.8-12.8V204.8c0-6.4-6.4-12.8-12.8-12.8h-22.4c-6.4 0-12.8 6.4-12.8 12.8v134.4c0 6.4 6.4 12.8 12.8 12.8zM496 400H48V80c0-8.84-7.16-16-16-16H16C7.16 64 0 71.16 0 80v336c0 17.67 14.33 32 32 32h464c8.84 0 16-7.16 16-16v-16c0-8.84-7.16-16-16-16zm-387.2-48h22.4c6.4 0 12.8-6.4 12.8-12.8v-70.4c0-6.4-6.4-12.8-12.8-12.8h-22.4c-6.4 0-12.8 6.4-12.8 12.8v70.4c0 6.4 6.4 12.8 12.8 12.8z\" class=\"\"><\/path><\/svg><\/i> <img loading=\"lazy\" decoding=\"async\" width=\"16\" height=\"16\" alt=\"Loading\" src=\"https:\/\/temucotelevision.cl\/web\/wp-content\/plugins\/page-views-count\/ajax-loader-2x.gif\" border=0 \/><\/p><div class=\"pvc_clear\"><\/div>\n<p><strong>117.300 son los casos confirmados de COVID- 19 en La Araucan\u00eda.<\/strong><\/p>\n\n\n\n<p>Durante el d\u00eda ayer fueron 1.469 los nuevos casos confirmados de COVID- 19 en la regi\u00f3n. Estos nuevos casos sumados a los confirmados anteriormente, nos entregan la siguiente distribuci\u00f3n comunal:<\/p>\n\n\n\n<figure class=\"wp-block-table\"><table><tbody><tr><td><strong>Comuna de residencia *<\/strong><\/td><td><strong>N\u00b0 de casos<\/strong><\/td><td><strong>Casos nuevos<\/strong><\/td><td><strong>Casos activos<\/strong><\/td><\/tr><tr><td>Angol<\/td><td>6.392<\/td><td>108<\/td><td>247<\/td><\/tr><tr><td>Carahue<\/td><td>2.610<\/td><td>6<\/td><td>32<\/td><\/tr><tr><td>Chol-Chol<\/td><td>1.269<\/td><td>18<\/td><td>39<\/td><\/tr><tr><td>Collipulli<\/td><td>3.642<\/td><td>68<\/td><td>150<\/td><\/tr><tr><td>Cunco<\/td><td>1.903<\/td><td>20<\/td><td>63<\/td><\/tr><tr><td>Curacaut\u00edn<\/td><td>1.344<\/td><td>12<\/td><td>13<\/td><\/tr><tr><td>Curarrehue<\/td><td>990<\/td><td>19<\/td><td>46<\/td><\/tr><tr><td>Ercilla<\/td><td>1.283<\/td><td>19<\/td><td>28<\/td><\/tr><tr><td>Freire<\/td><td>2.839<\/td><td>25<\/td><td>42<\/td><\/tr><tr><td>Galvarino<\/td><td>2.320<\/td><td>11<\/td><td>23<\/td><\/tr><tr><td>Gorbea<\/td><td>1.538<\/td><td>18<\/td><td>69<\/td><\/tr><tr><td>Lautaro<\/td><td>4.888<\/td><td>64<\/td><td>124<\/td><\/tr><tr><td>Loncoche<\/td><td>2.305<\/td><td>16<\/td><td>75<\/td><\/tr><tr><td>Lonquimay<\/td><td>1.247<\/td><td>14<\/td><td>41<\/td><\/tr><tr><td>Los Sauces<\/td><td>965<\/td><td>10<\/td><td>22<\/td><\/tr><tr><td>Lumaco<\/td><td>1.102<\/td><td>6<\/td><td>8<\/td><\/tr><tr><td>Melipeuco<\/td><td>570<\/td><td>&#8211;<\/td><td>11<\/td><\/tr><tr><td>Nueva Imperial<\/td><td>3.373<\/td><td>31<\/td><td>83<\/td><\/tr><tr><td>Padre Las Casas<\/td><td>9.437<\/td><td>119<\/td><td>378<\/td><\/tr><tr><td>Perquenco<\/td><td>1.182<\/td><td>9<\/td><td>43<\/td><\/tr><tr><td>Pitrufqu\u00e9n<\/td><td>2.704<\/td><td>23<\/td><td>64<\/td><\/tr><tr><td>Puc\u00f3n<\/td><td>3.895<\/td><td>42<\/td><td>188<\/td><\/tr><tr><td>Pur\u00e9n<\/td><td>1.181<\/td><td>24<\/td><td>57<\/td><\/tr><tr><td>Renaico<\/td><td>1.618<\/td><td>16<\/td><td>46<\/td><\/tr><tr><td>Saavedra<\/td><td>1.716<\/td><td>19<\/td><td>55<\/td><\/tr><tr><td>Temuco<\/td><td>35.098<\/td><td>504<\/td><td>1.513<\/td><\/tr><tr><td>Teodoro Schmidt<\/td><td>1.763<\/td><td>8<\/td><td>16<\/td><\/tr><tr><td>Tolt\u00e9n<\/td><td>1.189<\/td><td>16<\/td><td>27<\/td><\/tr><tr><td>Traigu\u00e9n<\/td><td>1.866<\/td><td>30<\/td><td>52<\/td><\/tr><tr><td>Victoria<\/td><td>3.744<\/td><td>51<\/td><td>118<\/td><\/tr><tr><td>Vilc\u00fan<\/td><td>3.434<\/td><td>32<\/td><td>97<\/td><\/tr><tr><td>Villarrica<\/td><td>6.850<\/td><td>102<\/td><td>334<\/td><\/tr><tr><td><strong>Total General<\/strong><\/td><td><strong>116.257<\/strong><\/td><td><strong>1.460<\/strong><\/td><td><strong>4.104<\/strong><\/td><\/tr><tr><td>*Informaci\u00f3n susceptible de ser modificada, en relaci\u00f3n a los resultados de las investigaciones Epidemiol\u00f3gicas.<strong><\/strong><\/td><td>(Se extraen 1.043 casos del an\u00e1lisis, puesto que presentan residencia en otras regiones).&nbsp;&nbsp;<\/td><td>&nbsp;<\/td><td>** Se extraen 83&nbsp;del total de activos que presentan domicilio en otra regi\u00f3n<\/td><\/tr><\/tbody><\/table><\/figure>\n\n\n\n<figure class=\"wp-block-table\"><table><tbody><tr><td><strong>Casos nuevos<\/strong><\/td><td><strong>Sintom\u00e1ticos&nbsp;<\/strong><\/td><td><strong>Asintom\u00e1ticos<\/strong><\/td><td><strong>Casos nuevos no notificados<\/strong><strong><\/strong><\/td><\/tr><tr><td><strong>1.469<\/strong><\/td><td><strong>866<\/strong><\/td><td><strong>247<\/strong><\/td><td><strong>356<\/strong><\/td><\/tr><\/tbody><\/table><\/figure>\n\n\n\n<p><strong>Cambios de Residencia<\/strong><\/p>\n\n\n\n<figure class=\"wp-block-table\"><table><tbody><tr><td><strong>Ajuste Minsal<\/strong><\/td><td>-2<\/td><td>Imagen adjunta.<\/td><td><em>Se descuenta en ambos detalles.<\/em><\/td><\/tr><\/tbody><\/table><\/figure>\n\n\n\n<p><strong>Ex\u00e1menes PCR procesados en las \u00faltimas 24 hrs.<\/strong><\/p>\n\n\n\n<figure class=\"wp-block-table\"><table><tbody><tr><td>N\u00b0 de Muestras procesadas.(27.01.2022)<\/td><td>5.402<\/td><\/tr><\/tbody><\/table><\/figure>\n\n\n\n<figure class=\"wp-block-table\"><table><tbody><tr><td><strong>Activos<\/strong><\/td><td><strong>N\u00b0 de Casos&nbsp;<\/strong><\/td><td><strong>Porcentaje<\/strong><\/td><\/tr><tr><td>Si&nbsp;<\/td><td>4.104<\/td><td>3.6%<\/td><\/tr><tr><td>No<\/td><td>110.601<\/td><td>96.4%<\/td><\/tr><\/tbody><\/table><\/figure>\n\n\n\n<p>*Se excluyen del an\u00e1lisis los pacientes fallecidos.<\/p>\n\n\n\n<p><strong>Casos confirmados por sexo<\/strong><\/p>\n\n\n\n<figure class=\"wp-block-table\"><table><tbody><tr><td><strong>Sexo<\/strong><\/td><td><strong>N\u00b0 Casos<\/strong><\/td><td><strong>Porcentaje<\/strong><\/td><\/tr><tr><td>Hombre<\/td><td>56.705<\/td><td>48,8%<\/td><\/tr><tr><td>Mujer<\/td><td>59.552<\/td><td>51,2%<\/td><\/tr><\/tbody><\/table><\/figure>\n\n\n\n<figure class=\"wp-block-table\"><table><tbody><tr><td><strong>&nbsp;<\/strong><\/td><td><strong>27\/01<\/strong><\/td><td><strong>28\/01<\/strong><\/td><td><strong>Total<\/strong><\/td><\/tr><tr><td><strong>Fallecidos<\/strong><\/td><td><strong>1.576<\/strong><\/td><td><strong>+1<\/strong><\/td><td><strong>1.577<\/strong><\/td><\/tr><\/tbody><\/table><\/figure>\n\n\n\n<p>De la totalidad de casos, 122 se encuentran hospitalizados, de estos 31 en Unidades de Paciente Cr\u00edtico (UTI 10 \u2013 UCI 21) y 17 conectados a ventilador mec\u00e1nico, los cuales se encuentran en establecimientos de la red p\u00fablica.<\/p>\n","protected":false},"excerpt":{"rendered":"<div class=\"pvc_clear\"><\/div>\n<p id=\"pvc_stats_29079\" class=\"pvc_stats total_only  \" data-element-id=\"29079\" style=\"\"><i class=\"pvc-stats-icon large\" aria-hidden=\"true\"><svg aria-hidden=\"true\" focusable=\"false\" data-prefix=\"far\" data-icon=\"chart-bar\" role=\"img\" xmlns=\"http:\/\/www.w3.org\/2000\/svg\" viewBox=\"0 0 512 512\" class=\"svg-inline--fa fa-chart-bar fa-w-16 fa-2x\"><path fill=\"currentColor\" d=\"M396.8 352h22.4c6.4 0 12.8-6.4 12.8-12.8V108.8c0-6.4-6.4-12.8-12.8-12.8h-22.4c-6.4 0-12.8 6.4-12.8 12.8v230.4c0 6.4 6.4 12.8 12.8 12.8zm-192 0h22.4c6.4 0 12.8-6.4 12.8-12.8V140.8c0-6.4-6.4-12.8-12.8-12.8h-22.4c-6.4 0-12.8 6.4-12.8 12.8v198.4c0 6.4 6.4 12.8 12.8 12.8zm96 0h22.4c6.4 0 12.8-6.4 12.8-12.8V204.8c0-6.4-6.4-12.8-12.8-12.8h-22.4c-6.4 0-12.8 6.4-12.8 12.8v134.4c0 6.4 6.4 12.8 12.8 12.8zM496 400H48V80c0-8.84-7.16-16-16-16H16C7.16 64 0 71.16 0 80v336c0 17.67 14.33 32 32 32h464c8.84 0 16-7.16 16-16v-16c0-8.84-7.16-16-16-16zm-387.2-48h22.4c6.4 0 12.8-6.4 12.8-12.8v-70.4c0-6.4-6.4-12.8-12.8-12.8h-22.4c-6.4 0-12.8 6.4-12.8 12.8v70.4c0 6.4 6.4 12.8 12.8 12.8z\" class=\"\"><\/path><\/svg><\/i> <img loading=\"lazy\" decoding=\"async\" width=\"16\" height=\"16\" alt=\"Loading\" src=\"https:\/\/temucotelevision.cl\/web\/wp-content\/plugins\/page-views-count\/ajax-loader-2x.gif\" border=0 \/><\/p>\n<div class=\"pvc_clear\"><\/div>\n<p>117.300 son los casos confirmados de COVID- 19 en La Araucan\u00eda. Durante el d\u00eda ayer fueron 1.469 los nuevos casos<\/p>\n","protected":false},"author":1,"featured_media":26076,"comment_status":"open","ping_status":"open","sticky":false,"template":"","format":"standard","meta":{"colormag_page_container_layout":"default_layout","colormag_page_sidebar_layout":"default_layout","footnotes":""},"categories":[15],"tags":[2314,2347,2304,2312,170,131],"class_list":["post-29079","post","type-post","status-publish","format-standard","has-post-thumbnail","hentry","category-la-araucania","tag-casos","tag-contagios","tag-covid-19","tag-pandemia","tag-region","tag-salud"],"a3_pvc":{"activated":true,"total_views":17,"today_views":0},"_links":{"self":[{"href":"https:\/\/temucotelevision.cl\/web\/wp-json\/wp\/v2\/posts\/29079","targetHints":{"allow":["GET"]}}],"collection":[{"href":"https:\/\/temucotelevision.cl\/web\/wp-json\/wp\/v2\/posts"}],"about":[{"href":"https:\/\/temucotelevision.cl\/web\/wp-json\/wp\/v2\/types\/post"}],"author":[{"embeddable":true,"href":"https:\/\/temucotelevision.cl\/web\/wp-json\/wp\/v2\/users\/1"}],"replies":[{"embeddable":true,"href":"https:\/\/temucotelevision.cl\/web\/wp-json\/wp\/v2\/comments?post=29079"}],"version-history":[{"count":1,"href":"https:\/\/temucotelevision.cl\/web\/wp-json\/wp\/v2\/posts\/29079\/revisions"}],"predecessor-version":[{"id":29080,"href":"https:\/\/temucotelevision.cl\/web\/wp-json\/wp\/v2\/posts\/29079\/revisions\/29080"}],"wp:featuredmedia":[{"embeddable":true,"href":"https:\/\/temucotelevision.cl\/web\/wp-json\/wp\/v2\/media\/26076"}],"wp:attachment":[{"href":"https:\/\/temucotelevision.cl\/web\/wp-json\/wp\/v2\/media?parent=29079"}],"wp:term":[{"taxonomy":"category","embeddable":true,"href":"https:\/\/temucotelevision.cl\/web\/wp-json\/wp\/v2\/categories?post=29079"},{"taxonomy":"post_tag","embeddable":true,"href":"https:\/\/temucotelevision.cl\/web\/wp-json\/wp\/v2\/tags?post=29079"}],"curies":[{"name":"wp","href":"https:\/\/api.w.org\/{rel}","templated":true}]}}