{"id":28999,"date":"2022-01-25T18:16:47","date_gmt":"2022-01-25T21:16:47","guid":{"rendered":"https:\/\/temucotelevision.cl\/web\/?p=28999"},"modified":"2022-01-25T18:16:48","modified_gmt":"2022-01-25T21:16:48","slug":"departamento-de-migraciones-y-policia-internacional-de-la-pdi-detiene-a-venezolano-residente-en-chile-por-cuasidelito-de-lesiones","status":"publish","type":"post","link":"https:\/\/temucotelevision.cl\/web\/2022\/01\/25\/departamento-de-migraciones-y-policia-internacional-de-la-pdi-detiene-a-venezolano-residente-en-chile-por-cuasidelito-de-lesiones\/","title":{"rendered":"Departamento de Migraciones y Polic\u00eda Internacional de la PDI detiene a venezolano residente en Chile por cuasidelito de lesiones"},"content":{"rendered":"<div class=\"pvc_clear\"><\/div><p id=\"pvc_stats_28999\" class=\"pvc_stats total_only  \" data-element-id=\"28999\" style=\"\"><i class=\"pvc-stats-icon large\" aria-hidden=\"true\"><svg aria-hidden=\"true\" focusable=\"false\" data-prefix=\"far\" data-icon=\"chart-bar\" role=\"img\" xmlns=\"http:\/\/www.w3.org\/2000\/svg\" viewBox=\"0 0 512 512\" class=\"svg-inline--fa fa-chart-bar fa-w-16 fa-2x\"><path fill=\"currentColor\" d=\"M396.8 352h22.4c6.4 0 12.8-6.4 12.8-12.8V108.8c0-6.4-6.4-12.8-12.8-12.8h-22.4c-6.4 0-12.8 6.4-12.8 12.8v230.4c0 6.4 6.4 12.8 12.8 12.8zm-192 0h22.4c6.4 0 12.8-6.4 12.8-12.8V140.8c0-6.4-6.4-12.8-12.8-12.8h-22.4c-6.4 0-12.8 6.4-12.8 12.8v198.4c0 6.4 6.4 12.8 12.8 12.8zm96 0h22.4c6.4 0 12.8-6.4 12.8-12.8V204.8c0-6.4-6.4-12.8-12.8-12.8h-22.4c-6.4 0-12.8 6.4-12.8 12.8v134.4c0 6.4 6.4 12.8 12.8 12.8zM496 400H48V80c0-8.84-7.16-16-16-16H16C7.16 64 0 71.16 0 80v336c0 17.67 14.33 32 32 32h464c8.84 0 16-7.16 16-16v-16c0-8.84-7.16-16-16-16zm-387.2-48h22.4c6.4 0 12.8-6.4 12.8-12.8v-70.4c0-6.4-6.4-12.8-12.8-12.8h-22.4c-6.4 0-12.8 6.4-12.8 12.8v70.4c0 6.4 6.4 12.8 12.8 12.8z\" class=\"\"><\/path><\/svg><\/i> <img loading=\"lazy\" decoding=\"async\" width=\"16\" height=\"16\" alt=\"Loading\" src=\"https:\/\/temucotelevision.cl\/web\/wp-content\/plugins\/page-views-count\/ajax-loader-2x.gif\" border=0 \/><\/p><div class=\"pvc_clear\"><\/div>\n<p>Personal del Departamento de Extranjer\u00eda y Polic\u00eda Internacional de la PDI de Temuco logr\u00f3 detener&nbsp;ayer -lunes 24 de enero-&nbsp;a un hombre de nacionalidad&nbsp;venezolana,&nbsp;con residencia en Chile,&nbsp;quien manten\u00eda una orden de detenci\u00f3n&nbsp;vigente&nbsp;por el delito de&nbsp;cuasidelito de lesiones, tras provocar un accidente de tr\u00e1nsito.<\/p>\n\n\n\n<p>Seg\u00fan explic\u00f3 el subprefecto Marco Jalife, jefe del Departamento de Migraciones y Polic\u00eda Internacional Temuco el hombre manten\u00eda domicilio en la comuna de Padre Las Casas, y \u201cen el mes de noviembre del a\u00f1o 2021, hab\u00eda sido detenido al verse involucrado en un accidente de tr\u00e1nsito en el cual result\u00f3 lesionada una persona. Este ciudadano, no se present\u00f3 a la audiencia de formalizaci\u00f3n de cargos, por lo que funcionarios de este Departamento se abocaron a su ubicaci\u00f3n y posterior detenci\u00f3n\u201d.<\/p>\n\n\n\n<p>El detenido fue puesto a disposici\u00f3n del Juzgado de Garant\u00eda de Temuco para el control de detenci\u00f3n, y en su condici\u00f3n de extranjero residente en Chile, su situaci\u00f3n ser\u00e1 determinada por la autoridad administrativa competente, quien establecer\u00e1 si su residencia en el pa\u00eds es caducada.<\/p>\n","protected":false},"excerpt":{"rendered":"<div class=\"pvc_clear\"><\/div>\n<p id=\"pvc_stats_28999\" class=\"pvc_stats total_only  \" data-element-id=\"28999\" style=\"\"><i class=\"pvc-stats-icon large\" aria-hidden=\"true\"><svg aria-hidden=\"true\" focusable=\"false\" data-prefix=\"far\" data-icon=\"chart-bar\" role=\"img\" xmlns=\"http:\/\/www.w3.org\/2000\/svg\" viewBox=\"0 0 512 512\" class=\"svg-inline--fa fa-chart-bar fa-w-16 fa-2x\"><path fill=\"currentColor\" d=\"M396.8 352h22.4c6.4 0 12.8-6.4 12.8-12.8V108.8c0-6.4-6.4-12.8-12.8-12.8h-22.4c-6.4 0-12.8 6.4-12.8 12.8v230.4c0 6.4 6.4 12.8 12.8 12.8zm-192 0h22.4c6.4 0 12.8-6.4 12.8-12.8V140.8c0-6.4-6.4-12.8-12.8-12.8h-22.4c-6.4 0-12.8 6.4-12.8 12.8v198.4c0 6.4 6.4 12.8 12.8 12.8zm96 0h22.4c6.4 0 12.8-6.4 12.8-12.8V204.8c0-6.4-6.4-12.8-12.8-12.8h-22.4c-6.4 0-12.8 6.4-12.8 12.8v134.4c0 6.4 6.4 12.8 12.8 12.8zM496 400H48V80c0-8.84-7.16-16-16-16H16C7.16 64 0 71.16 0 80v336c0 17.67 14.33 32 32 32h464c8.84 0 16-7.16 16-16v-16c0-8.84-7.16-16-16-16zm-387.2-48h22.4c6.4 0 12.8-6.4 12.8-12.8v-70.4c0-6.4-6.4-12.8-12.8-12.8h-22.4c-6.4 0-12.8 6.4-12.8 12.8v70.4c0 6.4 6.4 12.8 12.8 12.8z\" class=\"\"><\/path><\/svg><\/i> <img loading=\"lazy\" decoding=\"async\" width=\"16\" height=\"16\" alt=\"Loading\" src=\"https:\/\/temucotelevision.cl\/web\/wp-content\/plugins\/page-views-count\/ajax-loader-2x.gif\" border=0 \/><\/p>\n<div class=\"pvc_clear\"><\/div>\n<p>Personal del Departamento de Extranjer\u00eda y Polic\u00eda Internacional de la PDI de Temuco logr\u00f3 detener&nbsp;ayer -lunes 24 de enero-&nbsp;a un<\/p>\n","protected":false},"author":1,"featured_media":27589,"comment_status":"open","ping_status":"open","sticky":false,"template":"","format":"standard","meta":{"colormag_page_container_layout":"default_layout","colormag_page_sidebar_layout":"default_layout","footnotes":""},"categories":[16],"tags":[79,5003,76,1635],"class_list":["post-28999","post","type-post","status-publish","format-standard","has-post-thumbnail","hentry","category-policial","tag-detenido","tag-migraciones","tag-pdi","tag-venezolano"],"a3_pvc":{"activated":true,"total_views":22,"today_views":0},"_links":{"self":[{"href":"https:\/\/temucotelevision.cl\/web\/wp-json\/wp\/v2\/posts\/28999","targetHints":{"allow":["GET"]}}],"collection":[{"href":"https:\/\/temucotelevision.cl\/web\/wp-json\/wp\/v2\/posts"}],"about":[{"href":"https:\/\/temucotelevision.cl\/web\/wp-json\/wp\/v2\/types\/post"}],"author":[{"embeddable":true,"href":"https:\/\/temucotelevision.cl\/web\/wp-json\/wp\/v2\/users\/1"}],"replies":[{"embeddable":true,"href":"https:\/\/temucotelevision.cl\/web\/wp-json\/wp\/v2\/comments?post=28999"}],"version-history":[{"count":1,"href":"https:\/\/temucotelevision.cl\/web\/wp-json\/wp\/v2\/posts\/28999\/revisions"}],"predecessor-version":[{"id":29000,"href":"https:\/\/temucotelevision.cl\/web\/wp-json\/wp\/v2\/posts\/28999\/revisions\/29000"}],"wp:featuredmedia":[{"embeddable":true,"href":"https:\/\/temucotelevision.cl\/web\/wp-json\/wp\/v2\/media\/27589"}],"wp:attachment":[{"href":"https:\/\/temucotelevision.cl\/web\/wp-json\/wp\/v2\/media?parent=28999"}],"wp:term":[{"taxonomy":"category","embeddable":true,"href":"https:\/\/temucotelevision.cl\/web\/wp-json\/wp\/v2\/categories?post=28999"},{"taxonomy":"post_tag","embeddable":true,"href":"https:\/\/temucotelevision.cl\/web\/wp-json\/wp\/v2\/tags?post=28999"}],"curies":[{"name":"wp","href":"https:\/\/api.w.org\/{rel}","templated":true}]}}