{"id":28995,"date":"2022-01-25T12:25:49","date_gmt":"2022-01-25T15:25:49","guid":{"rendered":"https:\/\/temucotelevision.cl\/web\/?p=28995"},"modified":"2022-01-25T12:25:51","modified_gmt":"2022-01-25T15:25:51","slug":"seremi-de-las-culturas-lamenta-incendio-del-ateneo-literario-del-liceo-pablo-neruda-de-temuco-y-aclara-que-no-es-la-casa-donde-vivio-el-poeta","status":"publish","type":"post","link":"https:\/\/temucotelevision.cl\/web\/2022\/01\/25\/seremi-de-las-culturas-lamenta-incendio-del-ateneo-literario-del-liceo-pablo-neruda-de-temuco-y-aclara-que-no-es-la-casa-donde-vivio-el-poeta\/","title":{"rendered":"Seremi de las Culturas lamenta incendio del Ateneo Literario del Liceo Pablo Neruda de Temuco y aclara que no es la casa donde vivi\u00f3 el poeta"},"content":{"rendered":"<div class=\"pvc_clear\"><\/div><p id=\"pvc_stats_28995\" class=\"pvc_stats total_only  \" data-element-id=\"28995\" style=\"\"><i class=\"pvc-stats-icon large\" aria-hidden=\"true\"><svg aria-hidden=\"true\" focusable=\"false\" data-prefix=\"far\" data-icon=\"chart-bar\" role=\"img\" xmlns=\"http:\/\/www.w3.org\/2000\/svg\" viewBox=\"0 0 512 512\" class=\"svg-inline--fa fa-chart-bar fa-w-16 fa-2x\"><path fill=\"currentColor\" d=\"M396.8 352h22.4c6.4 0 12.8-6.4 12.8-12.8V108.8c0-6.4-6.4-12.8-12.8-12.8h-22.4c-6.4 0-12.8 6.4-12.8 12.8v230.4c0 6.4 6.4 12.8 12.8 12.8zm-192 0h22.4c6.4 0 12.8-6.4 12.8-12.8V140.8c0-6.4-6.4-12.8-12.8-12.8h-22.4c-6.4 0-12.8 6.4-12.8 12.8v198.4c0 6.4 6.4 12.8 12.8 12.8zm96 0h22.4c6.4 0 12.8-6.4 12.8-12.8V204.8c0-6.4-6.4-12.8-12.8-12.8h-22.4c-6.4 0-12.8 6.4-12.8 12.8v134.4c0 6.4 6.4 12.8 12.8 12.8zM496 400H48V80c0-8.84-7.16-16-16-16H16C7.16 64 0 71.16 0 80v336c0 17.67 14.33 32 32 32h464c8.84 0 16-7.16 16-16v-16c0-8.84-7.16-16-16-16zm-387.2-48h22.4c6.4 0 12.8-6.4 12.8-12.8v-70.4c0-6.4-6.4-12.8-12.8-12.8h-22.4c-6.4 0-12.8 6.4-12.8 12.8v70.4c0 6.4 6.4 12.8 12.8 12.8z\" class=\"\"><\/path><\/svg><\/i> <img loading=\"lazy\" decoding=\"async\" width=\"16\" height=\"16\" alt=\"Loading\" src=\"https:\/\/temucotelevision.cl\/web\/wp-content\/plugins\/page-views-count\/ajax-loader-2x.gif\" border=0 \/><\/p><div class=\"pvc_clear\"><\/div>\n<p>El domingo pasado el edificio Ateneo literario del Liceo Pablo Neruda de Temuco, ubicado en calle Vicu\u00f1a Mackenna esquina Bilbao, sufri\u00f3 un incendio que destruy\u00f3 por completo la construcci\u00f3n,&nbsp; as\u00ed lo inform\u00f3 la Municipalidad de Temuco, propietaria y responsable del inmueble; entidad que actualmente estaba trabajando en un proyecto para la puesta en valor de este sitio, el cual era ocupado por el Departamento de Educaci\u00f3n Municipal DAEM.&nbsp;<\/p>\n\n\n\n<p>Es importante aclarar que esta no es la casa donde vivi\u00f3 el poeta, como han se\u00f1alado algunos medios de comunicaci\u00f3n, aunque s\u00ed era parte de la Ruta Huellas de Pablo Neruda; al igual que el antiguo inmueble en el que efectivamente residi\u00f3 el vate y que se encuentra ubicado en calle Lautaro, en el sector Feria Pinto, de la capital regional.<\/p>\n\n\n\n<p>La construcci\u00f3n afectada por el incendio, corresponde a las antiguas oficinas del Liceo Agr\u00edcola de Temuco, dependencias que fueron inauguradas en el a\u00f1o 1936, seg\u00fan los antecedentes que entrega Hugo Alister, escritor e investigador de la vida y obra del Premio Nobel.&nbsp;&nbsp;<\/p>\n\n\n\n<p>El seremi de las Culturas, Enzo Cortesi, expres\u00f3 que \u201ctoda p\u00e9rdida de un edificio patrimonial es siempre lamentable. Al mismo tiempo, queremos destacar que desde el municipio exist\u00eda la intenci\u00f3n de llevar a cabo un proyecto de puesta en valor y que este incendio lo trunca. Pero tambi\u00e9n es importante esclarecer que esta no es la casa donde habit\u00f3 Pablo Neruda, dado que ese inmueble se encuentran calle Lautaro y este edificio siniestrado data del a\u00f1o 36; por ende no coinciden las fechas, no obstante, tiene un valor hist\u00f3rico simb\u00f3lico y patrimonial para la ciudad de Temuco, debido a que fue un liceo emblem\u00e1tico\u201d.<\/p>\n\n\n\n<p>En relaci\u00f3n a este suceso, el alcalde de Temuco Roberto Neira recalc\u00f3 que \u201clamentablemente nuestra ciudad de Temuco ha perdido una estructura hist\u00f3rica, que era conocida como el Ateneo, dentro del Liceo Pablo Neruda, un incendio declarado en donde los da\u00f1os son totales. Hab\u00edamos iniciado un proyecto para recuperar este espacio, ten\u00edamos el inter\u00e9s de la empresa privada en colaborarnos. Pero bueno, vamos a tener que pensar en un proyecto nuevo y que vaya a recuperar tambi\u00e9n la historia, porque esto era parte de la Ruta de Pablo Neruda\u201d.&nbsp;<\/p>\n\n\n\n<p>\u201cComo Servicio del Patrimonio, lamentamos la p\u00e9rdida de este inmueble patrimonial, que estaba dentro de la Zona de Conservaci\u00f3n Hist\u00f3rica Barrio Coilaco. La ex Escuela Agr\u00edcola era parte de la ruta patrimonial \u2018Huellas de Neruda\u2019 y hab\u00eda un proyecto del Municipio para la restauraci\u00f3n del edificio, entonces es una noticia que nos entristece enormemente\u201d, dijo Roberto Concha, director del Servicio Regional del Patrimonio Cultural, en torno al valor patrimonial de la construcci\u00f3n.<\/p>\n\n\n\n<figure class=\"wp-block-image size-large\"><img loading=\"lazy\" decoding=\"async\" width=\"577\" height=\"1024\" src=\"https:\/\/temucotelevision.cl\/web\/wp-content\/uploads\/2022\/01\/Incendio-Ateneo-577x1024.jpg\" alt=\"\" class=\"wp-image-28997\" srcset=\"https:\/\/temucotelevision.cl\/web\/wp-content\/uploads\/2022\/01\/Incendio-Ateneo-577x1024.jpg 577w, https:\/\/temucotelevision.cl\/web\/wp-content\/uploads\/2022\/01\/Incendio-Ateneo-768x1364.jpg 768w, https:\/\/temucotelevision.cl\/web\/wp-content\/uploads\/2022\/01\/Incendio-Ateneo-865x1536.jpg 865w, https:\/\/temucotelevision.cl\/web\/wp-content\/uploads\/2022\/01\/Incendio-Ateneo.jpg 901w\" sizes=\"auto, (max-width: 577px) 100vw, 577px\" \/><\/figure>\n","protected":false},"excerpt":{"rendered":"<div class=\"pvc_clear\"><\/div>\n<p id=\"pvc_stats_28995\" class=\"pvc_stats total_only  \" data-element-id=\"28995\" style=\"\"><i class=\"pvc-stats-icon large\" aria-hidden=\"true\"><svg aria-hidden=\"true\" focusable=\"false\" data-prefix=\"far\" data-icon=\"chart-bar\" role=\"img\" xmlns=\"http:\/\/www.w3.org\/2000\/svg\" viewBox=\"0 0 512 512\" class=\"svg-inline--fa fa-chart-bar fa-w-16 fa-2x\"><path fill=\"currentColor\" d=\"M396.8 352h22.4c6.4 0 12.8-6.4 12.8-12.8V108.8c0-6.4-6.4-12.8-12.8-12.8h-22.4c-6.4 0-12.8 6.4-12.8 12.8v230.4c0 6.4 6.4 12.8 12.8 12.8zm-192 0h22.4c6.4 0 12.8-6.4 12.8-12.8V140.8c0-6.4-6.4-12.8-12.8-12.8h-22.4c-6.4 0-12.8 6.4-12.8 12.8v198.4c0 6.4 6.4 12.8 12.8 12.8zm96 0h22.4c6.4 0 12.8-6.4 12.8-12.8V204.8c0-6.4-6.4-12.8-12.8-12.8h-22.4c-6.4 0-12.8 6.4-12.8 12.8v134.4c0 6.4 6.4 12.8 12.8 12.8zM496 400H48V80c0-8.84-7.16-16-16-16H16C7.16 64 0 71.16 0 80v336c0 17.67 14.33 32 32 32h464c8.84 0 16-7.16 16-16v-16c0-8.84-7.16-16-16-16zm-387.2-48h22.4c6.4 0 12.8-6.4 12.8-12.8v-70.4c0-6.4-6.4-12.8-12.8-12.8h-22.4c-6.4 0-12.8 6.4-12.8 12.8v70.4c0 6.4 6.4 12.8 12.8 12.8z\" class=\"\"><\/path><\/svg><\/i> <img loading=\"lazy\" decoding=\"async\" width=\"16\" height=\"16\" alt=\"Loading\" src=\"https:\/\/temucotelevision.cl\/web\/wp-content\/plugins\/page-views-count\/ajax-loader-2x.gif\" border=0 \/><\/p>\n<div class=\"pvc_clear\"><\/div>\n<p>El domingo pasado el edificio Ateneo literario del Liceo Pablo Neruda de Temuco, ubicado en calle Vicu\u00f1a Mackenna esquina Bilbao,<\/p>\n","protected":false},"author":1,"featured_media":28996,"comment_status":"open","ping_status":"open","sticky":false,"template":"","format":"standard","meta":{"colormag_page_container_layout":"default_layout","colormag_page_sidebar_layout":"default_layout","footnotes":""},"categories":[14],"tags":[5002,488,291,1723,232],"class_list":["post-28995","post","type-post","status-publish","format-standard","has-post-thumbnail","hentry","category-temuco","tag-ateneo","tag-cultura","tag-incendio","tag-pablo-neruda","tag-seremi"],"a3_pvc":{"activated":true,"total_views":95,"today_views":0},"_links":{"self":[{"href":"https:\/\/temucotelevision.cl\/web\/wp-json\/wp\/v2\/posts\/28995","targetHints":{"allow":["GET"]}}],"collection":[{"href":"https:\/\/temucotelevision.cl\/web\/wp-json\/wp\/v2\/posts"}],"about":[{"href":"https:\/\/temucotelevision.cl\/web\/wp-json\/wp\/v2\/types\/post"}],"author":[{"embeddable":true,"href":"https:\/\/temucotelevision.cl\/web\/wp-json\/wp\/v2\/users\/1"}],"replies":[{"embeddable":true,"href":"https:\/\/temucotelevision.cl\/web\/wp-json\/wp\/v2\/comments?post=28995"}],"version-history":[{"count":1,"href":"https:\/\/temucotelevision.cl\/web\/wp-json\/wp\/v2\/posts\/28995\/revisions"}],"predecessor-version":[{"id":28998,"href":"https:\/\/temucotelevision.cl\/web\/wp-json\/wp\/v2\/posts\/28995\/revisions\/28998"}],"wp:featuredmedia":[{"embeddable":true,"href":"https:\/\/temucotelevision.cl\/web\/wp-json\/wp\/v2\/media\/28996"}],"wp:attachment":[{"href":"https:\/\/temucotelevision.cl\/web\/wp-json\/wp\/v2\/media?parent=28995"}],"wp:term":[{"taxonomy":"category","embeddable":true,"href":"https:\/\/temucotelevision.cl\/web\/wp-json\/wp\/v2\/categories?post=28995"},{"taxonomy":"post_tag","embeddable":true,"href":"https:\/\/temucotelevision.cl\/web\/wp-json\/wp\/v2\/tags?post=28995"}],"curies":[{"name":"wp","href":"https:\/\/api.w.org\/{rel}","templated":true}]}}