{"id":28991,"date":"2022-01-25T12:12:23","date_gmt":"2022-01-25T15:12:23","guid":{"rendered":"https:\/\/temucotelevision.cl\/web\/?p=28991"},"modified":"2022-01-25T12:12:24","modified_gmt":"2022-01-25T15:12:24","slug":"fiscalia-logra-condena-a-un-adulto-y-dos-adolescentes-por-golpiza-que-dejo-con-fractura-de-mandibula-a-un-carabinero-en-temuco","status":"publish","type":"post","link":"https:\/\/temucotelevision.cl\/web\/2022\/01\/25\/fiscalia-logra-condena-a-un-adulto-y-dos-adolescentes-por-golpiza-que-dejo-con-fractura-de-mandibula-a-un-carabinero-en-temuco\/","title":{"rendered":"Fiscal\u00eda logra condena a un adulto y dos adolescentes por golpiza que dej\u00f3 con fractura de mand\u00edbula a un carabinero en Temuco"},"content":{"rendered":"<div class=\"pvc_clear\"><\/div><p id=\"pvc_stats_28991\" class=\"pvc_stats total_only  \" data-element-id=\"28991\" style=\"\"><i class=\"pvc-stats-icon large\" aria-hidden=\"true\"><svg aria-hidden=\"true\" focusable=\"false\" data-prefix=\"far\" data-icon=\"chart-bar\" role=\"img\" xmlns=\"http:\/\/www.w3.org\/2000\/svg\" viewBox=\"0 0 512 512\" class=\"svg-inline--fa fa-chart-bar fa-w-16 fa-2x\"><path fill=\"currentColor\" d=\"M396.8 352h22.4c6.4 0 12.8-6.4 12.8-12.8V108.8c0-6.4-6.4-12.8-12.8-12.8h-22.4c-6.4 0-12.8 6.4-12.8 12.8v230.4c0 6.4 6.4 12.8 12.8 12.8zm-192 0h22.4c6.4 0 12.8-6.4 12.8-12.8V140.8c0-6.4-6.4-12.8-12.8-12.8h-22.4c-6.4 0-12.8 6.4-12.8 12.8v198.4c0 6.4 6.4 12.8 12.8 12.8zm96 0h22.4c6.4 0 12.8-6.4 12.8-12.8V204.8c0-6.4-6.4-12.8-12.8-12.8h-22.4c-6.4 0-12.8 6.4-12.8 12.8v134.4c0 6.4 6.4 12.8 12.8 12.8zM496 400H48V80c0-8.84-7.16-16-16-16H16C7.16 64 0 71.16 0 80v336c0 17.67 14.33 32 32 32h464c8.84 0 16-7.16 16-16v-16c0-8.84-7.16-16-16-16zm-387.2-48h22.4c6.4 0 12.8-6.4 12.8-12.8v-70.4c0-6.4-6.4-12.8-12.8-12.8h-22.4c-6.4 0-12.8 6.4-12.8 12.8v70.4c0 6.4 6.4 12.8 12.8 12.8z\" class=\"\"><\/path><\/svg><\/i> <img loading=\"lazy\" decoding=\"async\" width=\"16\" height=\"16\" alt=\"Loading\" src=\"https:\/\/temucotelevision.cl\/web\/wp-content\/plugins\/page-views-count\/ajax-loader-2x.gif\" border=0 \/><\/p><div class=\"pvc_clear\"><\/div>\n<p>La Fiscal\u00eda obtuvo la condena de un adulto y dos adolescentes acusados de golpear y provocar graves lesiones a un funcionario de Carabineros en Temuco, durante una marcha no autorizada. La v\u00edctima result\u00f3 con fracturas de mand\u00edbula y clav\u00edcula, adem\u00e1s de traumatismos en la cabeza y otras partes del cuerpo.<\/p>\n\n\n\n<p>El fiscal Juan Pablo Salas acredit\u00f3 en el juicio que el 28 de agosto de 2020, cerca del mediod\u00eda, se desarroll\u00f3 una manifestaci\u00f3n en la plaza Dagoberto Godoy de esta ciudad, en la que participaron alrededor de 150 personas, la que fue dispersada por personal de Carabineros. Parte de los manifestantes se desplaz\u00f3 por diversas calles hasta la Avenida Balmaceda. En ese contexto y en cumplimiento de sus funciones, alrededor de las 12:30 hrs. lleg\u00f3 al lugar la v\u00edctima, el cabo 2\u00b0 de Carabineros J.A.S., con el objeto de fiscalizar a algunos de los participantes de la movilizaci\u00f3n.<\/p>\n\n\n\n<p>En esos momentos el condenado David Nicol\u00e1s Torres Painemilla, junto a los adolescentes B.M.F. y R.G.L., y otros sujetos que no lograron ser identificados, se aproximaron al funcionario de carabineros J.A.S. al percatarse que este se encontraba moment\u00e1neamente solo, y lo agredieron con elementos contundentes.<br>\u201cParte de estas personas advirtieron esta situaci\u00f3n y lo agredieron utilizando elementos contundentes. Le lanzaron piedras, palos y tambi\u00e9n recibi\u00f3 un golpe con una chueca en su rostro. Esto le provoc\u00f3 una fractura de mand\u00edbula adem\u00e1s de otra fractura de clav\u00edcula y otras lesiones, que son lesiones de gravedad que hasta el d\u00eda de hoy le han impedido realizar con normalidad sus funciones\u201d, explic\u00f3 el fiscal Juan Pablo Salas.<\/p>\n\n\n\n<p>En el juicio declar\u00f3 la v\u00edctima de esta agresi\u00f3n, quien relat\u00f3 a los jueces que debi\u00f3 someterse a una intervenci\u00f3n quir\u00fargica maxilofacial para reconstruir la mand\u00edbula y que dicha lesi\u00f3n le dej\u00f3 como secuela un dolor cr\u00f3nico en la zona operatoria.<\/p>\n\n\n\n<p>Las detenciones, se produjeron tras un trabajo la Fiscal\u00eda y el OS-9 de Carabineros que contempl\u00f3 distintas diligencias, entre estas, an\u00e1lisis audiovisuales y la declaraci\u00f3n de testigos presenciales.<\/p>\n\n\n\n<p>Tras valorar la prueba rendida en juicio el Tribunal Oral de Temuco dict\u00f3 un veredicto condenatorio por el delito de maltrato a funcionario de Carabineros en ejercicio de sus funciones con resultado de lesiones graves y fij\u00f3 audiencia para comunicar la sentencia para el pr\u00f3ximo 1 de febrero, a las 12:00 hrs. La Fiscal\u00eda est\u00e1 pidiendo la imposici\u00f3n de una pena de 7 a\u00f1os de presidio para el adulto y la sanci\u00f3n de 3 a\u00f1os y un d\u00eda en internaci\u00f3n en r\u00e9gimen semi cerrado.<\/p>\n\n\n\n<figure class=\"wp-block-image size-large\"><img loading=\"lazy\" decoding=\"async\" width=\"1024\" height=\"683\" src=\"https:\/\/temucotelevision.cl\/web\/wp-content\/uploads\/2022\/01\/Golpiza-1024x683.jpg\" alt=\"\" class=\"wp-image-28993\" srcset=\"https:\/\/temucotelevision.cl\/web\/wp-content\/uploads\/2022\/01\/Golpiza-1024x683.jpg 1024w, https:\/\/temucotelevision.cl\/web\/wp-content\/uploads\/2022\/01\/Golpiza-768x512.jpg 768w, https:\/\/temucotelevision.cl\/web\/wp-content\/uploads\/2022\/01\/Golpiza.jpg 1279w\" sizes=\"auto, (max-width: 1024px) 100vw, 1024px\" \/><\/figure>\n","protected":false},"excerpt":{"rendered":"<div class=\"pvc_clear\"><\/div>\n<p id=\"pvc_stats_28991\" class=\"pvc_stats total_only  \" data-element-id=\"28991\" style=\"\"><i class=\"pvc-stats-icon large\" aria-hidden=\"true\"><svg aria-hidden=\"true\" focusable=\"false\" data-prefix=\"far\" data-icon=\"chart-bar\" role=\"img\" xmlns=\"http:\/\/www.w3.org\/2000\/svg\" viewBox=\"0 0 512 512\" class=\"svg-inline--fa fa-chart-bar fa-w-16 fa-2x\"><path fill=\"currentColor\" d=\"M396.8 352h22.4c6.4 0 12.8-6.4 12.8-12.8V108.8c0-6.4-6.4-12.8-12.8-12.8h-22.4c-6.4 0-12.8 6.4-12.8 12.8v230.4c0 6.4 6.4 12.8 12.8 12.8zm-192 0h22.4c6.4 0 12.8-6.4 12.8-12.8V140.8c0-6.4-6.4-12.8-12.8-12.8h-22.4c-6.4 0-12.8 6.4-12.8 12.8v198.4c0 6.4 6.4 12.8 12.8 12.8zm96 0h22.4c6.4 0 12.8-6.4 12.8-12.8V204.8c0-6.4-6.4-12.8-12.8-12.8h-22.4c-6.4 0-12.8 6.4-12.8 12.8v134.4c0 6.4 6.4 12.8 12.8 12.8zM496 400H48V80c0-8.84-7.16-16-16-16H16C7.16 64 0 71.16 0 80v336c0 17.67 14.33 32 32 32h464c8.84 0 16-7.16 16-16v-16c0-8.84-7.16-16-16-16zm-387.2-48h22.4c6.4 0 12.8-6.4 12.8-12.8v-70.4c0-6.4-6.4-12.8-12.8-12.8h-22.4c-6.4 0-12.8 6.4-12.8 12.8v70.4c0 6.4 6.4 12.8 12.8 12.8z\" class=\"\"><\/path><\/svg><\/i> <img loading=\"lazy\" decoding=\"async\" width=\"16\" height=\"16\" alt=\"Loading\" src=\"https:\/\/temucotelevision.cl\/web\/wp-content\/plugins\/page-views-count\/ajax-loader-2x.gif\" border=0 \/><\/p>\n<div class=\"pvc_clear\"><\/div>\n<p>La Fiscal\u00eda obtuvo la condena de un adulto y dos adolescentes acusados de golpear y provocar graves lesiones a un<\/p>\n","protected":false},"author":1,"featured_media":28992,"comment_status":"open","ping_status":"open","sticky":false,"template":"","format":"standard","meta":{"colormag_page_container_layout":"default_layout","colormag_page_sidebar_layout":"default_layout","footnotes":""},"categories":[14],"tags":[217,5001,887],"class_list":["post-28991","post","type-post","status-publish","format-standard","has-post-thumbnail","hentry","category-temuco","tag-carabinero","tag-fractura","tag-golpiza"],"a3_pvc":{"activated":true,"total_views":177,"today_views":0},"_links":{"self":[{"href":"https:\/\/temucotelevision.cl\/web\/wp-json\/wp\/v2\/posts\/28991","targetHints":{"allow":["GET"]}}],"collection":[{"href":"https:\/\/temucotelevision.cl\/web\/wp-json\/wp\/v2\/posts"}],"about":[{"href":"https:\/\/temucotelevision.cl\/web\/wp-json\/wp\/v2\/types\/post"}],"author":[{"embeddable":true,"href":"https:\/\/temucotelevision.cl\/web\/wp-json\/wp\/v2\/users\/1"}],"replies":[{"embeddable":true,"href":"https:\/\/temucotelevision.cl\/web\/wp-json\/wp\/v2\/comments?post=28991"}],"version-history":[{"count":1,"href":"https:\/\/temucotelevision.cl\/web\/wp-json\/wp\/v2\/posts\/28991\/revisions"}],"predecessor-version":[{"id":28994,"href":"https:\/\/temucotelevision.cl\/web\/wp-json\/wp\/v2\/posts\/28991\/revisions\/28994"}],"wp:featuredmedia":[{"embeddable":true,"href":"https:\/\/temucotelevision.cl\/web\/wp-json\/wp\/v2\/media\/28992"}],"wp:attachment":[{"href":"https:\/\/temucotelevision.cl\/web\/wp-json\/wp\/v2\/media?parent=28991"}],"wp:term":[{"taxonomy":"category","embeddable":true,"href":"https:\/\/temucotelevision.cl\/web\/wp-json\/wp\/v2\/categories?post=28991"},{"taxonomy":"post_tag","embeddable":true,"href":"https:\/\/temucotelevision.cl\/web\/wp-json\/wp\/v2\/tags?post=28991"}],"curies":[{"name":"wp","href":"https:\/\/api.w.org\/{rel}","templated":true}]}}