{"id":28989,"date":"2022-01-25T12:06:25","date_gmt":"2022-01-25T15:06:25","guid":{"rendered":"https:\/\/temucotelevision.cl\/web\/?p=28989"},"modified":"2022-01-25T12:06:26","modified_gmt":"2022-01-25T15:06:26","slug":"informe-covid-19-los-nuevos-casos-de-contagios-en-la-araucania-suman-877-temuco-registro-338-y-plc-64","status":"publish","type":"post","link":"https:\/\/temucotelevision.cl\/web\/2022\/01\/25\/informe-covid-19-los-nuevos-casos-de-contagios-en-la-araucania-suman-877-temuco-registro-338-y-plc-64\/","title":{"rendered":"Informe Covid-19: Los nuevos casos de contagios en La Araucan\u00eda suman 877, Temuco registr\u00f3 338 y PLC 64"},"content":{"rendered":"<div class=\"pvc_clear\"><\/div><p id=\"pvc_stats_28989\" class=\"pvc_stats total_only  \" data-element-id=\"28989\" style=\"\"><i class=\"pvc-stats-icon large\" aria-hidden=\"true\"><svg aria-hidden=\"true\" focusable=\"false\" data-prefix=\"far\" data-icon=\"chart-bar\" role=\"img\" xmlns=\"http:\/\/www.w3.org\/2000\/svg\" viewBox=\"0 0 512 512\" class=\"svg-inline--fa fa-chart-bar fa-w-16 fa-2x\"><path fill=\"currentColor\" d=\"M396.8 352h22.4c6.4 0 12.8-6.4 12.8-12.8V108.8c0-6.4-6.4-12.8-12.8-12.8h-22.4c-6.4 0-12.8 6.4-12.8 12.8v230.4c0 6.4 6.4 12.8 12.8 12.8zm-192 0h22.4c6.4 0 12.8-6.4 12.8-12.8V140.8c0-6.4-6.4-12.8-12.8-12.8h-22.4c-6.4 0-12.8 6.4-12.8 12.8v198.4c0 6.4 6.4 12.8 12.8 12.8zm96 0h22.4c6.4 0 12.8-6.4 12.8-12.8V204.8c0-6.4-6.4-12.8-12.8-12.8h-22.4c-6.4 0-12.8 6.4-12.8 12.8v134.4c0 6.4 6.4 12.8 12.8 12.8zM496 400H48V80c0-8.84-7.16-16-16-16H16C7.16 64 0 71.16 0 80v336c0 17.67 14.33 32 32 32h464c8.84 0 16-7.16 16-16v-16c0-8.84-7.16-16-16-16zm-387.2-48h22.4c6.4 0 12.8-6.4 12.8-12.8v-70.4c0-6.4-6.4-12.8-12.8-12.8h-22.4c-6.4 0-12.8 6.4-12.8 12.8v70.4c0 6.4 6.4 12.8 12.8 12.8z\" class=\"\"><\/path><\/svg><\/i> <img loading=\"lazy\" decoding=\"async\" width=\"16\" height=\"16\" alt=\"Loading\" src=\"https:\/\/temucotelevision.cl\/web\/wp-content\/plugins\/page-views-count\/ajax-loader-2x.gif\" border=0 \/><\/p><div class=\"pvc_clear\"><\/div>\n<p><strong>113.568 son los casos confirmados de COVID- 19 en La Araucan\u00eda.<\/strong><\/p>\n\n\n\n<p>Durante el d\u00eda ayer fueron 877 los nuevos casos confirmados de COVID- 19 en la regi\u00f3n. Estos nuevos casos sumados a los confirmados anteriormente, nos entregan la siguiente distribuci\u00f3n comunal:<\/p>\n\n\n\n<figure class=\"wp-block-table\"><table><tbody><tr><td><strong>Comuna de residencia *<\/strong><\/td><td><strong>N\u00b0 de casos<\/strong><\/td><td><strong>Casos nuevos<\/strong><\/td><td><strong>Casos activos<\/strong><\/td><\/tr><tr><td>Angol<\/td><td>6.195<\/td><td>62<\/td><td>201<\/td><\/tr><tr><td>Carahue<\/td><td>2.588<\/td><td>6<\/td><td>31<\/td><\/tr><tr><td>Chol-Chol<\/td><td>1.232<\/td><td>&#8211;<\/td><td>22<\/td><\/tr><tr><td>Collipulli<\/td><td>3.519<\/td><td>22<\/td><td>76<\/td><\/tr><tr><td>Cunco<\/td><td>1.847<\/td><td>10<\/td><td>49<\/td><\/tr><tr><td>Curacaut\u00edn<\/td><td>1.329<\/td><td>11<\/td><td>19<\/td><\/tr><tr><td>Curarrehue<\/td><td>942<\/td><td>2<\/td><td>14<\/td><\/tr><tr><td>Ercilla<\/td><td>1.253<\/td><td>1<\/td><td>9<\/td><\/tr><tr><td>Freire<\/td><td>2.786<\/td><td>16<\/td><td>39<\/td><\/tr><tr><td>Galvarino<\/td><td>2.297<\/td><td>9<\/td><td>25<\/td><\/tr><tr><td>Gorbea<\/td><td>1.480<\/td><td>11<\/td><td>37<\/td><\/tr><tr><td>Lautaro<\/td><td>4.763<\/td><td>21<\/td><td>102<\/td><\/tr><tr><td>Loncoche<\/td><td>2.257<\/td><td>22<\/td><td>60<\/td><\/tr><tr><td>Lonquimay<\/td><td>1.225<\/td><td>11<\/td><td>25<\/td><\/tr><tr><td>Los Sauces<\/td><td>941<\/td><td>&#8211;<\/td><td>5<\/td><\/tr><tr><td>Lumaco<\/td><td>1.094<\/td><td>3<\/td><td>2<\/td><\/tr><tr><td>Melipeuco<\/td><td>561<\/td><td>&#8211;<\/td><td>10<\/td><\/tr><tr><td>Nueva Imperial<\/td><td>3.295<\/td><td>4<\/td><td>93<\/td><\/tr><tr><td>Padre Las Casas<\/td><td>9.057<\/td><td>64<\/td><td>255<\/td><\/tr><tr><td>Perquenco<\/td><td>1.141<\/td><td>4<\/td><td>31<\/td><\/tr><tr><td>Pitrufqu\u00e9n<\/td><td>2.645<\/td><td>18<\/td><td>36<\/td><\/tr><tr><td>Puc\u00f3n<\/td><td>3.725<\/td><td>31<\/td><td>156<\/td><\/tr><tr><td>Pur\u00e9n<\/td><td>1.128<\/td><td>20<\/td><td>60<\/td><\/tr><tr><td>Renaico<\/td><td>1.576<\/td><td>16<\/td><td>29<\/td><\/tr><tr><td>Saavedra<\/td><td>1.675<\/td><td>14<\/td><td>36<\/td><\/tr><tr><td>Temuco<\/td><td>33.770<\/td><td>338<\/td><td>1.040<\/td><\/tr><tr><td>Teodoro Schmidt<\/td><td>1.739<\/td><td>&#8211;<\/td><td>4<\/td><\/tr><tr><td>Tolt\u00e9n<\/td><td>1.163<\/td><td>3<\/td><td>19<\/td><\/tr><tr><td>Traigu\u00e9n<\/td><td>1.817<\/td><td>12<\/td><td>45<\/td><\/tr><tr><td>Victoria<\/td><td>3.661<\/td><td>47<\/td><td>88<\/td><\/tr><tr><td>Vilc\u00fan<\/td><td>3.347<\/td><td>7<\/td><td>62<\/td><\/tr><tr><td>Villarrica<\/td><td>6.562<\/td><td>84<\/td><td>277<\/td><\/tr><tr><td><strong>Total General<\/strong><\/td><td><strong>112.610<\/strong><\/td><td><strong>869<\/strong><\/td><td><strong>2.957<\/strong><\/td><\/tr><tr><td>*Informaci\u00f3n susceptible de ser modificada, en relaci\u00f3n a los resultados de las investigaciones Epidemiol\u00f3gicas.<strong><\/strong><\/td><td>(Se extraen 958 casos del an\u00e1lisis, puesto que presentan residencia en otras regiones).&nbsp;&nbsp;<\/td><td>&nbsp;<\/td><td>** Se extraen 59&nbsp;del total de activos que presentan domicilio en otra regi\u00f3n<\/td><\/tr><\/tbody><\/table><\/figure>\n\n\n\n<figure class=\"wp-block-table\"><table><tbody><tr><td><strong>Casos nuevos<\/strong><\/td><td><strong>Sintom\u00e1ticos&nbsp;<\/strong><\/td><td><strong>Asintom\u00e1ticos<\/strong><\/td><td><strong>Casos nuevos no notificados<\/strong><strong><\/strong><\/td><\/tr><tr><td><strong>877<\/strong><\/td><td><strong>536<\/strong><\/td><td><strong>137<\/strong><\/td><td><strong>204<\/strong><\/td><\/tr><\/tbody><\/table><\/figure>\n\n\n\n<p><strong>Cambios de Residencia<\/strong><\/p>\n\n\n\n<figure class=\"wp-block-table\"><table><tbody><tr><td><strong>Ajuste Minsal<\/strong><\/td><td>-3<\/td><td>Imagen adjunta.<\/td><td><em>Se resta en ambos detalles.<\/em><\/td><\/tr><\/tbody><\/table><\/figure>\n\n\n\n<p><strong>Ex\u00e1menes PCR procesados en las \u00faltimas 24 hrs.<\/strong><\/p>\n\n\n\n<figure class=\"wp-block-table\"><table><tbody><tr><td>N\u00b0 de Muestras procesadas.(24.01.2022)<\/td><td>3.863<\/td><\/tr><\/tbody><\/table><\/figure>\n\n\n\n<figure class=\"wp-block-table\"><table><tbody><tr><td><strong>Activos<\/strong><\/td><td><strong>N\u00b0 de Casos&nbsp;<\/strong><\/td><td><strong>Porcentaje<\/strong><\/td><\/tr><tr><td>Si&nbsp;<\/td><td>2.957<\/td><td>2.7%<\/td><\/tr><tr><td>No<\/td><td>108.113<\/td><td>97.3%<\/td><\/tr><\/tbody><\/table><\/figure>\n\n\n\n<p>*Se excluyen del an\u00e1lisis los pacientes fallecidos.<\/p>\n\n\n\n<p><strong>Casos confirmados por sexo<\/strong><\/p>\n\n\n\n<figure class=\"wp-block-table\"><table><tbody><tr><td><strong>Sexo<\/strong><\/td><td><strong>N\u00b0 Casos<\/strong><\/td><td><strong>Porcentaje<\/strong><\/td><\/tr><tr><td>Hombre<\/td><td>54.987<\/td><td>48,9%<\/td><\/tr><tr><td>Mujer<\/td><td>57.623<\/td><td>51,1%<\/td><\/tr><\/tbody><\/table><\/figure>\n\n\n\n<figure class=\"wp-block-table\"><table><tbody><tr><td><strong>&nbsp;<\/strong><\/td><td><strong>Total<\/strong><\/td><\/tr><tr><td><strong>Fallecidos<\/strong><\/td><td><strong>1.574<\/strong><\/td><\/tr><\/tbody><\/table><\/figure>\n\n\n\n<p>De la totalidad de casos, 81 se encuentran hospitalizados, de estos 29 en Unidades de Paciente Cr\u00edtico (UTI 06 \u2013 UCI 23) y 19 conectados a ventilador mec\u00e1nico, los cuales se encuentran en establecimientos de la red p\u00fablica.<\/p>\n","protected":false},"excerpt":{"rendered":"<div class=\"pvc_clear\"><\/div>\n<p id=\"pvc_stats_28989\" class=\"pvc_stats total_only  \" data-element-id=\"28989\" style=\"\"><i class=\"pvc-stats-icon large\" aria-hidden=\"true\"><svg aria-hidden=\"true\" focusable=\"false\" data-prefix=\"far\" data-icon=\"chart-bar\" role=\"img\" xmlns=\"http:\/\/www.w3.org\/2000\/svg\" viewBox=\"0 0 512 512\" class=\"svg-inline--fa fa-chart-bar fa-w-16 fa-2x\"><path fill=\"currentColor\" d=\"M396.8 352h22.4c6.4 0 12.8-6.4 12.8-12.8V108.8c0-6.4-6.4-12.8-12.8-12.8h-22.4c-6.4 0-12.8 6.4-12.8 12.8v230.4c0 6.4 6.4 12.8 12.8 12.8zm-192 0h22.4c6.4 0 12.8-6.4 12.8-12.8V140.8c0-6.4-6.4-12.8-12.8-12.8h-22.4c-6.4 0-12.8 6.4-12.8 12.8v198.4c0 6.4 6.4 12.8 12.8 12.8zm96 0h22.4c6.4 0 12.8-6.4 12.8-12.8V204.8c0-6.4-6.4-12.8-12.8-12.8h-22.4c-6.4 0-12.8 6.4-12.8 12.8v134.4c0 6.4 6.4 12.8 12.8 12.8zM496 400H48V80c0-8.84-7.16-16-16-16H16C7.16 64 0 71.16 0 80v336c0 17.67 14.33 32 32 32h464c8.84 0 16-7.16 16-16v-16c0-8.84-7.16-16-16-16zm-387.2-48h22.4c6.4 0 12.8-6.4 12.8-12.8v-70.4c0-6.4-6.4-12.8-12.8-12.8h-22.4c-6.4 0-12.8 6.4-12.8 12.8v70.4c0 6.4 6.4 12.8 12.8 12.8z\" class=\"\"><\/path><\/svg><\/i> <img loading=\"lazy\" decoding=\"async\" width=\"16\" height=\"16\" alt=\"Loading\" src=\"https:\/\/temucotelevision.cl\/web\/wp-content\/plugins\/page-views-count\/ajax-loader-2x.gif\" border=0 \/><\/p>\n<div class=\"pvc_clear\"><\/div>\n<p>113.568 son los casos confirmados de COVID- 19 en La Araucan\u00eda. Durante el d\u00eda ayer fueron 877 los nuevos casos<\/p>\n","protected":false},"author":1,"featured_media":27242,"comment_status":"open","ping_status":"open","sticky":false,"template":"","format":"standard","meta":{"colormag_page_container_layout":"default_layout","colormag_page_sidebar_layout":"default_layout","footnotes":""},"categories":[15],"tags":[2314,2347,2326,2304,2312,131],"class_list":["post-28989","post","type-post","status-publish","format-standard","has-post-thumbnail","hentry","category-la-araucania","tag-casos","tag-contagios","tag-covid","tag-covid-19","tag-pandemia","tag-salud"],"a3_pvc":{"activated":true,"total_views":40,"today_views":0},"_links":{"self":[{"href":"https:\/\/temucotelevision.cl\/web\/wp-json\/wp\/v2\/posts\/28989","targetHints":{"allow":["GET"]}}],"collection":[{"href":"https:\/\/temucotelevision.cl\/web\/wp-json\/wp\/v2\/posts"}],"about":[{"href":"https:\/\/temucotelevision.cl\/web\/wp-json\/wp\/v2\/types\/post"}],"author":[{"embeddable":true,"href":"https:\/\/temucotelevision.cl\/web\/wp-json\/wp\/v2\/users\/1"}],"replies":[{"embeddable":true,"href":"https:\/\/temucotelevision.cl\/web\/wp-json\/wp\/v2\/comments?post=28989"}],"version-history":[{"count":1,"href":"https:\/\/temucotelevision.cl\/web\/wp-json\/wp\/v2\/posts\/28989\/revisions"}],"predecessor-version":[{"id":28990,"href":"https:\/\/temucotelevision.cl\/web\/wp-json\/wp\/v2\/posts\/28989\/revisions\/28990"}],"wp:featuredmedia":[{"embeddable":true,"href":"https:\/\/temucotelevision.cl\/web\/wp-json\/wp\/v2\/media\/27242"}],"wp:attachment":[{"href":"https:\/\/temucotelevision.cl\/web\/wp-json\/wp\/v2\/media?parent=28989"}],"wp:term":[{"taxonomy":"category","embeddable":true,"href":"https:\/\/temucotelevision.cl\/web\/wp-json\/wp\/v2\/categories?post=28989"},{"taxonomy":"post_tag","embeddable":true,"href":"https:\/\/temucotelevision.cl\/web\/wp-json\/wp\/v2\/tags?post=28989"}],"curies":[{"name":"wp","href":"https:\/\/api.w.org\/{rel}","templated":true}]}}