{"id":28986,"date":"2022-01-24T20:26:20","date_gmt":"2022-01-24T23:26:20","guid":{"rendered":"https:\/\/temucotelevision.cl\/web\/?p=28986"},"modified":"2022-01-24T20:26:54","modified_gmt":"2022-01-24T23:26:54","slug":"alcalde-y-comunidades-proponen-a-presidente-boric-realizar-el-primer-parlamento-por-la-paz-en-loncoche","status":"publish","type":"post","link":"https:\/\/temucotelevision.cl\/web\/2022\/01\/24\/alcalde-y-comunidades-proponen-a-presidente-boric-realizar-el-primer-parlamento-por-la-paz-en-loncoche\/","title":{"rendered":"Alcalde y comunidades proponen a presidente Boric realizar el primer parlamento por la paz en Loncoche"},"content":{"rendered":"<div class=\"pvc_clear\"><\/div><p id=\"pvc_stats_28986\" class=\"pvc_stats total_only  \" data-element-id=\"28986\" style=\"\"><i class=\"pvc-stats-icon large\" aria-hidden=\"true\"><svg aria-hidden=\"true\" focusable=\"false\" data-prefix=\"far\" data-icon=\"chart-bar\" role=\"img\" xmlns=\"http:\/\/www.w3.org\/2000\/svg\" viewBox=\"0 0 512 512\" class=\"svg-inline--fa fa-chart-bar fa-w-16 fa-2x\"><path fill=\"currentColor\" d=\"M396.8 352h22.4c6.4 0 12.8-6.4 12.8-12.8V108.8c0-6.4-6.4-12.8-12.8-12.8h-22.4c-6.4 0-12.8 6.4-12.8 12.8v230.4c0 6.4 6.4 12.8 12.8 12.8zm-192 0h22.4c6.4 0 12.8-6.4 12.8-12.8V140.8c0-6.4-6.4-12.8-12.8-12.8h-22.4c-6.4 0-12.8 6.4-12.8 12.8v198.4c0 6.4 6.4 12.8 12.8 12.8zm96 0h22.4c6.4 0 12.8-6.4 12.8-12.8V204.8c0-6.4-6.4-12.8-12.8-12.8h-22.4c-6.4 0-12.8 6.4-12.8 12.8v134.4c0 6.4 6.4 12.8 12.8 12.8zM496 400H48V80c0-8.84-7.16-16-16-16H16C7.16 64 0 71.16 0 80v336c0 17.67 14.33 32 32 32h464c8.84 0 16-7.16 16-16v-16c0-8.84-7.16-16-16-16zm-387.2-48h22.4c6.4 0 12.8-6.4 12.8-12.8v-70.4c0-6.4-6.4-12.8-12.8-12.8h-22.4c-6.4 0-12.8 6.4-12.8 12.8v70.4c0 6.4 6.4 12.8 12.8 12.8z\" class=\"\"><\/path><\/svg><\/i> <img loading=\"lazy\" decoding=\"async\" width=\"16\" height=\"16\" alt=\"Loading\" src=\"https:\/\/temucotelevision.cl\/web\/wp-content\/plugins\/page-views-count\/ajax-loader-2x.gif\" border=0 \/><\/p><div class=\"pvc_clear\"><\/div>\n<p>Fue en la inauguraci\u00f3n del K\u00fcn\u00fc perteneciente a la Asociaci\u00f3n de Comunidades Mapuches de Loncoche, con la presencia del Gobernador Regional Luciano Rivas, el Senador Jaime Quintana, los Diputados electos Andr\u00e9s Jouannet y Henry Leal y la gerencia de Forestal Arauco, donde el alcalde Alexis Pineda junto a 300 hermanos mapuche, hizo un llamado a revalorizar el di\u00e1logo y el parlamento para poder iniciar el proceso de paz en nuestra regi\u00f3n.<\/p>\n\n\n\n<p>&nbsp;\u201c<em>Desde la puerta de entrada sur a La Araucan\u00eda lacustre, estamos dando un primer avance a lo que deber\u00eda hacer el pa\u00eds completo, que es entender de que los seres humanos somos imperfectos y por tanto ninguno puede arrogarse la posibilidad de tener la raz\u00f3n, debemos tener la humildad suficiente y la entereza para sentarnos a dialogar y conversar<\/em>\u201d enfatiz\u00f3 el edil, a\u00f1adiendo que \u201c<em>aqu\u00ed hacemos un llamado a la nueva autoridad presidencial, este alcalde le invita a que desde este centro ceremonial hagamos el gran parlamento, que es lo que se necesita para que tanto el Estado chileno como las comunidades mapuches puedan encontrar el camino que nos permita vivir en paz y con tranquilidad como todos queremos<\/em>\u201d se\u00f1al\u00f3 Alexis Pineda Ru\u00edz, alcalde de Loncoche.<\/p>\n\n\n\n<p>El llamado realizado por el alcalde, fue secundado y reafirmado por Elba Matus Aburto, consejera nacional de la CONADI, electa con la primera mayor\u00eda nacional, quien se\u00f1al\u00f3 que \u201c<em>Hoy hemos querido presentar este espacio que es el K\u00fcn\u00fc, un lugar para parlamentar y con el que queremos preservar el di\u00e1logo<\/em>\u201d.<\/p>\n\n\n\n<p>Por su parte, el Gobernador Regional Luciano Rivas, expres\u00f3 que \u201c<em>creo que estos son los espacios relevantes en donde tenemos que estar, lugares para encontrar la paz, y el di\u00e1logo (\u2026) con un trabajo mancomunado entre el mundo mapuche, la empresa privada y el municipio. Estos son los ejercicios de di\u00e1logo que queremos para nuestra Araucan\u00eda<\/em>\u201d.<\/p>\n\n\n\n<p>En tanto el Senador por La Araucan\u00eda, Jaime Quintana indic\u00f3 que \u201c<em>Aqu\u00ed hay un ejemplo a replicar en Chile, sobre todo cuando tenemos problemas complejos en esta regi\u00f3n. Creo que la \u00fanica soluci\u00f3n es el di\u00e1logo y hacernos cargo de la historia que muchas veces el Estado no ha querido ver. La soluci\u00f3n no es la militarizaci\u00f3n. La soluci\u00f3n es el di\u00e1logo<\/em>\u201d puntualiz\u00f3.<\/p>\n\n\n\n<p>Finalmente, el Diputado Henry Leal se\u00f1al\u00f3 que \u201c<em>esta ha sido una ceremonia ejemplar que creo debe marcar el futuro. Esta es la forma correcta, el pueblo mapuche dialogando con las autoridades, con el mundo privado de igual a igual; generando confianza que creo es el futuro para que a esta regi\u00f3n la saquemos adelante entre todos<\/em>\u201d.<\/p>\n","protected":false},"excerpt":{"rendered":"<div class=\"pvc_clear\"><\/div>\n<p id=\"pvc_stats_28986\" class=\"pvc_stats total_only  \" data-element-id=\"28986\" style=\"\"><i class=\"pvc-stats-icon large\" aria-hidden=\"true\"><svg aria-hidden=\"true\" focusable=\"false\" data-prefix=\"far\" data-icon=\"chart-bar\" role=\"img\" xmlns=\"http:\/\/www.w3.org\/2000\/svg\" viewBox=\"0 0 512 512\" class=\"svg-inline--fa fa-chart-bar fa-w-16 fa-2x\"><path fill=\"currentColor\" d=\"M396.8 352h22.4c6.4 0 12.8-6.4 12.8-12.8V108.8c0-6.4-6.4-12.8-12.8-12.8h-22.4c-6.4 0-12.8 6.4-12.8 12.8v230.4c0 6.4 6.4 12.8 12.8 12.8zm-192 0h22.4c6.4 0 12.8-6.4 12.8-12.8V140.8c0-6.4-6.4-12.8-12.8-12.8h-22.4c-6.4 0-12.8 6.4-12.8 12.8v198.4c0 6.4 6.4 12.8 12.8 12.8zm96 0h22.4c6.4 0 12.8-6.4 12.8-12.8V204.8c0-6.4-6.4-12.8-12.8-12.8h-22.4c-6.4 0-12.8 6.4-12.8 12.8v134.4c0 6.4 6.4 12.8 12.8 12.8zM496 400H48V80c0-8.84-7.16-16-16-16H16C7.16 64 0 71.16 0 80v336c0 17.67 14.33 32 32 32h464c8.84 0 16-7.16 16-16v-16c0-8.84-7.16-16-16-16zm-387.2-48h22.4c6.4 0 12.8-6.4 12.8-12.8v-70.4c0-6.4-6.4-12.8-12.8-12.8h-22.4c-6.4 0-12.8 6.4-12.8 12.8v70.4c0 6.4 6.4 12.8 12.8 12.8z\" class=\"\"><\/path><\/svg><\/i> <img loading=\"lazy\" decoding=\"async\" width=\"16\" height=\"16\" alt=\"Loading\" src=\"https:\/\/temucotelevision.cl\/web\/wp-content\/plugins\/page-views-count\/ajax-loader-2x.gif\" border=0 \/><\/p>\n<div class=\"pvc_clear\"><\/div>\n<p>Fue en la inauguraci\u00f3n del K\u00fcn\u00fc perteneciente a la Asociaci\u00f3n de Comunidades Mapuches de Loncoche, con la presencia del Gobernador<\/p>\n","protected":false},"author":1,"featured_media":28987,"comment_status":"open","ping_status":"open","sticky":false,"template":"","format":"standard","meta":{"colormag_page_container_layout":"default_layout","colormag_page_sidebar_layout":"default_layout","footnotes":""},"categories":[15,84],"tags":[202,993,2943],"class_list":["post-28986","post","type-post","status-publish","format-standard","has-post-thumbnail","hentry","category-la-araucania","category-politica","tag-alcalde","tag-loncoche","tag-parlamento"],"a3_pvc":{"activated":true,"total_views":50,"today_views":0},"_links":{"self":[{"href":"https:\/\/temucotelevision.cl\/web\/wp-json\/wp\/v2\/posts\/28986","targetHints":{"allow":["GET"]}}],"collection":[{"href":"https:\/\/temucotelevision.cl\/web\/wp-json\/wp\/v2\/posts"}],"about":[{"href":"https:\/\/temucotelevision.cl\/web\/wp-json\/wp\/v2\/types\/post"}],"author":[{"embeddable":true,"href":"https:\/\/temucotelevision.cl\/web\/wp-json\/wp\/v2\/users\/1"}],"replies":[{"embeddable":true,"href":"https:\/\/temucotelevision.cl\/web\/wp-json\/wp\/v2\/comments?post=28986"}],"version-history":[{"count":1,"href":"https:\/\/temucotelevision.cl\/web\/wp-json\/wp\/v2\/posts\/28986\/revisions"}],"predecessor-version":[{"id":28988,"href":"https:\/\/temucotelevision.cl\/web\/wp-json\/wp\/v2\/posts\/28986\/revisions\/28988"}],"wp:featuredmedia":[{"embeddable":true,"href":"https:\/\/temucotelevision.cl\/web\/wp-json\/wp\/v2\/media\/28987"}],"wp:attachment":[{"href":"https:\/\/temucotelevision.cl\/web\/wp-json\/wp\/v2\/media?parent=28986"}],"wp:term":[{"taxonomy":"category","embeddable":true,"href":"https:\/\/temucotelevision.cl\/web\/wp-json\/wp\/v2\/categories?post=28986"},{"taxonomy":"post_tag","embeddable":true,"href":"https:\/\/temucotelevision.cl\/web\/wp-json\/wp\/v2\/tags?post=28986"}],"curies":[{"name":"wp","href":"https:\/\/api.w.org\/{rel}","templated":true}]}}