{"id":28982,"date":"2022-01-24T20:22:23","date_gmt":"2022-01-24T23:22:23","guid":{"rendered":"https:\/\/temucotelevision.cl\/web\/?p=28982"},"modified":"2022-01-24T20:22:25","modified_gmt":"2022-01-24T23:22:25","slug":"llaman-a-delegado-presidencial-y-seremis-a-rechazar-megaproyecto-inmobiliario-la-puntilla-de-villarrica","status":"publish","type":"post","link":"https:\/\/temucotelevision.cl\/web\/2022\/01\/24\/llaman-a-delegado-presidencial-y-seremis-a-rechazar-megaproyecto-inmobiliario-la-puntilla-de-villarrica\/","title":{"rendered":"Llaman a Delegado Presidencial y Seremis a rechazar megaproyecto inmobiliario La Puntilla de Villarrica"},"content":{"rendered":"<div class=\"pvc_clear\"><\/div><p id=\"pvc_stats_28982\" class=\"pvc_stats total_only  \" data-element-id=\"28982\" style=\"\"><i class=\"pvc-stats-icon large\" aria-hidden=\"true\"><svg aria-hidden=\"true\" focusable=\"false\" data-prefix=\"far\" data-icon=\"chart-bar\" role=\"img\" xmlns=\"http:\/\/www.w3.org\/2000\/svg\" viewBox=\"0 0 512 512\" class=\"svg-inline--fa fa-chart-bar fa-w-16 fa-2x\"><path fill=\"currentColor\" d=\"M396.8 352h22.4c6.4 0 12.8-6.4 12.8-12.8V108.8c0-6.4-6.4-12.8-12.8-12.8h-22.4c-6.4 0-12.8 6.4-12.8 12.8v230.4c0 6.4 6.4 12.8 12.8 12.8zm-192 0h22.4c6.4 0 12.8-6.4 12.8-12.8V140.8c0-6.4-6.4-12.8-12.8-12.8h-22.4c-6.4 0-12.8 6.4-12.8 12.8v198.4c0 6.4 6.4 12.8 12.8 12.8zm96 0h22.4c6.4 0 12.8-6.4 12.8-12.8V204.8c0-6.4-6.4-12.8-12.8-12.8h-22.4c-6.4 0-12.8 6.4-12.8 12.8v134.4c0 6.4 6.4 12.8 12.8 12.8zM496 400H48V80c0-8.84-7.16-16-16-16H16C7.16 64 0 71.16 0 80v336c0 17.67 14.33 32 32 32h464c8.84 0 16-7.16 16-16v-16c0-8.84-7.16-16-16-16zm-387.2-48h22.4c6.4 0 12.8-6.4 12.8-12.8v-70.4c0-6.4-6.4-12.8-12.8-12.8h-22.4c-6.4 0-12.8 6.4-12.8 12.8v70.4c0 6.4 6.4 12.8 12.8 12.8z\" class=\"\"><\/path><\/svg><\/i> <img loading=\"lazy\" decoding=\"async\" width=\"16\" height=\"16\" alt=\"Loading\" src=\"https:\/\/temucotelevision.cl\/web\/wp-content\/plugins\/page-views-count\/ajax-loader-2x.gif\" border=0 \/><\/p><div class=\"pvc_clear\"><\/div>\n<p><em>Proyecto no cuenta con estudio de impacto ambiental, ocupar\u00eda una superficie de 7 hect\u00e1reas con 9 edificios de 10 pisos, 487 viviendas, 738 estacionamientos y una marina de 750 m2.&nbsp;<\/em><\/p>\n\n\n\n<p>Un emplazamiento al delegado presidencial y a los seremis que integran la comisi\u00f3n de evaluaci\u00f3n ambiental (coeva) formularon el Concejal Ra\u00fal Landini, dirigentes de Villarrica y el Consejero Regional Daniel Sandoval para que el Gobierno rechace el megaproyecto inmobiliario Nueva Puntilla de Villarrica, el que no cuenta con estudio de impacto ambiental y que atenta con una zona ya saturada y afectada por la depredaci\u00f3n ambiental en Villarrica.<\/p>\n\n\n\n<p>El proyecto de esta empresa inmobiliaria con domicilio en la comuna de Lo Barnechea, que lleva por nombre Inmobiliaria Nueva Puntilla de Villarrica SpA, con Alfredo Cordero Tabach como representante legal, comprende ocupar una<em>&nbsp;<\/em>superficie de 7 hect\u00e1reas con 9 edificios de 10 pisos, 487 viviendas, 738 estacionamientos y una marina de 750 m2, con un costo de USD$104.810.000.<\/p>\n\n\n\n<p>\u201cEstamos frente a un nuevo atentado ambiental y ecol\u00f3gico en una zona declarada como saturada, proyecto que no resguarda la flora y fauna del lugar, menos el humedal que est\u00e1 en proceso de declaratoria como humedal urbano, no resguarda los impactos viales en una zona de alta congesti\u00f3n en temporada estival, no tiene coherencia con la estrategia de desarrollo, es m\u00e1s, contradice los mismos proceso de inversi\u00f3n que realiza el gobierno regional respecto a los estudios que hemos financiado para la protecci\u00f3n y mejoramiento de la calidad del agua del Lago Villarrica, etc, etc\u201d, coment\u00f3 el Core Daniel Sandoval de la Federaci\u00f3n Regionalista Verde (FREVS)<\/p>\n\n\n\n<p>En tanto, el Concejal Raul Landini expres\u00f3 que \u201caqu\u00ed se borra con el codo lo que se escribe con la mano, ya que este proyecto busca torcer la voluntad del legislador manifestada en la Ley de Protecci\u00f3n de Humedales urbanos que instruye que todo proyecto que se emplace en una \u00e1rea protegida debe presentar un estudio de impacto ambiental, lo que en este caso no se estar\u00eda respetando ya que el gobierno de Pi\u00f1era ha retrasado en m\u00e1s de un a\u00f1o la declaratoria del humedal urbano del lago Villarrica con la evidente finalidad de beneficiar entre gallos y medianoche a este tipo de proyectos que sin ning\u00fan tipo de conversaci\u00f3n con el entorno natural y comunidades de nuestro territorio, colocando por delante su billetera y no el inter\u00e9s general de la poblaci\u00f3n\u201d.<\/p>\n\n\n\n<p>El concejal adem\u00e1s emplaz\u00f3 al alcalde Germ\u00e1n Vergara \u201ca no manifestar solo buenas intenciones y decretar ahora una paralizaci\u00f3n de todo tipo de obras que intervengan humedales urbanos a la espera de la declaratoria del MMA.&nbsp; Landini invit\u00f3 al gobernador regional Luciano Rivas a \u201csostener una coherencia en su postura manifestada hace algunos meses atr\u00e1s cuando desde el propio gobierno regional se aprueba un paquete de inversi\u00f3n para proteger el lago Villarrica, declarado como saturado el a\u00f1o 2018 y por lo cual se est\u00e1 implementando actualmente un plan de descontaminaci\u00f3n\u201d.<\/p>\n\n\n\n<p>Marcelo Bermedo de la Uni\u00f3n de Organizaciones Lacustres (UDOL) coment\u00f3 que \u201clo que est\u00e1 pasando en La Puntilla es grave, los seremis y delegado votar\u00e1n esta semana la calificaci\u00f3n del proyecto, a quienes llamamos a rechazarlo, no hay estudio ambiental, tampoco de impacto vial respecto al movimiento de ambulancias hacia el nuevo hospital en la zona, ni de protecci\u00f3n del humedal urbano, si no tenemos respuesta favorable, nos tendremos que ver en tribunales para detener esta aberraci\u00f3n ambiental, donde adem\u00e1s tenemos proyectos en la zona como es el nuevo Hospital de Villarrica, el nuevo Mall de Sodimac y ahora este megaproyecto de la NUEVA PUNTILLA, los cuales causar\u00e1n un tremendo problema vial, sobre todo en temporada estival y horarios peak\u201d<\/p>\n\n\n\n<figure class=\"wp-block-image size-full\"><img loading=\"lazy\" decoding=\"async\" width=\"729\" height=\"691\" src=\"https:\/\/temucotelevision.cl\/web\/wp-content\/uploads\/2022\/01\/puntilla.png\" alt=\"\" class=\"wp-image-28984\"\/><\/figure>\n","protected":false},"excerpt":{"rendered":"<div class=\"pvc_clear\"><\/div>\n<p id=\"pvc_stats_28982\" class=\"pvc_stats total_only  \" data-element-id=\"28982\" style=\"\"><i class=\"pvc-stats-icon large\" aria-hidden=\"true\"><svg aria-hidden=\"true\" focusable=\"false\" data-prefix=\"far\" data-icon=\"chart-bar\" role=\"img\" xmlns=\"http:\/\/www.w3.org\/2000\/svg\" viewBox=\"0 0 512 512\" class=\"svg-inline--fa fa-chart-bar fa-w-16 fa-2x\"><path fill=\"currentColor\" d=\"M396.8 352h22.4c6.4 0 12.8-6.4 12.8-12.8V108.8c0-6.4-6.4-12.8-12.8-12.8h-22.4c-6.4 0-12.8 6.4-12.8 12.8v230.4c0 6.4 6.4 12.8 12.8 12.8zm-192 0h22.4c6.4 0 12.8-6.4 12.8-12.8V140.8c0-6.4-6.4-12.8-12.8-12.8h-22.4c-6.4 0-12.8 6.4-12.8 12.8v198.4c0 6.4 6.4 12.8 12.8 12.8zm96 0h22.4c6.4 0 12.8-6.4 12.8-12.8V204.8c0-6.4-6.4-12.8-12.8-12.8h-22.4c-6.4 0-12.8 6.4-12.8 12.8v134.4c0 6.4 6.4 12.8 12.8 12.8zM496 400H48V80c0-8.84-7.16-16-16-16H16C7.16 64 0 71.16 0 80v336c0 17.67 14.33 32 32 32h464c8.84 0 16-7.16 16-16v-16c0-8.84-7.16-16-16-16zm-387.2-48h22.4c6.4 0 12.8-6.4 12.8-12.8v-70.4c0-6.4-6.4-12.8-12.8-12.8h-22.4c-6.4 0-12.8 6.4-12.8 12.8v70.4c0 6.4 6.4 12.8 12.8 12.8z\" class=\"\"><\/path><\/svg><\/i> <img loading=\"lazy\" decoding=\"async\" width=\"16\" height=\"16\" alt=\"Loading\" src=\"https:\/\/temucotelevision.cl\/web\/wp-content\/plugins\/page-views-count\/ajax-loader-2x.gif\" border=0 \/><\/p>\n<div class=\"pvc_clear\"><\/div>\n<p>Proyecto no cuenta con estudio de impacto ambiental, ocupar\u00eda una superficie de 7 hect\u00e1reas con 9 edificios de 10 pisos,<\/p>\n","protected":false},"author":1,"featured_media":28983,"comment_status":"open","ping_status":"open","sticky":false,"template":"","format":"standard","meta":{"colormag_page_container_layout":"default_layout","colormag_page_sidebar_layout":"default_layout","footnotes":""},"categories":[15],"tags":[3258,3545,4999,5000],"class_list":["post-28982","post","type-post","status-publish","format-standard","has-post-thumbnail","hentry","category-la-araucania","tag-delegado","tag-inmobiliario","tag-la-puntilla","tag-megaproyecto"],"a3_pvc":{"activated":true,"total_views":180,"today_views":0},"_links":{"self":[{"href":"https:\/\/temucotelevision.cl\/web\/wp-json\/wp\/v2\/posts\/28982","targetHints":{"allow":["GET"]}}],"collection":[{"href":"https:\/\/temucotelevision.cl\/web\/wp-json\/wp\/v2\/posts"}],"about":[{"href":"https:\/\/temucotelevision.cl\/web\/wp-json\/wp\/v2\/types\/post"}],"author":[{"embeddable":true,"href":"https:\/\/temucotelevision.cl\/web\/wp-json\/wp\/v2\/users\/1"}],"replies":[{"embeddable":true,"href":"https:\/\/temucotelevision.cl\/web\/wp-json\/wp\/v2\/comments?post=28982"}],"version-history":[{"count":1,"href":"https:\/\/temucotelevision.cl\/web\/wp-json\/wp\/v2\/posts\/28982\/revisions"}],"predecessor-version":[{"id":28985,"href":"https:\/\/temucotelevision.cl\/web\/wp-json\/wp\/v2\/posts\/28982\/revisions\/28985"}],"wp:featuredmedia":[{"embeddable":true,"href":"https:\/\/temucotelevision.cl\/web\/wp-json\/wp\/v2\/media\/28983"}],"wp:attachment":[{"href":"https:\/\/temucotelevision.cl\/web\/wp-json\/wp\/v2\/media?parent=28982"}],"wp:term":[{"taxonomy":"category","embeddable":true,"href":"https:\/\/temucotelevision.cl\/web\/wp-json\/wp\/v2\/categories?post=28982"},{"taxonomy":"post_tag","embeddable":true,"href":"https:\/\/temucotelevision.cl\/web\/wp-json\/wp\/v2\/tags?post=28982"}],"curies":[{"name":"wp","href":"https:\/\/api.w.org\/{rel}","templated":true}]}}