{"id":28973,"date":"2022-01-24T19:46:15","date_gmt":"2022-01-24T22:46:15","guid":{"rendered":"https:\/\/temucotelevision.cl\/web\/?p=28973"},"modified":"2022-01-24T19:46:17","modified_gmt":"2022-01-24T22:46:17","slug":"padre-las-casas-anticipa-estrategia-y-habilita-clinica-movil-para-testeo-pcr-con-busqueda-activa","status":"publish","type":"post","link":"https:\/\/temucotelevision.cl\/web\/2022\/01\/24\/padre-las-casas-anticipa-estrategia-y-habilita-clinica-movil-para-testeo-pcr-con-busqueda-activa\/","title":{"rendered":"Padre Las Casas anticipa estrategia y habilita Cl\u00ednica M\u00f3vil para testeo PCR con b\u00fasqueda activa"},"content":{"rendered":"<div class=\"pvc_clear\"><\/div><p id=\"pvc_stats_28973\" class=\"pvc_stats total_only  \" data-element-id=\"28973\" style=\"\"><i class=\"pvc-stats-icon large\" aria-hidden=\"true\"><svg aria-hidden=\"true\" focusable=\"false\" data-prefix=\"far\" data-icon=\"chart-bar\" role=\"img\" xmlns=\"http:\/\/www.w3.org\/2000\/svg\" viewBox=\"0 0 512 512\" class=\"svg-inline--fa fa-chart-bar fa-w-16 fa-2x\"><path fill=\"currentColor\" d=\"M396.8 352h22.4c6.4 0 12.8-6.4 12.8-12.8V108.8c0-6.4-6.4-12.8-12.8-12.8h-22.4c-6.4 0-12.8 6.4-12.8 12.8v230.4c0 6.4 6.4 12.8 12.8 12.8zm-192 0h22.4c6.4 0 12.8-6.4 12.8-12.8V140.8c0-6.4-6.4-12.8-12.8-12.8h-22.4c-6.4 0-12.8 6.4-12.8 12.8v198.4c0 6.4 6.4 12.8 12.8 12.8zm96 0h22.4c6.4 0 12.8-6.4 12.8-12.8V204.8c0-6.4-6.4-12.8-12.8-12.8h-22.4c-6.4 0-12.8 6.4-12.8 12.8v134.4c0 6.4 6.4 12.8 12.8 12.8zM496 400H48V80c0-8.84-7.16-16-16-16H16C7.16 64 0 71.16 0 80v336c0 17.67 14.33 32 32 32h464c8.84 0 16-7.16 16-16v-16c0-8.84-7.16-16-16-16zm-387.2-48h22.4c6.4 0 12.8-6.4 12.8-12.8v-70.4c0-6.4-6.4-12.8-12.8-12.8h-22.4c-6.4 0-12.8 6.4-12.8 12.8v70.4c0 6.4 6.4 12.8 12.8 12.8z\" class=\"\"><\/path><\/svg><\/i> <img loading=\"lazy\" decoding=\"async\" width=\"16\" height=\"16\" alt=\"Loading\" src=\"https:\/\/temucotelevision.cl\/web\/wp-content\/plugins\/page-views-count\/ajax-loader-2x.gif\" border=0 \/><\/p><div class=\"pvc_clear\"><\/div>\n<p>Alcalde Gonz\u00e1lez llam\u00f3 al Gobierno a apoyar a los municipios para fortalecer testeos PCR<\/p>\n\n\n\n<p>Tras el cambio de estrategia del minsal que apela a la voluntad y auto-cuidado de las personas, el Alcalde de Padre Las Casas y el Departamento de Salud Municipal adelantaron una estrategia comunal habilitando una cl\u00ednica m\u00f3vil para una b\u00fasqueda activa de contagios Omicron en la comuna.<\/p>\n\n\n\n<p>El alcalde Mario Gonz\u00e1lez, lament\u00f3 que el Ministerio de Salud tenga sin apoyo de recursos a los municipios, que en definitiva somos la primera l\u00ednea de prevenci\u00f3n y combate de la pandemia desde nuestros territorios urbanos y rurales, por ello, hemos inyectado recursos municipales para estos testeos, sumado al apoyo comunitario desde los barrios y dirigentes vecinales.<\/p>\n\n\n\n<p>\u201cNo puede ser que a pesar del aumento de contagios por Covid-19, el&nbsp;gobierno&nbsp;no baje los recursos econ\u00f3micos para implementar las medidas sanitarias para esta pandemia y para todo el resto del proceso sanitario y, que estamos asumiendo nosotros como Municipio Padre las Casas&#8221;, denunci\u00f3 el edil.<\/p>\n\n\n\n<p>En tanto Anita Aranda, enfermera y directora t\u00e9cnica del SAR coment\u00f3 que \u201cesta iniciativa es pionera como estrategia de testeo la que implementamos tambi\u00e9n en el a\u00f1o 2020, por lo que el llamado es a acercarse y acceder por orden de llegada a esta cl\u00ednica m\u00f3vil\u201d.&nbsp;<\/p>\n\n\n\n<p>Marisol Recondo, dirigenta vecinal y miembro del consejo de la sociedad civil del Hospital de Padre Las Casas, expres\u00f3 que \u201cnecesitamos ir construyendo una alianza de trabajo preventivo tambi\u00e9n desde los barrios, con las dirigencias, con las organizaciones, ya que es ah\u00ed donde estamos conociendo las problem\u00e1ticas sanitarias, directamente desde nuestras comunidades, por lo que este esfuerzo, es una se\u00f1al en esta direcci\u00f3n\u201d.<\/p>\n\n\n\n<p>Desde el departamento de Salud informaron que la cl\u00ednica m\u00f3vil de toma de PCR, estar\u00e1 en forma permanente de lunes a viernes de 9 a 13.30 horas en la entrada del SAR de Padre Las Casas, ubicado en Las Aguilas&nbsp;1402, m\u00f3vil que tiene una asignaci\u00f3n de 70 kits de testeo diario, para atender a una poblaci\u00f3n de 73 mil habitantes de la comuna.<\/p>\n","protected":false},"excerpt":{"rendered":"<div class=\"pvc_clear\"><\/div>\n<p id=\"pvc_stats_28973\" class=\"pvc_stats total_only  \" data-element-id=\"28973\" style=\"\"><i class=\"pvc-stats-icon large\" aria-hidden=\"true\"><svg aria-hidden=\"true\" focusable=\"false\" data-prefix=\"far\" data-icon=\"chart-bar\" role=\"img\" xmlns=\"http:\/\/www.w3.org\/2000\/svg\" viewBox=\"0 0 512 512\" class=\"svg-inline--fa fa-chart-bar fa-w-16 fa-2x\"><path fill=\"currentColor\" d=\"M396.8 352h22.4c6.4 0 12.8-6.4 12.8-12.8V108.8c0-6.4-6.4-12.8-12.8-12.8h-22.4c-6.4 0-12.8 6.4-12.8 12.8v230.4c0 6.4 6.4 12.8 12.8 12.8zm-192 0h22.4c6.4 0 12.8-6.4 12.8-12.8V140.8c0-6.4-6.4-12.8-12.8-12.8h-22.4c-6.4 0-12.8 6.4-12.8 12.8v198.4c0 6.4 6.4 12.8 12.8 12.8zm96 0h22.4c6.4 0 12.8-6.4 12.8-12.8V204.8c0-6.4-6.4-12.8-12.8-12.8h-22.4c-6.4 0-12.8 6.4-12.8 12.8v134.4c0 6.4 6.4 12.8 12.8 12.8zM496 400H48V80c0-8.84-7.16-16-16-16H16C7.16 64 0 71.16 0 80v336c0 17.67 14.33 32 32 32h464c8.84 0 16-7.16 16-16v-16c0-8.84-7.16-16-16-16zm-387.2-48h22.4c6.4 0 12.8-6.4 12.8-12.8v-70.4c0-6.4-6.4-12.8-12.8-12.8h-22.4c-6.4 0-12.8 6.4-12.8 12.8v70.4c0 6.4 6.4 12.8 12.8 12.8z\" class=\"\"><\/path><\/svg><\/i> <img loading=\"lazy\" decoding=\"async\" width=\"16\" height=\"16\" alt=\"Loading\" src=\"https:\/\/temucotelevision.cl\/web\/wp-content\/plugins\/page-views-count\/ajax-loader-2x.gif\" border=0 \/><\/p>\n<div class=\"pvc_clear\"><\/div>\n<p>Alcalde Gonz\u00e1lez llam\u00f3 al Gobierno a apoyar a los municipios para fortalecer testeos PCR Tras el cambio de estrategia del<\/p>\n","protected":false},"author":1,"featured_media":28974,"comment_status":"open","ping_status":"open","sticky":false,"template":"","format":"standard","meta":{"colormag_page_container_layout":"default_layout","colormag_page_sidebar_layout":"default_layout","footnotes":""},"categories":[15],"tags":[4997,1308,999,3764],"class_list":["post-28973","post","type-post","status-publish","format-standard","has-post-thumbnail","hentry","category-la-araucania","tag-clinica-3","tag-movil","tag-plc","tag-testeo"],"a3_pvc":{"activated":true,"total_views":87,"today_views":0},"_links":{"self":[{"href":"https:\/\/temucotelevision.cl\/web\/wp-json\/wp\/v2\/posts\/28973","targetHints":{"allow":["GET"]}}],"collection":[{"href":"https:\/\/temucotelevision.cl\/web\/wp-json\/wp\/v2\/posts"}],"about":[{"href":"https:\/\/temucotelevision.cl\/web\/wp-json\/wp\/v2\/types\/post"}],"author":[{"embeddable":true,"href":"https:\/\/temucotelevision.cl\/web\/wp-json\/wp\/v2\/users\/1"}],"replies":[{"embeddable":true,"href":"https:\/\/temucotelevision.cl\/web\/wp-json\/wp\/v2\/comments?post=28973"}],"version-history":[{"count":1,"href":"https:\/\/temucotelevision.cl\/web\/wp-json\/wp\/v2\/posts\/28973\/revisions"}],"predecessor-version":[{"id":28975,"href":"https:\/\/temucotelevision.cl\/web\/wp-json\/wp\/v2\/posts\/28973\/revisions\/28975"}],"wp:featuredmedia":[{"embeddable":true,"href":"https:\/\/temucotelevision.cl\/web\/wp-json\/wp\/v2\/media\/28974"}],"wp:attachment":[{"href":"https:\/\/temucotelevision.cl\/web\/wp-json\/wp\/v2\/media?parent=28973"}],"wp:term":[{"taxonomy":"category","embeddable":true,"href":"https:\/\/temucotelevision.cl\/web\/wp-json\/wp\/v2\/categories?post=28973"},{"taxonomy":"post_tag","embeddable":true,"href":"https:\/\/temucotelevision.cl\/web\/wp-json\/wp\/v2\/tags?post=28973"}],"curies":[{"name":"wp","href":"https:\/\/api.w.org\/{rel}","templated":true}]}}