{"id":28969,"date":"2022-01-24T19:37:56","date_gmt":"2022-01-24T22:37:56","guid":{"rendered":"https:\/\/temucotelevision.cl\/web\/?p=28969"},"modified":"2022-01-24T19:37:58","modified_gmt":"2022-01-24T22:37:58","slug":"alcaldesa-jacqueline-romeo-lanza-junto-a-comerciantes-de-pitrufquen-campana-contra-el-acoso-callejero","status":"publish","type":"post","link":"https:\/\/temucotelevision.cl\/web\/2022\/01\/24\/alcaldesa-jacqueline-romeo-lanza-junto-a-comerciantes-de-pitrufquen-campana-contra-el-acoso-callejero\/","title":{"rendered":"Alcaldesa Jacqueline Romeo lanza junto a comerciantes de Pitrufqu\u00e9n campa\u00f1a contra el acoso callejero"},"content":{"rendered":"<div class=\"pvc_clear\"><\/div><p id=\"pvc_stats_28969\" class=\"pvc_stats total_only  \" data-element-id=\"28969\" style=\"\"><i class=\"pvc-stats-icon large\" aria-hidden=\"true\"><svg aria-hidden=\"true\" focusable=\"false\" data-prefix=\"far\" data-icon=\"chart-bar\" role=\"img\" xmlns=\"http:\/\/www.w3.org\/2000\/svg\" viewBox=\"0 0 512 512\" class=\"svg-inline--fa fa-chart-bar fa-w-16 fa-2x\"><path fill=\"currentColor\" d=\"M396.8 352h22.4c6.4 0 12.8-6.4 12.8-12.8V108.8c0-6.4-6.4-12.8-12.8-12.8h-22.4c-6.4 0-12.8 6.4-12.8 12.8v230.4c0 6.4 6.4 12.8 12.8 12.8zm-192 0h22.4c6.4 0 12.8-6.4 12.8-12.8V140.8c0-6.4-6.4-12.8-12.8-12.8h-22.4c-6.4 0-12.8 6.4-12.8 12.8v198.4c0 6.4 6.4 12.8 12.8 12.8zm96 0h22.4c6.4 0 12.8-6.4 12.8-12.8V204.8c0-6.4-6.4-12.8-12.8-12.8h-22.4c-6.4 0-12.8 6.4-12.8 12.8v134.4c0 6.4 6.4 12.8 12.8 12.8zM496 400H48V80c0-8.84-7.16-16-16-16H16C7.16 64 0 71.16 0 80v336c0 17.67 14.33 32 32 32h464c8.84 0 16-7.16 16-16v-16c0-8.84-7.16-16-16-16zm-387.2-48h22.4c6.4 0 12.8-6.4 12.8-12.8v-70.4c0-6.4-6.4-12.8-12.8-12.8h-22.4c-6.4 0-12.8 6.4-12.8 12.8v70.4c0 6.4 6.4 12.8 12.8 12.8z\" class=\"\"><\/path><\/svg><\/i> <img loading=\"lazy\" decoding=\"async\" width=\"16\" height=\"16\" alt=\"Loading\" src=\"https:\/\/temucotelevision.cl\/web\/wp-content\/plugins\/page-views-count\/ajax-loader-2x.gif\" border=0 \/><\/p><div class=\"pvc_clear\"><\/div>\n<p><em>La Primera Autoridad Comunal manifest\u00f3 que cuando una mujer sea v\u00edctima de acoso callejero podr\u00e1 ingresar al local comercial, en donde se le entregar\u00e1 la primera contenci\u00f3n, para despu\u00e9s entrar en acci\u00f3n el Municipio. Cada local est\u00e1 identificado con un sello, puesto en el lugar visible. &nbsp;<\/em><\/p>\n\n\n\n<p>La Alcaldesa Jacqueline Romero Inzunza, lanz\u00f3 oficialmente este mi\u00e9rcoles la campa\u00f1a contra el acoso callejero \u201cSi\u00e9ntete Segura En Este Local\u201d, en marcado en su pol\u00edtica de erradicar todo tipo de violencia en contra de la mujer, a trav\u00e9s del proyecto FNDR \u201cTu No Est\u00e1s Sola\u201d, dependiente de la Oficina de Seguridad P\u00fablica Municipal.<\/p>\n\n\n\n<p>La iniciativa impulsada por la Primera Autoridad Comunal, tiene como objetivo que los locales comerciales se transformen en sitios donde una mujer que sufre acoso en la v\u00eda p\u00fablica pueda buscar ayuda, refugio y contenci\u00f3n, negocios que estar\u00e1n identificados con un sello puesto en una parte visible para el p\u00fablico.<\/p>\n\n\n\n<p>La Alcaldesa Romero, agradeci\u00f3 a los 9 recintos comerciales de Pitrufqu\u00e9n que se adhirieron a esta campa\u00f1a e invit\u00f3 a los dem\u00e1s comerciantes de la comuna a sumarse. \u201cCuando una mujer es acosada puede venir al local y ac\u00e1 le van a entregar la primera contenci\u00f3n y ah\u00ed vamos actuar nosotros como Municipio. Y hago un llamado tambi\u00e9n a otros locales que se quieran adherir a esta campa\u00f1a que nos llamen para poder tener muchos m\u00e1s locales en nuestra comuna, para poderse preocupar de este tema que ya est\u00e1 muchas veces normalizado y eso no puede ser. Nosotros agradecemos de verdad, de coraz\u00f3n, que nuestros comerciantes nos est\u00e9n apoyando en esta iniciativa. S\u00e9 que va a ser s\u00faper efectivo (\u2026) Y todos nuestros comerciantes que se adhieren a esta campa\u00f1a son unos fieles aliados a este cambio que queremos hacer en nuestra comuna\u201d.<\/p>\n\n\n\n<p>Los recintos comerciales son La Casa B\u00e1rbara, Capricornio, Perfumer\u00eda Reyes, Local Comercial sin nombre de avenida Francisco Bilbao, Camilu, Pasteler\u00eda Clarita, Una Tostadur\u00eda (frente a la plaza de armas), ferreter\u00eda bazar Maxi y el gimnasio Winfit.<\/p>\n\n\n\n<p>En tanto, Magda Salamanca, due\u00f1a de Casa B\u00e1rbara elogi\u00f3 la campa\u00f1a y agradeci\u00f3 la oportunidad de ser part\u00edcipe de ella. \u201cMe parece excelente esta campa\u00f1a, donde las mujeres estamos cada vez m\u00e1s hacia no normalizar ciertas conductas que anteriormente eran como habituales, que es el acoso callejero, que en definitiva es un acoso sexual que se sufre por personas desconocidas y que molesta mucho y que te invalida como mujer. Agradezco a la Municipalidad que nos haga part\u00edcipes de esta actividad e ir avanzando\u201d, se\u00f1al\u00f3 la comerciante.<\/p>\n\n\n\n<figure class=\"wp-block-image size-large\"><img loading=\"lazy\" decoding=\"async\" width=\"1024\" height=\"461\" src=\"https:\/\/temucotelevision.cl\/web\/wp-content\/uploads\/2022\/01\/CampanaAcosoCallejero5-1024x461.jpg\" alt=\"\" class=\"wp-image-28971\" srcset=\"https:\/\/temucotelevision.cl\/web\/wp-content\/uploads\/2022\/01\/CampanaAcosoCallejero5-1024x461.jpg 1024w, https:\/\/temucotelevision.cl\/web\/wp-content\/uploads\/2022\/01\/CampanaAcosoCallejero5-768x345.jpg 768w, https:\/\/temucotelevision.cl\/web\/wp-content\/uploads\/2022\/01\/CampanaAcosoCallejero5.jpg 1156w\" sizes=\"auto, (max-width: 1024px) 100vw, 1024px\" \/><\/figure>\n","protected":false},"excerpt":{"rendered":"<div class=\"pvc_clear\"><\/div>\n<p id=\"pvc_stats_28969\" class=\"pvc_stats total_only  \" data-element-id=\"28969\" style=\"\"><i class=\"pvc-stats-icon large\" aria-hidden=\"true\"><svg aria-hidden=\"true\" focusable=\"false\" data-prefix=\"far\" data-icon=\"chart-bar\" role=\"img\" xmlns=\"http:\/\/www.w3.org\/2000\/svg\" viewBox=\"0 0 512 512\" class=\"svg-inline--fa fa-chart-bar fa-w-16 fa-2x\"><path fill=\"currentColor\" d=\"M396.8 352h22.4c6.4 0 12.8-6.4 12.8-12.8V108.8c0-6.4-6.4-12.8-12.8-12.8h-22.4c-6.4 0-12.8 6.4-12.8 12.8v230.4c0 6.4 6.4 12.8 12.8 12.8zm-192 0h22.4c6.4 0 12.8-6.4 12.8-12.8V140.8c0-6.4-6.4-12.8-12.8-12.8h-22.4c-6.4 0-12.8 6.4-12.8 12.8v198.4c0 6.4 6.4 12.8 12.8 12.8zm96 0h22.4c6.4 0 12.8-6.4 12.8-12.8V204.8c0-6.4-6.4-12.8-12.8-12.8h-22.4c-6.4 0-12.8 6.4-12.8 12.8v134.4c0 6.4 6.4 12.8 12.8 12.8zM496 400H48V80c0-8.84-7.16-16-16-16H16C7.16 64 0 71.16 0 80v336c0 17.67 14.33 32 32 32h464c8.84 0 16-7.16 16-16v-16c0-8.84-7.16-16-16-16zm-387.2-48h22.4c6.4 0 12.8-6.4 12.8-12.8v-70.4c0-6.4-6.4-12.8-12.8-12.8h-22.4c-6.4 0-12.8 6.4-12.8 12.8v70.4c0 6.4 6.4 12.8 12.8 12.8z\" class=\"\"><\/path><\/svg><\/i> <img loading=\"lazy\" decoding=\"async\" width=\"16\" height=\"16\" alt=\"Loading\" src=\"https:\/\/temucotelevision.cl\/web\/wp-content\/plugins\/page-views-count\/ajax-loader-2x.gif\" border=0 \/><\/p>\n<div class=\"pvc_clear\"><\/div>\n<p>La Primera Autoridad Comunal manifest\u00f3 que cuando una mujer sea v\u00edctima de acoso callejero podr\u00e1 ingresar al local comercial, en<\/p>\n","protected":false},"author":1,"featured_media":28970,"comment_status":"open","ping_status":"open","sticky":false,"template":"","format":"standard","meta":{"colormag_page_container_layout":"default_layout","colormag_page_sidebar_layout":"default_layout","footnotes":""},"categories":[101],"tags":[],"class_list":["post-28969","post","type-post","status-publish","format-standard","has-post-thumbnail","hentry","category-actualidad"],"a3_pvc":{"activated":true,"total_views":40,"today_views":0},"_links":{"self":[{"href":"https:\/\/temucotelevision.cl\/web\/wp-json\/wp\/v2\/posts\/28969","targetHints":{"allow":["GET"]}}],"collection":[{"href":"https:\/\/temucotelevision.cl\/web\/wp-json\/wp\/v2\/posts"}],"about":[{"href":"https:\/\/temucotelevision.cl\/web\/wp-json\/wp\/v2\/types\/post"}],"author":[{"embeddable":true,"href":"https:\/\/temucotelevision.cl\/web\/wp-json\/wp\/v2\/users\/1"}],"replies":[{"embeddable":true,"href":"https:\/\/temucotelevision.cl\/web\/wp-json\/wp\/v2\/comments?post=28969"}],"version-history":[{"count":1,"href":"https:\/\/temucotelevision.cl\/web\/wp-json\/wp\/v2\/posts\/28969\/revisions"}],"predecessor-version":[{"id":28972,"href":"https:\/\/temucotelevision.cl\/web\/wp-json\/wp\/v2\/posts\/28969\/revisions\/28972"}],"wp:featuredmedia":[{"embeddable":true,"href":"https:\/\/temucotelevision.cl\/web\/wp-json\/wp\/v2\/media\/28970"}],"wp:attachment":[{"href":"https:\/\/temucotelevision.cl\/web\/wp-json\/wp\/v2\/media?parent=28969"}],"wp:term":[{"taxonomy":"category","embeddable":true,"href":"https:\/\/temucotelevision.cl\/web\/wp-json\/wp\/v2\/categories?post=28969"},{"taxonomy":"post_tag","embeddable":true,"href":"https:\/\/temucotelevision.cl\/web\/wp-json\/wp\/v2\/tags?post=28969"}],"curies":[{"name":"wp","href":"https:\/\/api.w.org\/{rel}","templated":true}]}}