{"id":28962,"date":"2022-01-24T19:27:11","date_gmt":"2022-01-24T22:27:11","guid":{"rendered":"https:\/\/temucotelevision.cl\/web\/?p=28962"},"modified":"2022-01-24T19:27:12","modified_gmt":"2022-01-24T22:27:12","slug":"teleton-abre-inscripciones-para-su-voluntariado-permanente-2022-requisitos-y-como-postular","status":"publish","type":"post","link":"https:\/\/temucotelevision.cl\/web\/2022\/01\/24\/teleton-abre-inscripciones-para-su-voluntariado-permanente-2022-requisitos-y-como-postular\/","title":{"rendered":"Telet\u00f3n abre inscripciones para su Voluntariado Permanente 2022: requisitos y c\u00f3mo postular"},"content":{"rendered":"<div class=\"pvc_clear\"><\/div><p id=\"pvc_stats_28962\" class=\"pvc_stats total_only  \" data-element-id=\"28962\" style=\"\"><i class=\"pvc-stats-icon large\" aria-hidden=\"true\"><svg aria-hidden=\"true\" focusable=\"false\" data-prefix=\"far\" data-icon=\"chart-bar\" role=\"img\" xmlns=\"http:\/\/www.w3.org\/2000\/svg\" viewBox=\"0 0 512 512\" class=\"svg-inline--fa fa-chart-bar fa-w-16 fa-2x\"><path fill=\"currentColor\" d=\"M396.8 352h22.4c6.4 0 12.8-6.4 12.8-12.8V108.8c0-6.4-6.4-12.8-12.8-12.8h-22.4c-6.4 0-12.8 6.4-12.8 12.8v230.4c0 6.4 6.4 12.8 12.8 12.8zm-192 0h22.4c6.4 0 12.8-6.4 12.8-12.8V140.8c0-6.4-6.4-12.8-12.8-12.8h-22.4c-6.4 0-12.8 6.4-12.8 12.8v198.4c0 6.4 6.4 12.8 12.8 12.8zm96 0h22.4c6.4 0 12.8-6.4 12.8-12.8V204.8c0-6.4-6.4-12.8-12.8-12.8h-22.4c-6.4 0-12.8 6.4-12.8 12.8v134.4c0 6.4 6.4 12.8 12.8 12.8zM496 400H48V80c0-8.84-7.16-16-16-16H16C7.16 64 0 71.16 0 80v336c0 17.67 14.33 32 32 32h464c8.84 0 16-7.16 16-16v-16c0-8.84-7.16-16-16-16zm-387.2-48h22.4c6.4 0 12.8-6.4 12.8-12.8v-70.4c0-6.4-6.4-12.8-12.8-12.8h-22.4c-6.4 0-12.8 6.4-12.8 12.8v70.4c0 6.4 6.4 12.8 12.8 12.8z\" class=\"\"><\/path><\/svg><\/i> <img loading=\"lazy\" decoding=\"async\" width=\"16\" height=\"16\" alt=\"Loading\" src=\"https:\/\/temucotelevision.cl\/web\/wp-content\/plugins\/page-views-count\/ajax-loader-2x.gif\" border=0 \/><\/p><div class=\"pvc_clear\"><\/div>\n<ul class=\"wp-block-list\"><li>Quienes est\u00e9n interesados en vivir la experiencia de ser voluntario o voluntaria en alguno de sus institutos, pueden postular a un cupo en www.teleton.cl.&nbsp;&nbsp;Las personas pueden inscribirse a partir de los 18 a\u00f1os, y no hay l\u00edmite de edad m\u00e1xima para participar.<\/li><li>El equipo de voluntariado cumple un importante rol apoyando labores y actividades en pos de la rehabilitaci\u00f3n e inclusi\u00f3n social de los ni\u00f1os, ni\u00f1as y j\u00f3venes que son pacientes de la instituci\u00f3n.<\/li><\/ul>\n\n\n\n<p>Telet\u00f3n abri\u00f3 este lunes 24 de enero las postulaciones a su Voluntariado Permanente, e invita a quienes est\u00e9n interesados en vivir esta experiencia solidaria a inscribirse en un formulario disponible en el sitio web de la instituci\u00f3n.&nbsp;<\/p>\n\n\n\n<p>Telet\u00f3n atiende a m\u00e1s de 31 mil ni\u00f1os, ni\u00f1as, j\u00f3venes y el equipo de voluntariado asiste y apoya tareas y actividades en pos de su rehabilitaci\u00f3n integral e inclusi\u00f3n social.&nbsp;<\/p>\n\n\n\n<p>Son cerca de 1.300 personas las que actualmente componen el equipo de Voluntariado Telet\u00f3n, desde Arica a Coyhaique, donde existen institutos de rehabilitaci\u00f3n.&nbsp; Durante el verano de cada a\u00f1o se abren cupos para sumar nuevos integrantes, a los que se postula y accede mediante un proceso de entrevistas de selecci\u00f3n.&nbsp;<\/p>\n\n\n\n<p>&nbsp;\u201cEste proceso permite que podamos seguir apoyando a las familias Telet\u00f3n en el camino de la rehabilitaci\u00f3n e inclusi\u00f3n. Los voluntarios cumplen un rol clave en esto, as\u00ed que invitamos a quienes tengan la energ\u00eda, las ganas y la vocaci\u00f3n de colaborar, a vivir la experiencia y sumarse a esta obra a trav\u00e9s del Voluntariado Permanente 2022\u201d, dice&nbsp;<strong>Aldo Orrigoni<\/strong>, director de Gesti\u00f3n Social y Voluntariado de Telet\u00f3n.<\/p>\n\n\n\n<p>Se puede ser voluntario Telet\u00f3n desde los 18 a\u00f1os y no hay un l\u00edmite de edad m\u00e1xima para participar en este programa. El periodo de postulaciones 2022 comenz\u00f3 este lunes 24 de enero, para lo cual se encuentra habilitado un formulario de inscripci\u00f3n en&nbsp;<a href=\"http:\/\/www.teleton.cl\/\">www.teleton.cl<\/a>.<\/p>\n\n\n\n<p>Todas las personas que re\u00fanan los requisitos y completen sus datos en l\u00ednea ser\u00e1n llamadas a entrevistas grupales durante marzo pr\u00f3ximo, como primera etapa de selecci\u00f3n.<\/p>\n\n\n\n<p><strong>Requisitos para ser voluntario o voluntaria Telet\u00f3n<\/strong><\/p>\n\n\n\n<p>En cada instituto Telet\u00f3n del pa\u00eds existe un n\u00famero limitado de cupos, de acuerdo a las caracter\u00edsticas y necesidades de cada centro, y el proceso de selecci\u00f3n para llenarlos contempla ciertos requisitos que los postulantes deben considerar. Estos son:<\/p>\n\n\n\n<ul class=\"wp-block-list\"><li>Tener&nbsp;<strong>18 a\u00f1os cumplidos<\/strong>&nbsp;al momento de postular (no hay edad m\u00e1xima para ser voluntario).<\/li><li><strong>Inscribirse en el formulario online<\/strong>&nbsp;disponible en&nbsp;<a href=\"http:\/\/www.teleton.cl\/\">www.teleton.cl<\/a>, que es la \u00fanica v\u00eda de postulaci\u00f3n.<\/li><li><strong>Contar<\/strong>&nbsp;con&nbsp;<strong>un tiempo m\u00ednimo disponible de al menos 3 horas continuas a la semana<\/strong>&nbsp;para dedicar al servicio de voluntariado. Este servicio se puede realizar de lunes a viernes entre 09 y 18 horas, y\/o s\u00e1bados entre 09 y 14 horas.<\/li><li>Al momento de postular, se puede indicar la preferencia del instituto Telet\u00f3n donde se quiere ser voluntario.<\/li><\/ul>\n\n\n\n<p><strong>Qu\u00e9 hace el voluntariado<\/strong><\/p>\n\n\n\n<p>Las personas que cumplan los requisitos ser\u00e1n contactadas v\u00eda e-mail para participar en una entrevista grupal. Luego vendr\u00e1n entrevistas individuales y, de resultar seleccionadas, una inducci\u00f3n general y una capacitaci\u00f3n para el programa comunitario o servicio en que sean asignadas, ya como voluntarios o voluntarias permanentes de Telet\u00f3n.<\/p>\n\n\n\n<p>Esta asignaci\u00f3n se realiza seg\u00fan las habilidades y aptitudes de cada persona. Las labores que el voluntariado realiza contemplan distintos \u00e1mbitos de acci\u00f3n, que contribuyen a la rehabilitaci\u00f3n e inclusi\u00f3n social de los ni\u00f1os, ni\u00f1as y j\u00f3venes que se atienden en los 14 institutos.<\/p>\n\n\n\n<p>Entre estas labores est\u00e1n, por ejemplo, el mejorar la accesibilidad de los espacios cotidianos de los usuarios Telet\u00f3n y sus familias; dar apoyo a los profesionales de los institutos en su trabajo diario con los ni\u00f1os, ni\u00f1as y j\u00f3venes que atienden; y acompa\u00f1ar y participar en actividades de diversi\u00f3n y entretenimiento, lo que tambi\u00e9n es muy importante para la rehabilitaci\u00f3n e inclusi\u00f3n.&nbsp;<\/p>\n\n\n\n<p>Estas actividades se realizan a trav\u00e9s de los llamados programas comunitarios, tales como el Programa Abre, la Primera Consulta de las familias y el Verano Telet\u00f3n. Tambi\u00e9n participan en la difusi\u00f3n y eventos relacionados con la campa\u00f1a anual de recaudaci\u00f3n de la instituci\u00f3n.<\/p>\n\n\n\n<p>El proceso de postulaci\u00f3n estar\u00e1 abierto hasta el martes 15 de marzo<\/p>\n","protected":false},"excerpt":{"rendered":"<div class=\"pvc_clear\"><\/div>\n<p id=\"pvc_stats_28962\" class=\"pvc_stats total_only  \" data-element-id=\"28962\" style=\"\"><i class=\"pvc-stats-icon large\" aria-hidden=\"true\"><svg aria-hidden=\"true\" focusable=\"false\" data-prefix=\"far\" data-icon=\"chart-bar\" role=\"img\" xmlns=\"http:\/\/www.w3.org\/2000\/svg\" viewBox=\"0 0 512 512\" class=\"svg-inline--fa fa-chart-bar fa-w-16 fa-2x\"><path fill=\"currentColor\" d=\"M396.8 352h22.4c6.4 0 12.8-6.4 12.8-12.8V108.8c0-6.4-6.4-12.8-12.8-12.8h-22.4c-6.4 0-12.8 6.4-12.8 12.8v230.4c0 6.4 6.4 12.8 12.8 12.8zm-192 0h22.4c6.4 0 12.8-6.4 12.8-12.8V140.8c0-6.4-6.4-12.8-12.8-12.8h-22.4c-6.4 0-12.8 6.4-12.8 12.8v198.4c0 6.4 6.4 12.8 12.8 12.8zm96 0h22.4c6.4 0 12.8-6.4 12.8-12.8V204.8c0-6.4-6.4-12.8-12.8-12.8h-22.4c-6.4 0-12.8 6.4-12.8 12.8v134.4c0 6.4 6.4 12.8 12.8 12.8zM496 400H48V80c0-8.84-7.16-16-16-16H16C7.16 64 0 71.16 0 80v336c0 17.67 14.33 32 32 32h464c8.84 0 16-7.16 16-16v-16c0-8.84-7.16-16-16-16zm-387.2-48h22.4c6.4 0 12.8-6.4 12.8-12.8v-70.4c0-6.4-6.4-12.8-12.8-12.8h-22.4c-6.4 0-12.8 6.4-12.8 12.8v70.4c0 6.4 6.4 12.8 12.8 12.8z\" class=\"\"><\/path><\/svg><\/i> <img loading=\"lazy\" decoding=\"async\" width=\"16\" height=\"16\" alt=\"Loading\" src=\"https:\/\/temucotelevision.cl\/web\/wp-content\/plugins\/page-views-count\/ajax-loader-2x.gif\" border=0 \/><\/p>\n<div class=\"pvc_clear\"><\/div>\n<p>Quienes est\u00e9n interesados en vivir la experiencia de ser voluntario o voluntaria en alguno de sus institutos, pueden postular a<\/p>\n","protected":false},"author":1,"featured_media":28963,"comment_status":"open","ping_status":"open","sticky":false,"template":"","format":"standard","meta":{"colormag_page_container_layout":"default_layout","colormag_page_sidebar_layout":"default_layout","footnotes":""},"categories":[14],"tags":[4590,1989,2392],"class_list":["post-28962","post","type-post","status-publish","format-standard","has-post-thumbnail","hentry","category-temuco","tag-4590","tag-teleton","tag-voluntarios"],"a3_pvc":{"activated":true,"total_views":57,"today_views":0},"_links":{"self":[{"href":"https:\/\/temucotelevision.cl\/web\/wp-json\/wp\/v2\/posts\/28962","targetHints":{"allow":["GET"]}}],"collection":[{"href":"https:\/\/temucotelevision.cl\/web\/wp-json\/wp\/v2\/posts"}],"about":[{"href":"https:\/\/temucotelevision.cl\/web\/wp-json\/wp\/v2\/types\/post"}],"author":[{"embeddable":true,"href":"https:\/\/temucotelevision.cl\/web\/wp-json\/wp\/v2\/users\/1"}],"replies":[{"embeddable":true,"href":"https:\/\/temucotelevision.cl\/web\/wp-json\/wp\/v2\/comments?post=28962"}],"version-history":[{"count":1,"href":"https:\/\/temucotelevision.cl\/web\/wp-json\/wp\/v2\/posts\/28962\/revisions"}],"predecessor-version":[{"id":28964,"href":"https:\/\/temucotelevision.cl\/web\/wp-json\/wp\/v2\/posts\/28962\/revisions\/28964"}],"wp:featuredmedia":[{"embeddable":true,"href":"https:\/\/temucotelevision.cl\/web\/wp-json\/wp\/v2\/media\/28963"}],"wp:attachment":[{"href":"https:\/\/temucotelevision.cl\/web\/wp-json\/wp\/v2\/media?parent=28962"}],"wp:term":[{"taxonomy":"category","embeddable":true,"href":"https:\/\/temucotelevision.cl\/web\/wp-json\/wp\/v2\/categories?post=28962"},{"taxonomy":"post_tag","embeddable":true,"href":"https:\/\/temucotelevision.cl\/web\/wp-json\/wp\/v2\/tags?post=28962"}],"curies":[{"name":"wp","href":"https:\/\/api.w.org\/{rel}","templated":true}]}}