{"id":28465,"date":"2021-12-31T16:13:44","date_gmt":"2021-12-31T19:13:44","guid":{"rendered":"https:\/\/temucotelevision.cl\/web\/?p=28465"},"modified":"2021-12-31T16:13:46","modified_gmt":"2021-12-31T19:13:46","slug":"direccion-del-trabajo-informo-sobre-el-funcionamiento-del-comercio-durante-feriado-obligatorio-e-irrenunciable-de-ano-nuevo","status":"publish","type":"post","link":"https:\/\/temucotelevision.cl\/web\/2021\/12\/31\/direccion-del-trabajo-informo-sobre-el-funcionamiento-del-comercio-durante-feriado-obligatorio-e-irrenunciable-de-ano-nuevo\/","title":{"rendered":"Direcci\u00f3n del Trabajo inform\u00f3 sobre el funcionamiento del comercio durante feriado obligatorio e irrenunciable de A\u00f1o Nuevo"},"content":{"rendered":"<div class=\"pvc_clear\"><\/div><p id=\"pvc_stats_28465\" class=\"pvc_stats total_only  \" data-element-id=\"28465\" style=\"\"><i class=\"pvc-stats-icon large\" aria-hidden=\"true\"><svg aria-hidden=\"true\" focusable=\"false\" data-prefix=\"far\" data-icon=\"chart-bar\" role=\"img\" xmlns=\"http:\/\/www.w3.org\/2000\/svg\" viewBox=\"0 0 512 512\" class=\"svg-inline--fa fa-chart-bar fa-w-16 fa-2x\"><path fill=\"currentColor\" d=\"M396.8 352h22.4c6.4 0 12.8-6.4 12.8-12.8V108.8c0-6.4-6.4-12.8-12.8-12.8h-22.4c-6.4 0-12.8 6.4-12.8 12.8v230.4c0 6.4 6.4 12.8 12.8 12.8zm-192 0h22.4c6.4 0 12.8-6.4 12.8-12.8V140.8c0-6.4-6.4-12.8-12.8-12.8h-22.4c-6.4 0-12.8 6.4-12.8 12.8v198.4c0 6.4 6.4 12.8 12.8 12.8zm96 0h22.4c6.4 0 12.8-6.4 12.8-12.8V204.8c0-6.4-6.4-12.8-12.8-12.8h-22.4c-6.4 0-12.8 6.4-12.8 12.8v134.4c0 6.4 6.4 12.8 12.8 12.8zM496 400H48V80c0-8.84-7.16-16-16-16H16C7.16 64 0 71.16 0 80v336c0 17.67 14.33 32 32 32h464c8.84 0 16-7.16 16-16v-16c0-8.84-7.16-16-16-16zm-387.2-48h22.4c6.4 0 12.8-6.4 12.8-12.8v-70.4c0-6.4-6.4-12.8-12.8-12.8h-22.4c-6.4 0-12.8 6.4-12.8 12.8v70.4c0 6.4 6.4 12.8 12.8 12.8z\" class=\"\"><\/path><\/svg><\/i> <img loading=\"lazy\" decoding=\"async\" width=\"16\" height=\"16\" alt=\"Loading\" src=\"https:\/\/temucotelevision.cl\/web\/wp-content\/plugins\/page-views-count\/ajax-loader-2x.gif\" border=0 \/><\/p><div class=\"pvc_clear\"><\/div>\n<p><em>\u2022Multas pueden superar los 3 millones de pesos por cada trabajador sorprendido en infracci\u00f3n el 1 de enero.<\/em><\/p>\n\n\n\n<p>El Seremi del Trabajo y Previsi\u00f3n Social Patricio S\u00e1enz, junto al Director Regional del Trabajo, Claudio P\u00e9rez, informaron sobre el funcionamiento del comercio durante el feriado obligatorio e irrenunciable de A\u00f1o Nuevo el 1 de enero, subrayando que los trabajadores del comercio tendr\u00e1n que estar fuera de su lugar de trabajo a las 20:00 horas del viernes 31 de diciembre y hasta las 06:00 horas del domingo 2 de enero de 2022, de acuerdo a la normativa vigente.<\/p>\n\n\n\n<p><strong>Infracciones&nbsp;<\/strong><\/p>\n\n\n\n<p>Seg\u00fan lo indicado por el Director regional del Trabajo, \u201cen caso de no cumplir con estos feriados obligatorios e irrenunciables, las infracciones ser\u00e1n sancionadas con multas que van desde las 5 UTM hasta las 60 UTM, por cada trabajador afectado por la infracci\u00f3n, considerando el n\u00famero de trabajadores total de la empresa. Los empleadores sorprendidos en infracci\u00f3n deber\u00e1n cesar las labores de los trabajadores de inmediato, y abandonar su lugar de trabajo, sin perjuicio de curs\u00e1rseles la multa respectiva\u201d.<\/p>\n\n\n\n<p>Cabe se\u00f1alar que los establecimientos comerciales atendidos por sus propios due\u00f1os y\/o familiares directos pueden abrir, debido a que no existe relaci\u00f3n laboral en este caso.<\/p>\n\n\n\n<p>El representante agreg\u00f3 que \u201cen caso de no cumplir con otorgar el descanso alternado cada dos a\u00f1os a los trabajadores que laboraron en el mismo feriado del a\u00f1o anterior, las multas van desde las 5 UTM hasta 60 UTM, por cada trabajador afectado por la infracci\u00f3n, considerando el n\u00famero&nbsp;<strong>de trabajadores total de la empresa\u201d.<\/strong><\/p>\n\n\n\n<p><strong>\u00bfQui\u00e9nes son considerados trabajadores del comercio?<\/strong><\/p>\n\n\n\n<p>Por su parte, el Seremi aclar\u00f3 que \u201dson considerados como trabajadores del comercio todos aquellos que laboran en un establecimiento de tal naturaleza&nbsp;&nbsp;y&nbsp;&nbsp;cuyas funciones se relacionen con el expendio o venta directa al p\u00fablico de las mercader\u00edas o productos que en ellos se ofrecen\u201d.<\/p>\n\n\n\n<p>Respecto a las excepciones, S\u00e1enz dijo que \u201cse except\u00faan aquellos trabajadores del comercio que se desempe\u00f1an en: restaurantes; establecimientos de entretenimiento, tales como cines, espect\u00e1culos en vivo, discotecas, pub, cabaret, clubes; locales comerciales en los aer\u00f3dromos civiles p\u00fablicos y aeropuertos; casinos de juegos y otros lugares de juegos legalmente autorizados; expendio de combustibles, farmacias de urgencia y farmacias que deban cumplir turnos fijados por la autoridad sanitaria. Tambi\u00e9n deben trabajar los dependientes de las llamadas tiendas de conveniencia adosadas a los servicentros si venden alimentos preparados all\u00ed mismo\u201d.<\/p>\n\n\n\n<p>Como compensaci\u00f3n, desde 2016 est\u00e1 vigente una norma que se\u00f1ala que los trabajadores que est\u00e9n exceptuados del feriado obligatorio e irrenunciable, s\u00ed tendr\u00e1n derecho a tomar descanso a lo menos una vez cada dos a\u00f1os si contin\u00faan contratados por el mismo empleador, pudiendo pactar con \u00e9l la rotaci\u00f3n del personal necesaria para este fin. Por ejemplo, si un trabajador labor\u00f3 el 1 de enero de 2021 y contin\u00faa trabajando para el mismo empleador, esta vez deber\u00e1 descansar.<\/p>\n\n\n\n<p>Finalmente, el Director del trabajo, indic\u00f3 que la normativa indica que ning\u00fan trabajador del comercio deber\u00e1 trabajar m\u00e1s all\u00e1 de las 20 horas. Estos l\u00edmites horarios son inamovibles.<\/p>\n\n\n\n<p><strong>Las denuncias se podr\u00e1n realizar en el sitio web www.direcciondeltrabajo.cl<\/strong><\/p>\n","protected":false},"excerpt":{"rendered":"<div class=\"pvc_clear\"><\/div>\n<p id=\"pvc_stats_28465\" class=\"pvc_stats total_only  \" data-element-id=\"28465\" style=\"\"><i class=\"pvc-stats-icon large\" aria-hidden=\"true\"><svg aria-hidden=\"true\" focusable=\"false\" data-prefix=\"far\" data-icon=\"chart-bar\" role=\"img\" xmlns=\"http:\/\/www.w3.org\/2000\/svg\" viewBox=\"0 0 512 512\" class=\"svg-inline--fa fa-chart-bar fa-w-16 fa-2x\"><path fill=\"currentColor\" d=\"M396.8 352h22.4c6.4 0 12.8-6.4 12.8-12.8V108.8c0-6.4-6.4-12.8-12.8-12.8h-22.4c-6.4 0-12.8 6.4-12.8 12.8v230.4c0 6.4 6.4 12.8 12.8 12.8zm-192 0h22.4c6.4 0 12.8-6.4 12.8-12.8V140.8c0-6.4-6.4-12.8-12.8-12.8h-22.4c-6.4 0-12.8 6.4-12.8 12.8v198.4c0 6.4 6.4 12.8 12.8 12.8zm96 0h22.4c6.4 0 12.8-6.4 12.8-12.8V204.8c0-6.4-6.4-12.8-12.8-12.8h-22.4c-6.4 0-12.8 6.4-12.8 12.8v134.4c0 6.4 6.4 12.8 12.8 12.8zM496 400H48V80c0-8.84-7.16-16-16-16H16C7.16 64 0 71.16 0 80v336c0 17.67 14.33 32 32 32h464c8.84 0 16-7.16 16-16v-16c0-8.84-7.16-16-16-16zm-387.2-48h22.4c6.4 0 12.8-6.4 12.8-12.8v-70.4c0-6.4-6.4-12.8-12.8-12.8h-22.4c-6.4 0-12.8 6.4-12.8 12.8v70.4c0 6.4 6.4 12.8 12.8 12.8z\" class=\"\"><\/path><\/svg><\/i> <img loading=\"lazy\" decoding=\"async\" width=\"16\" height=\"16\" alt=\"Loading\" src=\"https:\/\/temucotelevision.cl\/web\/wp-content\/plugins\/page-views-count\/ajax-loader-2x.gif\" border=0 \/><\/p>\n<div class=\"pvc_clear\"><\/div>\n<p>\u2022Multas pueden superar los 3 millones de pesos por cada trabajador sorprendido en infracci\u00f3n el 1 de enero. El Seremi<\/p>\n","protected":false},"author":1,"featured_media":24511,"comment_status":"open","ping_status":"open","sticky":false,"template":"","format":"standard","meta":{"colormag_page_container_layout":"default_layout","colormag_page_sidebar_layout":"default_layout","footnotes":""},"categories":[14],"tags":[605,1259,3348,342],"class_list":["post-28465","post","type-post","status-publish","format-standard","has-post-thumbnail","hentry","category-temuco","tag-comercio","tag-feriado","tag-fin-de-ano","tag-trabajo"],"a3_pvc":{"activated":true,"total_views":39,"today_views":0},"_links":{"self":[{"href":"https:\/\/temucotelevision.cl\/web\/wp-json\/wp\/v2\/posts\/28465","targetHints":{"allow":["GET"]}}],"collection":[{"href":"https:\/\/temucotelevision.cl\/web\/wp-json\/wp\/v2\/posts"}],"about":[{"href":"https:\/\/temucotelevision.cl\/web\/wp-json\/wp\/v2\/types\/post"}],"author":[{"embeddable":true,"href":"https:\/\/temucotelevision.cl\/web\/wp-json\/wp\/v2\/users\/1"}],"replies":[{"embeddable":true,"href":"https:\/\/temucotelevision.cl\/web\/wp-json\/wp\/v2\/comments?post=28465"}],"version-history":[{"count":1,"href":"https:\/\/temucotelevision.cl\/web\/wp-json\/wp\/v2\/posts\/28465\/revisions"}],"predecessor-version":[{"id":28466,"href":"https:\/\/temucotelevision.cl\/web\/wp-json\/wp\/v2\/posts\/28465\/revisions\/28466"}],"wp:featuredmedia":[{"embeddable":true,"href":"https:\/\/temucotelevision.cl\/web\/wp-json\/wp\/v2\/media\/24511"}],"wp:attachment":[{"href":"https:\/\/temucotelevision.cl\/web\/wp-json\/wp\/v2\/media?parent=28465"}],"wp:term":[{"taxonomy":"category","embeddable":true,"href":"https:\/\/temucotelevision.cl\/web\/wp-json\/wp\/v2\/categories?post=28465"},{"taxonomy":"post_tag","embeddable":true,"href":"https:\/\/temucotelevision.cl\/web\/wp-json\/wp\/v2\/tags?post=28465"}],"curies":[{"name":"wp","href":"https:\/\/api.w.org\/{rel}","templated":true}]}}