{"id":28425,"date":"2021-12-29T21:45:52","date_gmt":"2021-12-30T00:45:52","guid":{"rendered":"https:\/\/temucotelevision.cl\/web\/?p=28425"},"modified":"2021-12-29T21:45:53","modified_gmt":"2021-12-30T00:45:53","slug":"senadora-aravena-extender-la-ley-de-servicios-basicos-no-resuelve-el-endeudamiento-de-los-hogares","status":"publish","type":"post","link":"https:\/\/temucotelevision.cl\/web\/2021\/12\/29\/senadora-aravena-extender-la-ley-de-servicios-basicos-no-resuelve-el-endeudamiento-de-los-hogares\/","title":{"rendered":"Senadora Aravena: &#8220;Extender la Ley de Servicios B\u00e1sicos no resuelve el endeudamiento de los hogares&#8221;"},"content":{"rendered":"<div class=\"pvc_clear\"><\/div><p id=\"pvc_stats_28425\" class=\"pvc_stats total_only  \" data-element-id=\"28425\" style=\"\"><i class=\"pvc-stats-icon large\" aria-hidden=\"true\"><svg aria-hidden=\"true\" focusable=\"false\" data-prefix=\"far\" data-icon=\"chart-bar\" role=\"img\" xmlns=\"http:\/\/www.w3.org\/2000\/svg\" viewBox=\"0 0 512 512\" class=\"svg-inline--fa fa-chart-bar fa-w-16 fa-2x\"><path fill=\"currentColor\" d=\"M396.8 352h22.4c6.4 0 12.8-6.4 12.8-12.8V108.8c0-6.4-6.4-12.8-12.8-12.8h-22.4c-6.4 0-12.8 6.4-12.8 12.8v230.4c0 6.4 6.4 12.8 12.8 12.8zm-192 0h22.4c6.4 0 12.8-6.4 12.8-12.8V140.8c0-6.4-6.4-12.8-12.8-12.8h-22.4c-6.4 0-12.8 6.4-12.8 12.8v198.4c0 6.4 6.4 12.8 12.8 12.8zm96 0h22.4c6.4 0 12.8-6.4 12.8-12.8V204.8c0-6.4-6.4-12.8-12.8-12.8h-22.4c-6.4 0-12.8 6.4-12.8 12.8v134.4c0 6.4 6.4 12.8 12.8 12.8zM496 400H48V80c0-8.84-7.16-16-16-16H16C7.16 64 0 71.16 0 80v336c0 17.67 14.33 32 32 32h464c8.84 0 16-7.16 16-16v-16c0-8.84-7.16-16-16-16zm-387.2-48h22.4c6.4 0 12.8-6.4 12.8-12.8v-70.4c0-6.4-6.4-12.8-12.8-12.8h-22.4c-6.4 0-12.8 6.4-12.8 12.8v70.4c0 6.4 6.4 12.8 12.8 12.8z\" class=\"\"><\/path><\/svg><\/i> <img loading=\"lazy\" decoding=\"async\" width=\"16\" height=\"16\" alt=\"Loading\" src=\"https:\/\/temucotelevision.cl\/web\/wp-content\/plugins\/page-views-count\/ajax-loader-2x.gif\" border=0 \/><\/p><div class=\"pvc_clear\"><\/div>\n<p><br>La parlamentaria indic\u00f3 que la alternativa que propone el Ejecutivo, donde el Estado, las compa\u00f1\u00edas y las familias se hacen cargo, es m\u00e1s viable que la iniciativa impulsada desde la C\u00e1mara de Diputados.<\/p>\n\n\n\n<p>Ante el pr\u00f3ximo vencimiento de la Ley que proh\u00edbe el corte de suministro de servicios b\u00e1sicos, la senadora Carmen Gloria Aravena, se refiri\u00f3 a la propuesta que desde el Senado han estado trabajando con el Ejecutivo, para buscar una soluci\u00f3n al endeudamiento de cerca de 600 mil familias.<\/p>\n\n\n\n<p>Al respecto, la parlamentaria que integra la Comisi\u00f3n de Econom\u00eda indic\u00f3 que, desde el gobierno proponen una soluci\u00f3n tripartita para resolver el problema de las familias que no han pagado sus cuentas de luz, agua y gas.<\/p>\n\n\n\n<p>&#8220;No podemos seguir postergando el pago de las cuentas de servicios b\u00e1sicos. Hemos estudiado la propuesta que prontamente ingresar\u00e1 el Ejecutivo en el Senado, la cual es mucho m\u00e1s viable que la iniciativa que impulsan desde la C\u00e1mara de Diputados, que solo busca la pr\u00f3rroga por un a\u00f1o m\u00e1s, sin ofrecer alternativas flexibles de pago&#8221;, sostuvo.<\/p>\n\n\n\n<p>Asimismo, la senadora explic\u00f3 que respecto de la deuda generada durante la pandemia (entre marzo 2020 y diciembre 2021), adem\u00e1s de poder cancelar en 48 cuotas sin inter\u00e9s, los consumidores podr\u00e1n acceder a un subsidio estatal de acuerdo a su nivel de consumo.<\/p>\n\n\n\n<p>&#8220;Si la cuota supera el 15% del valor de una boleta promedio de consumo, se entregar\u00e1 un subsidio, de manera que el Estado asumir\u00e1 ese porcentaje y si la diferencia es mayor a 15%, la compa\u00f1\u00eda sanitaria o el\u00e9ctrica asume el costo, lo que no es menor, pues las p\u00e9rdidas se estiman podr\u00edan ser superiores a los 100 millones de d\u00f3lares&#8221;.<\/p>\n\n\n\n<p>Cabe se\u00f1alar que a este beneficio podr\u00e1n acceder aquellas familias que consuman un m\u00e1ximo de 15 metros c\u00fabicos en el caso del agua (lo que equivale a un 73% de los deudores) y a 250 kw\/h en el caso de la luz (lo que corresponde a un 75% de los morosos).<\/p>\n\n\n\n<p>La ley de servicios b\u00e1sicos, que vence el 30 de enero de 2022, se extender\u00eda hasta el 31 de marzo, de manera que los clientes tengan m\u00e1s plazo para pactar con las compa\u00f1\u00edas el plan de pagos.<\/p>\n","protected":false},"excerpt":{"rendered":"<div class=\"pvc_clear\"><\/div>\n<p id=\"pvc_stats_28425\" class=\"pvc_stats total_only  \" data-element-id=\"28425\" style=\"\"><i class=\"pvc-stats-icon large\" aria-hidden=\"true\"><svg aria-hidden=\"true\" focusable=\"false\" data-prefix=\"far\" data-icon=\"chart-bar\" role=\"img\" xmlns=\"http:\/\/www.w3.org\/2000\/svg\" viewBox=\"0 0 512 512\" class=\"svg-inline--fa fa-chart-bar fa-w-16 fa-2x\"><path fill=\"currentColor\" d=\"M396.8 352h22.4c6.4 0 12.8-6.4 12.8-12.8V108.8c0-6.4-6.4-12.8-12.8-12.8h-22.4c-6.4 0-12.8 6.4-12.8 12.8v230.4c0 6.4 6.4 12.8 12.8 12.8zm-192 0h22.4c6.4 0 12.8-6.4 12.8-12.8V140.8c0-6.4-6.4-12.8-12.8-12.8h-22.4c-6.4 0-12.8 6.4-12.8 12.8v198.4c0 6.4 6.4 12.8 12.8 12.8zm96 0h22.4c6.4 0 12.8-6.4 12.8-12.8V204.8c0-6.4-6.4-12.8-12.8-12.8h-22.4c-6.4 0-12.8 6.4-12.8 12.8v134.4c0 6.4 6.4 12.8 12.8 12.8zM496 400H48V80c0-8.84-7.16-16-16-16H16C7.16 64 0 71.16 0 80v336c0 17.67 14.33 32 32 32h464c8.84 0 16-7.16 16-16v-16c0-8.84-7.16-16-16-16zm-387.2-48h22.4c6.4 0 12.8-6.4 12.8-12.8v-70.4c0-6.4-6.4-12.8-12.8-12.8h-22.4c-6.4 0-12.8 6.4-12.8 12.8v70.4c0 6.4 6.4 12.8 12.8 12.8z\" class=\"\"><\/path><\/svg><\/i> <img loading=\"lazy\" decoding=\"async\" width=\"16\" height=\"16\" alt=\"Loading\" src=\"https:\/\/temucotelevision.cl\/web\/wp-content\/plugins\/page-views-count\/ajax-loader-2x.gif\" border=0 \/><\/p>\n<div class=\"pvc_clear\"><\/div>\n<p>La parlamentaria indic\u00f3 que la alternativa que propone el Ejecutivo, donde el Estado, las compa\u00f1\u00edas y las familias se hacen<\/p>\n","protected":false},"author":1,"featured_media":15469,"comment_status":"open","ping_status":"open","sticky":false,"template":"","format":"standard","meta":{"colormag_page_container_layout":"default_layout","colormag_page_sidebar_layout":"default_layout","footnotes":""},"categories":[84],"tags":[4948,1607,2065,920],"class_list":["post-28425","post","type-post","status-publish","format-standard","has-post-thumbnail","hentry","category-politica","tag-endeudamiento","tag-hogares","tag-senadora","tag-servicios"],"a3_pvc":{"activated":true,"total_views":46,"today_views":0},"_links":{"self":[{"href":"https:\/\/temucotelevision.cl\/web\/wp-json\/wp\/v2\/posts\/28425","targetHints":{"allow":["GET"]}}],"collection":[{"href":"https:\/\/temucotelevision.cl\/web\/wp-json\/wp\/v2\/posts"}],"about":[{"href":"https:\/\/temucotelevision.cl\/web\/wp-json\/wp\/v2\/types\/post"}],"author":[{"embeddable":true,"href":"https:\/\/temucotelevision.cl\/web\/wp-json\/wp\/v2\/users\/1"}],"replies":[{"embeddable":true,"href":"https:\/\/temucotelevision.cl\/web\/wp-json\/wp\/v2\/comments?post=28425"}],"version-history":[{"count":1,"href":"https:\/\/temucotelevision.cl\/web\/wp-json\/wp\/v2\/posts\/28425\/revisions"}],"predecessor-version":[{"id":28426,"href":"https:\/\/temucotelevision.cl\/web\/wp-json\/wp\/v2\/posts\/28425\/revisions\/28426"}],"wp:featuredmedia":[{"embeddable":true,"href":"https:\/\/temucotelevision.cl\/web\/wp-json\/wp\/v2\/media\/15469"}],"wp:attachment":[{"href":"https:\/\/temucotelevision.cl\/web\/wp-json\/wp\/v2\/media?parent=28425"}],"wp:term":[{"taxonomy":"category","embeddable":true,"href":"https:\/\/temucotelevision.cl\/web\/wp-json\/wp\/v2\/categories?post=28425"},{"taxonomy":"post_tag","embeddable":true,"href":"https:\/\/temucotelevision.cl\/web\/wp-json\/wp\/v2\/tags?post=28425"}],"curies":[{"name":"wp","href":"https:\/\/api.w.org\/{rel}","templated":true}]}}