{"id":28422,"date":"2021-12-29T19:08:44","date_gmt":"2021-12-29T22:08:44","guid":{"rendered":"https:\/\/temucotelevision.cl\/web\/?p=28422"},"modified":"2021-12-29T19:08:46","modified_gmt":"2021-12-29T22:08:46","slug":"pucon-no-tendra-fuegos-artificiales-para-celebrar-el-ano-nuevo","status":"publish","type":"post","link":"https:\/\/temucotelevision.cl\/web\/2021\/12\/29\/pucon-no-tendra-fuegos-artificiales-para-celebrar-el-ano-nuevo\/","title":{"rendered":"Puc\u00f3n no tendr\u00e1 fuegos artificiales para celebrar el a\u00f1o nuevo"},"content":{"rendered":"<div class=\"pvc_clear\"><\/div><p id=\"pvc_stats_28422\" class=\"pvc_stats total_only  \" data-element-id=\"28422\" style=\"\"><i class=\"pvc-stats-icon large\" aria-hidden=\"true\"><svg aria-hidden=\"true\" focusable=\"false\" data-prefix=\"far\" data-icon=\"chart-bar\" role=\"img\" xmlns=\"http:\/\/www.w3.org\/2000\/svg\" viewBox=\"0 0 512 512\" class=\"svg-inline--fa fa-chart-bar fa-w-16 fa-2x\"><path fill=\"currentColor\" d=\"M396.8 352h22.4c6.4 0 12.8-6.4 12.8-12.8V108.8c0-6.4-6.4-12.8-12.8-12.8h-22.4c-6.4 0-12.8 6.4-12.8 12.8v230.4c0 6.4 6.4 12.8 12.8 12.8zm-192 0h22.4c6.4 0 12.8-6.4 12.8-12.8V140.8c0-6.4-6.4-12.8-12.8-12.8h-22.4c-6.4 0-12.8 6.4-12.8 12.8v198.4c0 6.4 6.4 12.8 12.8 12.8zm96 0h22.4c6.4 0 12.8-6.4 12.8-12.8V204.8c0-6.4-6.4-12.8-12.8-12.8h-22.4c-6.4 0-12.8 6.4-12.8 12.8v134.4c0 6.4 6.4 12.8 12.8 12.8zM496 400H48V80c0-8.84-7.16-16-16-16H16C7.16 64 0 71.16 0 80v336c0 17.67 14.33 32 32 32h464c8.84 0 16-7.16 16-16v-16c0-8.84-7.16-16-16-16zm-387.2-48h22.4c6.4 0 12.8-6.4 12.8-12.8v-70.4c0-6.4-6.4-12.8-12.8-12.8h-22.4c-6.4 0-12.8 6.4-12.8 12.8v70.4c0 6.4 6.4 12.8 12.8 12.8z\" class=\"\"><\/path><\/svg><\/i> <img loading=\"lazy\" decoding=\"async\" width=\"16\" height=\"16\" alt=\"Loading\" src=\"https:\/\/temucotelevision.cl\/web\/wp-content\/plugins\/page-views-count\/ajax-loader-2x.gif\" border=0 \/><\/p><div class=\"pvc_clear\"><\/div>\n<p>Como una forma de cuidar a los vecinos y turistas que llegan a Puc\u00f3n; y apoyar la campa\u00f1a que est\u00e1 realizando el Ministerio de Salud en relaci\u00f3n a la no propagaci\u00f3n del covid -19, el Municipio de Puc\u00f3n tom\u00f3 la decisi\u00f3n de no desarrollar el tradicional show de fuegos artificiales que se efect\u00faan en la playa grande de la ciudad lacustre, evitando as\u00ed los encuentros masivos que incitan la propagaci\u00f3n del virus.<\/p>\n\n\n\n<p>Al respecto el alcalde Carlos Barra, mencion\u00f3 que debido a la compleja situaci\u00f3n sanitaria y al avance de las nuevas cepas, se determin\u00f3 no realizar los fuegos artificiales, ni tampoco autorizar fiestas masivas, ya que no se puede hipotecar por una noche, la econom\u00eda y salud de las personas, dijo el alcalde.<\/p>\n\n\n\n<p> \u201c Los fuegos artificiales de Puc\u00f3n se han convertido en una tradici\u00f3n, no solo comunal, sino nacional.Pero lamentablemente por la pandemia, hemos decidido no realizar este espect\u00e1culo, como una forma de evitar encuentros masivos y aglomeraci\u00f3n de personas que propician el contagio\u201d. <\/p>\n\n\n\n<p>Adem\u00e1s se inform\u00f3 que los gastos asociados a esta fiesta ser\u00e1n invertidos en ayudas sociales.<\/p>\n","protected":false},"excerpt":{"rendered":"<div class=\"pvc_clear\"><\/div>\n<p id=\"pvc_stats_28422\" class=\"pvc_stats total_only  \" data-element-id=\"28422\" style=\"\"><i class=\"pvc-stats-icon large\" aria-hidden=\"true\"><svg aria-hidden=\"true\" focusable=\"false\" data-prefix=\"far\" data-icon=\"chart-bar\" role=\"img\" xmlns=\"http:\/\/www.w3.org\/2000\/svg\" viewBox=\"0 0 512 512\" class=\"svg-inline--fa fa-chart-bar fa-w-16 fa-2x\"><path fill=\"currentColor\" d=\"M396.8 352h22.4c6.4 0 12.8-6.4 12.8-12.8V108.8c0-6.4-6.4-12.8-12.8-12.8h-22.4c-6.4 0-12.8 6.4-12.8 12.8v230.4c0 6.4 6.4 12.8 12.8 12.8zm-192 0h22.4c6.4 0 12.8-6.4 12.8-12.8V140.8c0-6.4-6.4-12.8-12.8-12.8h-22.4c-6.4 0-12.8 6.4-12.8 12.8v198.4c0 6.4 6.4 12.8 12.8 12.8zm96 0h22.4c6.4 0 12.8-6.4 12.8-12.8V204.8c0-6.4-6.4-12.8-12.8-12.8h-22.4c-6.4 0-12.8 6.4-12.8 12.8v134.4c0 6.4 6.4 12.8 12.8 12.8zM496 400H48V80c0-8.84-7.16-16-16-16H16C7.16 64 0 71.16 0 80v336c0 17.67 14.33 32 32 32h464c8.84 0 16-7.16 16-16v-16c0-8.84-7.16-16-16-16zm-387.2-48h22.4c6.4 0 12.8-6.4 12.8-12.8v-70.4c0-6.4-6.4-12.8-12.8-12.8h-22.4c-6.4 0-12.8 6.4-12.8 12.8v70.4c0 6.4 6.4 12.8 12.8 12.8z\" class=\"\"><\/path><\/svg><\/i> <img loading=\"lazy\" decoding=\"async\" width=\"16\" height=\"16\" alt=\"Loading\" src=\"https:\/\/temucotelevision.cl\/web\/wp-content\/plugins\/page-views-count\/ajax-loader-2x.gif\" border=0 \/><\/p>\n<div class=\"pvc_clear\"><\/div>\n<p>Como una forma de cuidar a los vecinos y turistas que llegan a Puc\u00f3n; y apoyar la campa\u00f1a que est\u00e1<\/p>\n","protected":false},"author":1,"featured_media":28423,"comment_status":"open","ping_status":"open","sticky":false,"template":"","format":"standard","meta":{"colormag_page_container_layout":"default_layout","colormag_page_sidebar_layout":"default_layout","footnotes":""},"categories":[15],"tags":[1499,799,4947,161],"class_list":["post-28422","post","type-post","status-publish","format-standard","has-post-thumbnail","hentry","category-la-araucania","tag-ano-nuevo","tag-celebracion","tag-fuegos-artificiales","tag-pucon"],"a3_pvc":{"activated":true,"total_views":127,"today_views":0},"_links":{"self":[{"href":"https:\/\/temucotelevision.cl\/web\/wp-json\/wp\/v2\/posts\/28422","targetHints":{"allow":["GET"]}}],"collection":[{"href":"https:\/\/temucotelevision.cl\/web\/wp-json\/wp\/v2\/posts"}],"about":[{"href":"https:\/\/temucotelevision.cl\/web\/wp-json\/wp\/v2\/types\/post"}],"author":[{"embeddable":true,"href":"https:\/\/temucotelevision.cl\/web\/wp-json\/wp\/v2\/users\/1"}],"replies":[{"embeddable":true,"href":"https:\/\/temucotelevision.cl\/web\/wp-json\/wp\/v2\/comments?post=28422"}],"version-history":[{"count":1,"href":"https:\/\/temucotelevision.cl\/web\/wp-json\/wp\/v2\/posts\/28422\/revisions"}],"predecessor-version":[{"id":28424,"href":"https:\/\/temucotelevision.cl\/web\/wp-json\/wp\/v2\/posts\/28422\/revisions\/28424"}],"wp:featuredmedia":[{"embeddable":true,"href":"https:\/\/temucotelevision.cl\/web\/wp-json\/wp\/v2\/media\/28423"}],"wp:attachment":[{"href":"https:\/\/temucotelevision.cl\/web\/wp-json\/wp\/v2\/media?parent=28422"}],"wp:term":[{"taxonomy":"category","embeddable":true,"href":"https:\/\/temucotelevision.cl\/web\/wp-json\/wp\/v2\/categories?post=28422"},{"taxonomy":"post_tag","embeddable":true,"href":"https:\/\/temucotelevision.cl\/web\/wp-json\/wp\/v2\/tags?post=28422"}],"curies":[{"name":"wp","href":"https:\/\/api.w.org\/{rel}","templated":true}]}}