{"id":28419,"date":"2021-12-29T13:16:36","date_gmt":"2021-12-29T16:16:36","guid":{"rendered":"https:\/\/temucotelevision.cl\/web\/?p=28419"},"modified":"2021-12-29T13:16:37","modified_gmt":"2021-12-29T16:16:37","slug":"en-sector-rural-de-freire-pdi-detiene-a-hombre-imputado-por-abuso-sexual-reiterado-a-menor-de-13-anos","status":"publish","type":"post","link":"https:\/\/temucotelevision.cl\/web\/2021\/12\/29\/en-sector-rural-de-freire-pdi-detiene-a-hombre-imputado-por-abuso-sexual-reiterado-a-menor-de-13-anos\/","title":{"rendered":"En sector rural de Freire: PDI detiene a hombre imputado por abuso sexual reiterado a menor de 13 a\u00f1os"},"content":{"rendered":"<div class=\"pvc_clear\"><\/div><p id=\"pvc_stats_28419\" class=\"pvc_stats total_only  \" data-element-id=\"28419\" style=\"\"><i class=\"pvc-stats-icon large\" aria-hidden=\"true\"><svg aria-hidden=\"true\" focusable=\"false\" data-prefix=\"far\" data-icon=\"chart-bar\" role=\"img\" xmlns=\"http:\/\/www.w3.org\/2000\/svg\" viewBox=\"0 0 512 512\" class=\"svg-inline--fa fa-chart-bar fa-w-16 fa-2x\"><path fill=\"currentColor\" d=\"M396.8 352h22.4c6.4 0 12.8-6.4 12.8-12.8V108.8c0-6.4-6.4-12.8-12.8-12.8h-22.4c-6.4 0-12.8 6.4-12.8 12.8v230.4c0 6.4 6.4 12.8 12.8 12.8zm-192 0h22.4c6.4 0 12.8-6.4 12.8-12.8V140.8c0-6.4-6.4-12.8-12.8-12.8h-22.4c-6.4 0-12.8 6.4-12.8 12.8v198.4c0 6.4 6.4 12.8 12.8 12.8zm96 0h22.4c6.4 0 12.8-6.4 12.8-12.8V204.8c0-6.4-6.4-12.8-12.8-12.8h-22.4c-6.4 0-12.8 6.4-12.8 12.8v134.4c0 6.4 6.4 12.8 12.8 12.8zM496 400H48V80c0-8.84-7.16-16-16-16H16C7.16 64 0 71.16 0 80v336c0 17.67 14.33 32 32 32h464c8.84 0 16-7.16 16-16v-16c0-8.84-7.16-16-16-16zm-387.2-48h22.4c6.4 0 12.8-6.4 12.8-12.8v-70.4c0-6.4-6.4-12.8-12.8-12.8h-22.4c-6.4 0-12.8 6.4-12.8 12.8v70.4c0 6.4 6.4 12.8 12.8 12.8z\" class=\"\"><\/path><\/svg><\/i> <img loading=\"lazy\" decoding=\"async\" width=\"16\" height=\"16\" alt=\"Loading\" src=\"https:\/\/temucotelevision.cl\/web\/wp-content\/plugins\/page-views-count\/ajax-loader-2x.gif\" border=0 \/><\/p><div class=\"pvc_clear\"><\/div>\n<p>Detectives de la Brigada Investigadora de Delitos Sexuales (Brisex) Temuco, detuvieron a un hombre \u2013de 55 a\u00f1os- por el delito de abuso sexual reiterado, cometido contra una menor desde los 13 a\u00f1os en la comuna de Pitrufqu\u00e9n.&nbsp;<\/p>\n\n\n\n<p><a><\/a>El subprefecto Rodrigo Opazo, jefe de la Brisex Temuco se\u00f1al\u00f3 que el detenido, identificado con las iniciales I.J.R.A, \u201cesta detenci\u00f3n se produce, luego de una investigaci\u00f3n desarrollada por esta brigada especializada en coordinaci\u00f3n con el Ministerio P\u00fablico, desde el a\u00f1o 2019, fecha en que se acoge una denuncia por parte de la madre de la v\u00edctima, quien se\u00f1ala que su pareja abusaba de la ni\u00f1a, mientras ella se ausentaba del domicilio por motivos laborales, y que los hechos se habr\u00edan reiterado en el tiempo\u201d.<\/p>\n\n\n\n<p>\u201cEl sujeto llevaba bajo enga\u00f1os a la ni\u00f1a hasta un sector de domicilio en com\u00fan, donde hay una ruca, y ah\u00ed comet\u00eda los abusos. Luego de las diligencias investigativas se establece la presunci\u00f3n de que los hechos ocurrieron y se recogen antecedentes que permiten presumir la participaci\u00f3n del imputado\u201d, agreg\u00f3 el subprefecto Opazo.<\/p>\n\n\n\n<p>Con estos antecedentes, la fiscal\u00eda gestion\u00f3 una orden de detenci\u00f3n ante el Juzgado de Garant\u00eda, la cual fue concretada este lunes -27 de diciembre-, en un sector rural de la comuna de Freire, lugar donde resid\u00eda y se ocultaba desde que huy\u00f3 del lugar donde cometi\u00f3 los il\u00edcitos.<\/p>\n\n\n\n<p>El imputado fue puesto a disposici\u00f3n del Juzgado de Garant\u00eda de Pitrufqu\u00e9n para el respectivo control de detenci\u00f3n, donde se decret\u00f3 la medida cautelar de prisi\u00f3n preventiva.<\/p>\n","protected":false},"excerpt":{"rendered":"<div class=\"pvc_clear\"><\/div>\n<p id=\"pvc_stats_28419\" class=\"pvc_stats total_only  \" data-element-id=\"28419\" style=\"\"><i class=\"pvc-stats-icon large\" aria-hidden=\"true\"><svg aria-hidden=\"true\" focusable=\"false\" data-prefix=\"far\" data-icon=\"chart-bar\" role=\"img\" xmlns=\"http:\/\/www.w3.org\/2000\/svg\" viewBox=\"0 0 512 512\" class=\"svg-inline--fa fa-chart-bar fa-w-16 fa-2x\"><path fill=\"currentColor\" d=\"M396.8 352h22.4c6.4 0 12.8-6.4 12.8-12.8V108.8c0-6.4-6.4-12.8-12.8-12.8h-22.4c-6.4 0-12.8 6.4-12.8 12.8v230.4c0 6.4 6.4 12.8 12.8 12.8zm-192 0h22.4c6.4 0 12.8-6.4 12.8-12.8V140.8c0-6.4-6.4-12.8-12.8-12.8h-22.4c-6.4 0-12.8 6.4-12.8 12.8v198.4c0 6.4 6.4 12.8 12.8 12.8zm96 0h22.4c6.4 0 12.8-6.4 12.8-12.8V204.8c0-6.4-6.4-12.8-12.8-12.8h-22.4c-6.4 0-12.8 6.4-12.8 12.8v134.4c0 6.4 6.4 12.8 12.8 12.8zM496 400H48V80c0-8.84-7.16-16-16-16H16C7.16 64 0 71.16 0 80v336c0 17.67 14.33 32 32 32h464c8.84 0 16-7.16 16-16v-16c0-8.84-7.16-16-16-16zm-387.2-48h22.4c6.4 0 12.8-6.4 12.8-12.8v-70.4c0-6.4-6.4-12.8-12.8-12.8h-22.4c-6.4 0-12.8 6.4-12.8 12.8v70.4c0 6.4 6.4 12.8 12.8 12.8z\" class=\"\"><\/path><\/svg><\/i> <img loading=\"lazy\" decoding=\"async\" width=\"16\" height=\"16\" alt=\"Loading\" src=\"https:\/\/temucotelevision.cl\/web\/wp-content\/plugins\/page-views-count\/ajax-loader-2x.gif\" border=0 \/><\/p>\n<div class=\"pvc_clear\"><\/div>\n<p>Detectives de la Brigada Investigadora de Delitos Sexuales (Brisex) Temuco, detuvieron a un hombre \u2013de 55 a\u00f1os- por el delito<\/p>\n","protected":false},"author":1,"featured_media":28420,"comment_status":"open","ping_status":"open","sticky":false,"template":"","format":"standard","meta":{"colormag_page_container_layout":"default_layout","colormag_page_sidebar_layout":"default_layout","footnotes":""},"categories":[16],"tags":[1231,188,1232,1438],"class_list":["post-28419","post","type-post","status-publish","format-standard","has-post-thumbnail","hentry","category-policial","tag-abuso","tag-hombre","tag-menor","tag-sexual"],"a3_pvc":{"activated":true,"total_views":39,"today_views":0},"_links":{"self":[{"href":"https:\/\/temucotelevision.cl\/web\/wp-json\/wp\/v2\/posts\/28419","targetHints":{"allow":["GET"]}}],"collection":[{"href":"https:\/\/temucotelevision.cl\/web\/wp-json\/wp\/v2\/posts"}],"about":[{"href":"https:\/\/temucotelevision.cl\/web\/wp-json\/wp\/v2\/types\/post"}],"author":[{"embeddable":true,"href":"https:\/\/temucotelevision.cl\/web\/wp-json\/wp\/v2\/users\/1"}],"replies":[{"embeddable":true,"href":"https:\/\/temucotelevision.cl\/web\/wp-json\/wp\/v2\/comments?post=28419"}],"version-history":[{"count":1,"href":"https:\/\/temucotelevision.cl\/web\/wp-json\/wp\/v2\/posts\/28419\/revisions"}],"predecessor-version":[{"id":28421,"href":"https:\/\/temucotelevision.cl\/web\/wp-json\/wp\/v2\/posts\/28419\/revisions\/28421"}],"wp:featuredmedia":[{"embeddable":true,"href":"https:\/\/temucotelevision.cl\/web\/wp-json\/wp\/v2\/media\/28420"}],"wp:attachment":[{"href":"https:\/\/temucotelevision.cl\/web\/wp-json\/wp\/v2\/media?parent=28419"}],"wp:term":[{"taxonomy":"category","embeddable":true,"href":"https:\/\/temucotelevision.cl\/web\/wp-json\/wp\/v2\/categories?post=28419"},{"taxonomy":"post_tag","embeddable":true,"href":"https:\/\/temucotelevision.cl\/web\/wp-json\/wp\/v2\/tags?post=28419"}],"curies":[{"name":"wp","href":"https:\/\/api.w.org\/{rel}","templated":true}]}}