{"id":28410,"date":"2021-12-29T12:46:04","date_gmt":"2021-12-29T15:46:04","guid":{"rendered":"https:\/\/temucotelevision.cl\/web\/?p=28410"},"modified":"2021-12-29T12:46:06","modified_gmt":"2021-12-29T15:46:06","slug":"trashumantes-presenta-epew-ka-piam-libro-que-recopila-cuentos-y-leyendas-mapuche-de-quepe","status":"publish","type":"post","link":"https:\/\/temucotelevision.cl\/web\/2021\/12\/29\/trashumantes-presenta-epew-ka-piam-libro-que-recopila-cuentos-y-leyendas-mapuche-de-quepe\/","title":{"rendered":"Trashumantes presenta \u201cEpew ka Piam\u201d, libro que recopila cuentos y leyendas mapuche de Quepe"},"content":{"rendered":"<div class=\"pvc_clear\"><\/div><p id=\"pvc_stats_28410\" class=\"pvc_stats total_only  \" data-element-id=\"28410\" style=\"\"><i class=\"pvc-stats-icon large\" aria-hidden=\"true\"><svg aria-hidden=\"true\" focusable=\"false\" data-prefix=\"far\" data-icon=\"chart-bar\" role=\"img\" xmlns=\"http:\/\/www.w3.org\/2000\/svg\" viewBox=\"0 0 512 512\" class=\"svg-inline--fa fa-chart-bar fa-w-16 fa-2x\"><path fill=\"currentColor\" d=\"M396.8 352h22.4c6.4 0 12.8-6.4 12.8-12.8V108.8c0-6.4-6.4-12.8-12.8-12.8h-22.4c-6.4 0-12.8 6.4-12.8 12.8v230.4c0 6.4 6.4 12.8 12.8 12.8zm-192 0h22.4c6.4 0 12.8-6.4 12.8-12.8V140.8c0-6.4-6.4-12.8-12.8-12.8h-22.4c-6.4 0-12.8 6.4-12.8 12.8v198.4c0 6.4 6.4 12.8 12.8 12.8zm96 0h22.4c6.4 0 12.8-6.4 12.8-12.8V204.8c0-6.4-6.4-12.8-12.8-12.8h-22.4c-6.4 0-12.8 6.4-12.8 12.8v134.4c0 6.4 6.4 12.8 12.8 12.8zM496 400H48V80c0-8.84-7.16-16-16-16H16C7.16 64 0 71.16 0 80v336c0 17.67 14.33 32 32 32h464c8.84 0 16-7.16 16-16v-16c0-8.84-7.16-16-16-16zm-387.2-48h22.4c6.4 0 12.8-6.4 12.8-12.8v-70.4c0-6.4-6.4-12.8-12.8-12.8h-22.4c-6.4 0-12.8 6.4-12.8 12.8v70.4c0 6.4 6.4 12.8 12.8 12.8z\" class=\"\"><\/path><\/svg><\/i> <img loading=\"lazy\" decoding=\"async\" width=\"16\" height=\"16\" alt=\"Loading\" src=\"https:\/\/temucotelevision.cl\/web\/wp-content\/plugins\/page-views-count\/ajax-loader-2x.gif\" border=0 \/><\/p><div class=\"pvc_clear\"><\/div>\n<p><em>El lanzamiento de este material gratuito, que podr\u00e1 descargarse desde www.fundaciontrashumantes.cl, ser\u00e1 acompa\u00f1ado por cinco audiocuentos que estar\u00e1n disponibles en Spotify y YouTube, a partir de este jueves 30 de diciembre.&nbsp;<\/em><\/p>\n\n\n\n<p>\u201cEpew ka Piam\u201d es el nombre del libro que, este jueves 30 de diciembre, presentar\u00e1 Trashumantes en sus diversas plataformas en l\u00ednea, un viaje por los cuentos y leyendas mapuche que ni\u00f1os de la Escuela Raimapu recopilaron en sus comunidades ubicadas en el sector Quepe, Regi\u00f3n de La Araucan\u00eda.&nbsp;&nbsp;<\/p>\n\n\n\n<p>Esta experiencia multidisciplinaria, financiada por el Fondo del Libro del ministerio de las Culturas, las Artes y el Patrimonio, es liderada por la actriz Andrea Richards, la profesora intercultural Patricia Ceballos, y la profesora de Lenguaje y Comunicaci\u00f3n, Marcia Richards.&nbsp;<\/p>\n\n\n\n<p>\u201cEl proyecto comenz\u00f3 en el a\u00f1o 2019 con la realizaci\u00f3n de talleres de acercamiento a la lectura para ni\u00f1os, a trav\u00e9s de metodolog\u00edas teatrales, juegos dram\u00e1ticos y un sinf\u00edn de actividades para sensibilizar tanto el leer, como el escuchar, escribir, pintar e imaginar un relato\u201d, recuerda Andrea.&nbsp;<\/p>\n\n\n\n<p>Luego de ese proceso, agrega la tambi\u00e9n codirectora de Trashumantes, le pidieron a los ni\u00f1os que recopilaran&nbsp;<em>epew<\/em>(cuento) y&nbsp;<em>piam<\/em>&nbsp;(leyenda) dentro de sus comunidades, conversando con familiares y vecinos, en un ejercicio de memoria ancestral.<\/p>\n\n\n\n<p>Tras escoger los relatos, cada uno con sus particularidades, Andrea, Patricia y Marcia incentivaron a los ni\u00f1os a escribir los&nbsp;<em>epew<\/em>&nbsp;y&nbsp;<em>piam<\/em>&nbsp;con sus propias palabras, realizando en paralelo correcciones y trabajos de redacci\u00f3n para que pudieran ser comprendidos por todos.<\/p>\n\n\n\n<p><strong>EXPLORACI\u00d3N SONORA<\/strong><\/p>\n\n\n\n<p>Tras la \u201crevuelta social\u201d del 18 de octubre, la puesta en escena de los&nbsp;<em>epew<\/em>&nbsp;y&nbsp;<em>piam<\/em>&nbsp;en formato de cuentacuentos, proceso que ven\u00eda a continuaci\u00f3n de la escritura, se vio paralizada. \u201cDecidimos postergar el trabajo para marzo del 2020, sin saber que nos azotar\u00eda una pandemia que se ha extendido hasta hoy\u201d, recuerda la actriz.&nbsp;<\/p>\n\n\n\n<p>Ante la imposibilidad de reunirse con los ni\u00f1os para completar la experiencia, el equipo, al que se incorporan el actor Pablo Obreque y el sonidista Leo Troppa, decide adaptar el proceso de creaci\u00f3n a sus posibilidades, realizando audios \u201cEpew ka Piam\u201d, donde \u2014describen las profesionales\u2014 la exploraci\u00f3n sonora fue su compa\u00f1era.<\/p>\n\n\n\n<p>As\u00ed, los ni\u00f1os grabaron las historias en sus tel\u00e9fonos, con las que el equipo&nbsp;comenz\u00f3 a armar el relato sonoro. Tras ello&nbsp;se registraron en un estudio de grabaci\u00f3n los di\u00e1logos con Andrea, Patricia, Pablo y Leo, lo que sumado a los textos dio el primer armado de los \u201cEpew ka Piam\u201d.&nbsp;<\/p>\n\n\n\n<p>En su estudio de grabaci\u00f3n, Pablo y Leo fueron armando estos cinco audiocuentos de \u2018Epew Ka Piam Sonoro\u2019. \u201cAll\u00ed pudimos trabajar con distintas t\u00e9cnicas y capas para lograr la atm\u00f3sfera sonora. Lo primero fue recolectar instrumentos mapuche para grabar la m\u00fasica que usar\u00edamos\u201d, detalla Pablo.&nbsp;<\/p>\n\n\n\n<p>Finalmente, lograron componer cinco temas originales con diversos instrumentos, como: kultrun, cascahuilla, trutruca, pifilca, \u00f1olquil, bajo el\u00e9ctrico, guitarra y kalimba, entre otros. Asimismo, trabajaron con sonidos reales, entre ellos: bosques, r\u00edos y p\u00e1jaros, que registraron en distintos lugares de La Araucan\u00eda.<\/p>\n\n\n\n<p>\u201cLa voz fue utilizada como un instrumento m\u00e1s, logrando crear audios fant\u00e1sticos de seres mitol\u00f3gicos, trabajando la voz como creadora de onomatopeyas, sonidos guturales, creando as\u00ed personajes diversos apoyando la fantas\u00eda sonora\u201d, se\u00f1ala la codirectora de Trashumantes.&nbsp;<\/p>\n\n\n\n<p>Por \u00faltimo, \u201cutilizamos el foley para crear mundos sonoros con objetos como bateas con agua, ramas, piedras, arena, papeles, etc\u00e9tera, logrando as\u00ed que se escuche el cuerpo sonoro de cada personaje. Con todos estos elementos logramos realizar la edici\u00f3n, mezcla y masterizaci\u00f3n\u201d, comenta Pablo.&nbsp;<\/p>\n\n\n\n<p><\/p>\n","protected":false},"excerpt":{"rendered":"<div class=\"pvc_clear\"><\/div>\n<p id=\"pvc_stats_28410\" class=\"pvc_stats total_only  \" data-element-id=\"28410\" style=\"\"><i class=\"pvc-stats-icon large\" aria-hidden=\"true\"><svg aria-hidden=\"true\" focusable=\"false\" data-prefix=\"far\" data-icon=\"chart-bar\" role=\"img\" xmlns=\"http:\/\/www.w3.org\/2000\/svg\" viewBox=\"0 0 512 512\" class=\"svg-inline--fa fa-chart-bar fa-w-16 fa-2x\"><path fill=\"currentColor\" d=\"M396.8 352h22.4c6.4 0 12.8-6.4 12.8-12.8V108.8c0-6.4-6.4-12.8-12.8-12.8h-22.4c-6.4 0-12.8 6.4-12.8 12.8v230.4c0 6.4 6.4 12.8 12.8 12.8zm-192 0h22.4c6.4 0 12.8-6.4 12.8-12.8V140.8c0-6.4-6.4-12.8-12.8-12.8h-22.4c-6.4 0-12.8 6.4-12.8 12.8v198.4c0 6.4 6.4 12.8 12.8 12.8zm96 0h22.4c6.4 0 12.8-6.4 12.8-12.8V204.8c0-6.4-6.4-12.8-12.8-12.8h-22.4c-6.4 0-12.8 6.4-12.8 12.8v134.4c0 6.4 6.4 12.8 12.8 12.8zM496 400H48V80c0-8.84-7.16-16-16-16H16C7.16 64 0 71.16 0 80v336c0 17.67 14.33 32 32 32h464c8.84 0 16-7.16 16-16v-16c0-8.84-7.16-16-16-16zm-387.2-48h22.4c6.4 0 12.8-6.4 12.8-12.8v-70.4c0-6.4-6.4-12.8-12.8-12.8h-22.4c-6.4 0-12.8 6.4-12.8 12.8v70.4c0 6.4 6.4 12.8 12.8 12.8z\" class=\"\"><\/path><\/svg><\/i> <img loading=\"lazy\" decoding=\"async\" width=\"16\" height=\"16\" alt=\"Loading\" src=\"https:\/\/temucotelevision.cl\/web\/wp-content\/plugins\/page-views-count\/ajax-loader-2x.gif\" border=0 \/><\/p>\n<div class=\"pvc_clear\"><\/div>\n<p>El lanzamiento de este material gratuito, que podr\u00e1 descargarse desde www.fundaciontrashumantes.cl, ser\u00e1 acompa\u00f1ado por cinco audiocuentos que estar\u00e1n disponibles en<\/p>\n","protected":false},"author":1,"featured_media":28411,"comment_status":"open","ping_status":"open","sticky":false,"template":"","format":"standard","meta":{"colormag_page_container_layout":"default_layout","colormag_page_sidebar_layout":"default_layout","footnotes":""},"categories":[86],"tags":[2468,1273,216,3676],"class_list":["post-28410","post","type-post","status-publish","format-standard","has-post-thumbnail","hentry","category-panoramas","tag-cuentos","tag-libro","tag-mapuche","tag-trashumantes"],"a3_pvc":{"activated":true,"total_views":311,"today_views":0},"_links":{"self":[{"href":"https:\/\/temucotelevision.cl\/web\/wp-json\/wp\/v2\/posts\/28410","targetHints":{"allow":["GET"]}}],"collection":[{"href":"https:\/\/temucotelevision.cl\/web\/wp-json\/wp\/v2\/posts"}],"about":[{"href":"https:\/\/temucotelevision.cl\/web\/wp-json\/wp\/v2\/types\/post"}],"author":[{"embeddable":true,"href":"https:\/\/temucotelevision.cl\/web\/wp-json\/wp\/v2\/users\/1"}],"replies":[{"embeddable":true,"href":"https:\/\/temucotelevision.cl\/web\/wp-json\/wp\/v2\/comments?post=28410"}],"version-history":[{"count":1,"href":"https:\/\/temucotelevision.cl\/web\/wp-json\/wp\/v2\/posts\/28410\/revisions"}],"predecessor-version":[{"id":28412,"href":"https:\/\/temucotelevision.cl\/web\/wp-json\/wp\/v2\/posts\/28410\/revisions\/28412"}],"wp:featuredmedia":[{"embeddable":true,"href":"https:\/\/temucotelevision.cl\/web\/wp-json\/wp\/v2\/media\/28411"}],"wp:attachment":[{"href":"https:\/\/temucotelevision.cl\/web\/wp-json\/wp\/v2\/media?parent=28410"}],"wp:term":[{"taxonomy":"category","embeddable":true,"href":"https:\/\/temucotelevision.cl\/web\/wp-json\/wp\/v2\/categories?post=28410"},{"taxonomy":"post_tag","embeddable":true,"href":"https:\/\/temucotelevision.cl\/web\/wp-json\/wp\/v2\/tags?post=28410"}],"curies":[{"name":"wp","href":"https:\/\/api.w.org\/{rel}","templated":true}]}}