{"id":28407,"date":"2021-12-29T12:43:26","date_gmt":"2021-12-29T15:43:26","guid":{"rendered":"https:\/\/temucotelevision.cl\/web\/?p=28407"},"modified":"2021-12-29T12:43:28","modified_gmt":"2021-12-29T15:43:28","slug":"inauguran-obras-espacio-publico-ex-campamento-lanin-temuco","status":"publish","type":"post","link":"https:\/\/temucotelevision.cl\/web\/2021\/12\/29\/inauguran-obras-espacio-publico-ex-campamento-lanin-temuco\/","title":{"rendered":"Inauguran obras espacio p\u00fablico ex campamento Lan\u00edn Temuco"},"content":{"rendered":"<div class=\"pvc_clear\"><\/div><p id=\"pvc_stats_28407\" class=\"pvc_stats total_only  \" data-element-id=\"28407\" style=\"\"><i class=\"pvc-stats-icon large\" aria-hidden=\"true\"><svg aria-hidden=\"true\" focusable=\"false\" data-prefix=\"far\" data-icon=\"chart-bar\" role=\"img\" xmlns=\"http:\/\/www.w3.org\/2000\/svg\" viewBox=\"0 0 512 512\" class=\"svg-inline--fa fa-chart-bar fa-w-16 fa-2x\"><path fill=\"currentColor\" d=\"M396.8 352h22.4c6.4 0 12.8-6.4 12.8-12.8V108.8c0-6.4-6.4-12.8-12.8-12.8h-22.4c-6.4 0-12.8 6.4-12.8 12.8v230.4c0 6.4 6.4 12.8 12.8 12.8zm-192 0h22.4c6.4 0 12.8-6.4 12.8-12.8V140.8c0-6.4-6.4-12.8-12.8-12.8h-22.4c-6.4 0-12.8 6.4-12.8 12.8v198.4c0 6.4 6.4 12.8 12.8 12.8zm96 0h22.4c6.4 0 12.8-6.4 12.8-12.8V204.8c0-6.4-6.4-12.8-12.8-12.8h-22.4c-6.4 0-12.8 6.4-12.8 12.8v134.4c0 6.4 6.4 12.8 12.8 12.8zM496 400H48V80c0-8.84-7.16-16-16-16H16C7.16 64 0 71.16 0 80v336c0 17.67 14.33 32 32 32h464c8.84 0 16-7.16 16-16v-16c0-8.84-7.16-16-16-16zm-387.2-48h22.4c6.4 0 12.8-6.4 12.8-12.8v-70.4c0-6.4-6.4-12.8-12.8-12.8h-22.4c-6.4 0-12.8 6.4-12.8 12.8v70.4c0 6.4 6.4 12.8 12.8 12.8z\" class=\"\"><\/path><\/svg><\/i> <img loading=\"lazy\" decoding=\"async\" width=\"16\" height=\"16\" alt=\"Loading\" src=\"https:\/\/temucotelevision.cl\/web\/wp-content\/plugins\/page-views-count\/ajax-loader-2x.gif\" border=0 \/><\/p><div class=\"pvc_clear\"><\/div>\n<p>Con el corte de cinta oficial se dieron por inauguradas las obras del proyecto Espacio P\u00fablico, Ex Campamento Lan\u00edn de Temuco, emblem\u00e1tica iniciativa urbana al interior del macro sector de Pedro de Valdivia de Temuco que alcanza una inversi\u00f3n superior 1.193 millones de pesos.&nbsp;<\/p>\n\n\n\n<p>&nbsp;La iniciativa se origina en el denominado&nbsp;Plan Comunal de Inversi\u00f3n Lanin, proyecto suscrito en la estrategia de lineamientos establecidos por la Secretaria Ejecutiva de Campamentos del Ministerio de Vivienda y Urbanismo a trav\u00e9s del Programa de Campamentos de SERVIU, Regi\u00f3n de la Araucan\u00eda.<\/p>\n\n\n\n<p>\u201cDesde el Minvu estamos triplicando las soluciones para familias que viven en campamentos y en ese sentido, tambi\u00e9n es muy relevante transformar estos sectores en \u00e1reas que favorezcan la integraci\u00f3n social. En los terrenos del ex campamento Lan\u00edn en Temuco inauguramos un gran espacio p\u00fablico que permitir\u00e1 a las familias contar con mayor seguridad y conectividad, junto con \u00e1reas recreativas para que todos los vecinos puedan disfrutar de este nuevo paseo urbano\u201d, expres\u00f3 el Ministro de Vivienda y Urbanismo, Felipe Ward.<\/p>\n\n\n\n<p><strong><u>El viejo campamento Lan\u00edn<\/u><\/strong><\/p>\n\n\n\n<p>En este contexto, el Plan Comunal de Inversi\u00f3n Lan\u00edn, obedeci\u00f3 a la ejecuci\u00f3n de acciones multisectoriales para el cierre efectivo del ex campamento Lan\u00edn, donde fueron erradicadas exitosamente 208 familias de ese viejo asentamiento durante el a\u00f1o 2013 para luego considerar proyectos de recuperaci\u00f3n urbana de los terrenos eriazos post campamento.&nbsp;<\/p>\n\n\n\n<p>El dise\u00f1o de este proyecto se integra a la morfolog\u00eda del terreno, puesto que existe una ladera con fuerte pendiente en el sector de Lan\u00edn. La iniciativa, busca dar seguridad y uso al terreno adem\u00e1s de generar mayor conectividad. El proyecto, permitir\u00e1 habilitar la circulaci\u00f3n en las \u00e1reas de pendiente pronunciada, entregando cruces peatonales en sentido transversal y un recorrido longitudinal en terraza alta con un paseo urbano.&nbsp;<\/p>\n\n\n\n<p>Para el Director de SERVIU Araucan\u00eda, Sergio Merino este proyecto \u201crepresenta el esfuerzo del gobierno del Presidente Sebasti\u00e1n Pi\u00f1era de ir recuperando espacios p\u00fablicos que fueron en el pasado campamentos. Nos sentimos muy contentos que las familias del territorio puedan contar con un recinto para el desarrollo de actividades deportivas y al aire libre, recuperando espacios que se hab\u00edan perdido\u201d, expres\u00f3 el director de Serviu Araucan\u00eda Sergio Merino.&nbsp;<\/p>\n","protected":false},"excerpt":{"rendered":"<div class=\"pvc_clear\"><\/div>\n<p id=\"pvc_stats_28407\" class=\"pvc_stats total_only  \" data-element-id=\"28407\" style=\"\"><i class=\"pvc-stats-icon large\" aria-hidden=\"true\"><svg aria-hidden=\"true\" focusable=\"false\" data-prefix=\"far\" data-icon=\"chart-bar\" role=\"img\" xmlns=\"http:\/\/www.w3.org\/2000\/svg\" viewBox=\"0 0 512 512\" class=\"svg-inline--fa fa-chart-bar fa-w-16 fa-2x\"><path fill=\"currentColor\" d=\"M396.8 352h22.4c6.4 0 12.8-6.4 12.8-12.8V108.8c0-6.4-6.4-12.8-12.8-12.8h-22.4c-6.4 0-12.8 6.4-12.8 12.8v230.4c0 6.4 6.4 12.8 12.8 12.8zm-192 0h22.4c6.4 0 12.8-6.4 12.8-12.8V140.8c0-6.4-6.4-12.8-12.8-12.8h-22.4c-6.4 0-12.8 6.4-12.8 12.8v198.4c0 6.4 6.4 12.8 12.8 12.8zm96 0h22.4c6.4 0 12.8-6.4 12.8-12.8V204.8c0-6.4-6.4-12.8-12.8-12.8h-22.4c-6.4 0-12.8 6.4-12.8 12.8v134.4c0 6.4 6.4 12.8 12.8 12.8zM496 400H48V80c0-8.84-7.16-16-16-16H16C7.16 64 0 71.16 0 80v336c0 17.67 14.33 32 32 32h464c8.84 0 16-7.16 16-16v-16c0-8.84-7.16-16-16-16zm-387.2-48h22.4c6.4 0 12.8-6.4 12.8-12.8v-70.4c0-6.4-6.4-12.8-12.8-12.8h-22.4c-6.4 0-12.8 6.4-12.8 12.8v70.4c0 6.4 6.4 12.8 12.8 12.8z\" class=\"\"><\/path><\/svg><\/i> <img loading=\"lazy\" decoding=\"async\" width=\"16\" height=\"16\" alt=\"Loading\" src=\"https:\/\/temucotelevision.cl\/web\/wp-content\/plugins\/page-views-count\/ajax-loader-2x.gif\" border=0 \/><\/p>\n<div class=\"pvc_clear\"><\/div>\n<p>Con el corte de cinta oficial se dieron por inauguradas las obras del proyecto Espacio P\u00fablico, Ex Campamento Lan\u00edn de<\/p>\n","protected":false},"author":1,"featured_media":28408,"comment_status":"open","ping_status":"open","sticky":false,"template":"","format":"standard","meta":{"colormag_page_container_layout":"default_layout","colormag_page_sidebar_layout":"default_layout","footnotes":""},"categories":[14],"tags":[1673,4943,333,2515],"class_list":["post-28407","post","type-post","status-publish","format-standard","has-post-thumbnail","hentry","category-temuco","tag-campamento","tag-lanin-2","tag-obras","tag-poblacion"],"a3_pvc":{"activated":true,"total_views":234,"today_views":0},"_links":{"self":[{"href":"https:\/\/temucotelevision.cl\/web\/wp-json\/wp\/v2\/posts\/28407","targetHints":{"allow":["GET"]}}],"collection":[{"href":"https:\/\/temucotelevision.cl\/web\/wp-json\/wp\/v2\/posts"}],"about":[{"href":"https:\/\/temucotelevision.cl\/web\/wp-json\/wp\/v2\/types\/post"}],"author":[{"embeddable":true,"href":"https:\/\/temucotelevision.cl\/web\/wp-json\/wp\/v2\/users\/1"}],"replies":[{"embeddable":true,"href":"https:\/\/temucotelevision.cl\/web\/wp-json\/wp\/v2\/comments?post=28407"}],"version-history":[{"count":1,"href":"https:\/\/temucotelevision.cl\/web\/wp-json\/wp\/v2\/posts\/28407\/revisions"}],"predecessor-version":[{"id":28409,"href":"https:\/\/temucotelevision.cl\/web\/wp-json\/wp\/v2\/posts\/28407\/revisions\/28409"}],"wp:featuredmedia":[{"embeddable":true,"href":"https:\/\/temucotelevision.cl\/web\/wp-json\/wp\/v2\/media\/28408"}],"wp:attachment":[{"href":"https:\/\/temucotelevision.cl\/web\/wp-json\/wp\/v2\/media?parent=28407"}],"wp:term":[{"taxonomy":"category","embeddable":true,"href":"https:\/\/temucotelevision.cl\/web\/wp-json\/wp\/v2\/categories?post=28407"},{"taxonomy":"post_tag","embeddable":true,"href":"https:\/\/temucotelevision.cl\/web\/wp-json\/wp\/v2\/tags?post=28407"}],"curies":[{"name":"wp","href":"https:\/\/api.w.org\/{rel}","templated":true}]}}