{"id":28404,"date":"2021-12-29T12:39:12","date_gmt":"2021-12-29T15:39:12","guid":{"rendered":"https:\/\/temucotelevision.cl\/web\/?p=28404"},"modified":"2021-12-29T12:40:51","modified_gmt":"2021-12-29T15:40:51","slug":"informe-covid-19-para-hoy-suman-68-os-nuevos-casos-en-la-araucania-54-se-encuentran-hospitalizados","status":"publish","type":"post","link":"https:\/\/temucotelevision.cl\/web\/2021\/12\/29\/informe-covid-19-para-hoy-suman-68-os-nuevos-casos-en-la-araucania-54-se-encuentran-hospitalizados\/","title":{"rendered":"Informe Covid-19: Para hoy suman 68 los nuevos casos en La Araucan\u00eda, 54 se encuentran hospitalizados"},"content":{"rendered":"<div class=\"pvc_clear\"><\/div><p id=\"pvc_stats_28404\" class=\"pvc_stats total_only  \" data-element-id=\"28404\" style=\"\"><i class=\"pvc-stats-icon large\" aria-hidden=\"true\"><svg aria-hidden=\"true\" focusable=\"false\" data-prefix=\"far\" data-icon=\"chart-bar\" role=\"img\" xmlns=\"http:\/\/www.w3.org\/2000\/svg\" viewBox=\"0 0 512 512\" class=\"svg-inline--fa fa-chart-bar fa-w-16 fa-2x\"><path fill=\"currentColor\" d=\"M396.8 352h22.4c6.4 0 12.8-6.4 12.8-12.8V108.8c0-6.4-6.4-12.8-12.8-12.8h-22.4c-6.4 0-12.8 6.4-12.8 12.8v230.4c0 6.4 6.4 12.8 12.8 12.8zm-192 0h22.4c6.4 0 12.8-6.4 12.8-12.8V140.8c0-6.4-6.4-12.8-12.8-12.8h-22.4c-6.4 0-12.8 6.4-12.8 12.8v198.4c0 6.4 6.4 12.8 12.8 12.8zm96 0h22.4c6.4 0 12.8-6.4 12.8-12.8V204.8c0-6.4-6.4-12.8-12.8-12.8h-22.4c-6.4 0-12.8 6.4-12.8 12.8v134.4c0 6.4 6.4 12.8 12.8 12.8zM496 400H48V80c0-8.84-7.16-16-16-16H16C7.16 64 0 71.16 0 80v336c0 17.67 14.33 32 32 32h464c8.84 0 16-7.16 16-16v-16c0-8.84-7.16-16-16-16zm-387.2-48h22.4c6.4 0 12.8-6.4 12.8-12.8v-70.4c0-6.4-6.4-12.8-12.8-12.8h-22.4c-6.4 0-12.8 6.4-12.8 12.8v70.4c0 6.4 6.4 12.8 12.8 12.8z\" class=\"\"><\/path><\/svg><\/i> <img loading=\"lazy\" decoding=\"async\" width=\"16\" height=\"16\" alt=\"Loading\" src=\"https:\/\/temucotelevision.cl\/web\/wp-content\/plugins\/page-views-count\/ajax-loader-2x.gif\" border=0 \/><\/p><div class=\"pvc_clear\"><\/div>\n<p><strong>103.905 son los casos confirmados de COVID- 19 en La Araucan\u00eda.<\/strong><\/p>\n\n\n\n<p><strong>\u00a0<\/strong>Durante el d\u00eda ayer fueron 68 los nuevos casos confirmados de COVID- 19 en la regi\u00f3n. Estos nuevos casos sumados a los confirmados anteriormente, nos entregan la siguiente distribuci\u00f3n comunal:<\/p>\n\n\n\n<figure class=\"wp-block-table\"><table><tbody><tr><td><strong>Comuna de residencia *<\/strong><\/td><td><strong>N\u00b0 de casos<\/strong><\/td><td><strong>Casos nuevos<\/strong><\/td><td><strong>Casos activos<\/strong><\/td><\/tr><tr><td>Angol<\/td><td>5.647<\/td><td>2<\/td><td>39<\/td><\/tr><tr><td>Carahue<\/td><td>2.506<\/td><td>3<\/td><td>11<\/td><\/tr><tr><td>Chol-Chol<\/td><td>1.159<\/td><td>&#8211;<\/td><td>5<\/td><\/tr><tr><td>Collipulli<\/td><td>3.332<\/td><td>1<\/td><td>9<\/td><\/tr><tr><td>Cunco<\/td><td>1.689<\/td><td>3<\/td><td>7<\/td><\/tr><tr><td>Curacaut\u00edn<\/td><td>1.270<\/td><td>&#8211;<\/td><td>&#8211;<\/td><\/tr><tr><td>Curarrehue<\/td><td>876<\/td><td>&#8211;<\/td><td>&#8211;<\/td><\/tr><tr><td>Ercilla<\/td><td>1.210<\/td><td>&#8211;<\/td><td>1<\/td><\/tr><tr><td>Freire<\/td><td>2.614<\/td><td>&#8211;<\/td><td>10<\/td><\/tr><tr><td>Galvarino<\/td><td>2.244<\/td><td>&#8211;<\/td><td>4<\/td><\/tr><tr><td>Gorbea<\/td><td>1.332<\/td><td>&#8211;<\/td><td>4<\/td><\/tr><tr><td>Lautaro<\/td><td>4.452<\/td><td>&#8211;<\/td><td>5<\/td><\/tr><tr><td>Loncoche<\/td><td>2.115<\/td><td>2<\/td><td>11<\/td><\/tr><tr><td>Lonquimay<\/td><td>1.159<\/td><td>1<\/td><td>9<\/td><\/tr><tr><td>Los Sauces<\/td><td>918<\/td><td>&#8211;<\/td><td>1<\/td><\/tr><tr><td>Lumaco<\/td><td>1.070<\/td><td>&#8211;<\/td><td>1<\/td><\/tr><tr><td>Melipeuco<\/td><td>528<\/td><td>&#8211;<\/td><td>&#8211;<\/td><\/tr><tr><td>Nueva Imperial<\/td><td>3.060<\/td><td>1<\/td><td>12<\/td><\/tr><tr><td>Padre Las Casas<\/td><td>8.183<\/td><td>3<\/td><td>48<\/td><\/tr><tr><td>Perquenco<\/td><td>1.091<\/td><td>1<\/td><td>3<\/td><\/tr><tr><td>Pitrufqu\u00e9n<\/td><td>2.505<\/td><td>1<\/td><td>2<\/td><\/tr><tr><td>Puc\u00f3n<\/td><td>3.183<\/td><td>4<\/td><td>19<\/td><\/tr><tr><td>Pur\u00e9n<\/td><td>991<\/td><td>&#8211;<\/td><td>2<\/td><\/tr><tr><td>Renaico<\/td><td>1.516<\/td><td>1<\/td><td>7<\/td><\/tr><tr><td>Saavedra<\/td><td>1.549<\/td><td>&#8211;<\/td><td>4<\/td><\/tr><tr><td>Temuco<\/td><td>29.936<\/td><td>41<\/td><td>174<\/td><\/tr><tr><td>Teodoro Schmidt<\/td><td>1.689<\/td><td>&#8211;<\/td><td>3<\/td><\/tr><tr><td>Tolt\u00e9n<\/td><td>1.132<\/td><td>&#8211;<\/td><td>3<\/td><\/tr><tr><td>Traigu\u00e9n<\/td><td>1.722<\/td><td>&#8211;<\/td><td>&#8211;<\/td><\/tr><tr><td>Victoria<\/td><td>3.411<\/td><td>&#8211;<\/td><td>13<\/td><\/tr><tr><td>Vilc\u00fan<\/td><td>3.122<\/td><td>2<\/td><td>9<\/td><\/tr><tr><td>Villarrica<\/td><td>5.926<\/td><td>1<\/td><td>20<\/td><\/tr><tr><td><strong>Total General<\/strong><\/td><td><strong>103.137<\/strong><\/td><td><strong>67<\/strong><\/td><td><strong>436<\/strong><\/td><\/tr><tr><td>*Informaci\u00f3n susceptible de ser modificada, en relaci\u00f3n a los resultados de las investigaciones Epidemiol\u00f3gicas.<strong><\/strong><\/td><td>(Se extraen 768 casos del an\u00e1lisis, puesto que presentan residencia en otras regiones).&nbsp;&nbsp;<\/td><td>&nbsp;<\/td><td>** Se extraen 4&nbsp;del total de activos que presentan domicilio en otra regi\u00f3n<\/td><\/tr><\/tbody><\/table><\/figure>\n\n\n\n<figure class=\"wp-block-table\"><table><tbody><tr><td><strong>Casos nuevos<\/strong><\/td><td><strong>Sintom\u00e1ticos&nbsp;<\/strong><\/td><td><strong>Asintom\u00e1ticos<\/strong><\/td><td><strong>Casos nuevos no notificados<\/strong><strong><\/strong><\/td><\/tr><tr><td><strong>68<\/strong><\/td><td><strong>36<\/strong><\/td><td><strong>10<\/strong><\/td><td><strong>22<\/strong><\/td><\/tr><\/tbody><\/table><\/figure>\n\n\n\n<p><strong>Cambios de Residencia<\/strong><\/p>\n\n\n\n<figure class=\"wp-block-table\"><table><tbody><tr><td><strong>Intercomunal<\/strong><\/td><td>5<\/td><td>1 caso de Lautaro a Lonquimay.1 caso de Pitrufqu\u00e9n a Padre Las Casas.1 caso de Temuco a Cholchol.2 casos de Temuco a Freire.<\/td><td><em>Se mantiene en ambos detalles.&nbsp;<\/em><\/td><\/tr><tr><td><strong>Ajuste Minsal<\/strong><\/td><td>1<\/td><td>1 caso a Renaico.<\/td><td><em>Se suma en ambos detalles.<\/em><\/td><\/tr><tr><td><strong>Ajuste Minsal<\/strong><\/td><td>&#8211;<\/td><td>Sin cambios.<\/td><td><em>Se resta en ambos detalles.<\/em><\/td><\/tr><\/tbody><\/table><\/figure>\n\n\n\n<p><strong>Ex\u00e1menes PCR procesados en las \u00faltimas 24 hrs.<\/strong><\/p>\n\n\n\n<figure class=\"wp-block-table\"><table><tbody><tr><td>N\u00b0 de Muestras procesadas.(28.12.2021)<\/td><td>1.305<\/td><\/tr><\/tbody><\/table><\/figure>\n\n\n\n<figure class=\"wp-block-table\"><table><tbody><tr><td><strong>Activos<\/strong><\/td><td><strong>N\u00b0 de Casos&nbsp;<\/strong><\/td><td><strong>Porcentaje<\/strong><\/td><\/tr><tr><td>Si&nbsp;<\/td><td>436<\/td><td>0.5%<\/td><\/tr><tr><td>No<\/td><td>101.158<\/td><td>99.5%<\/td><\/tr><\/tbody><\/table><\/figure>\n\n\n\n<p>*Se excluyen del an\u00e1lisis los pacientes fallecidos.<\/p>\n\n\n\n<p><strong>Casos confirmados por sexo<\/strong><\/p>\n\n\n\n<figure class=\"wp-block-table\"><table><tbody><tr><td><strong>Sexo<\/strong><\/td><td><strong>N\u00b0 Casos<\/strong><\/td><td><strong>Porcentaje<\/strong><\/td><\/tr><tr><td>Hombre<\/td><td>50.648<\/td><td>49,1%<\/td><\/tr><tr><td>Mujer<\/td><td>52.489<\/td><td>50,9%<\/td><\/tr><\/tbody><\/table><\/figure>\n\n\n\n<figure class=\"wp-block-table\"><table><tbody><tr><td><strong>&nbsp;<\/strong><\/td><td><strong>Total<\/strong><\/td><\/tr><tr><td><strong>Fallecidos<\/strong><\/td><td><strong>1.554<\/strong><\/td><\/tr><\/tbody><\/table><\/figure>\n\n\n\n<p>De la totalidad de casos, 54 se encuentran hospitalizados, de estos 23 en Unidades de Paciente Cr\u00edtico (UTI 06 \u2013 UCI 17) y 13 conectados a ventilador mec\u00e1nico, de los cuales 12 se encuentran en establecimientos de la red p\u00fablica y 1 en establecimientos privados.&nbsp;&nbsp;<\/p>\n","protected":false},"excerpt":{"rendered":"<div class=\"pvc_clear\"><\/div>\n<p id=\"pvc_stats_28404\" class=\"pvc_stats total_only  \" data-element-id=\"28404\" style=\"\"><i class=\"pvc-stats-icon large\" aria-hidden=\"true\"><svg aria-hidden=\"true\" focusable=\"false\" data-prefix=\"far\" data-icon=\"chart-bar\" role=\"img\" xmlns=\"http:\/\/www.w3.org\/2000\/svg\" viewBox=\"0 0 512 512\" class=\"svg-inline--fa fa-chart-bar fa-w-16 fa-2x\"><path fill=\"currentColor\" d=\"M396.8 352h22.4c6.4 0 12.8-6.4 12.8-12.8V108.8c0-6.4-6.4-12.8-12.8-12.8h-22.4c-6.4 0-12.8 6.4-12.8 12.8v230.4c0 6.4 6.4 12.8 12.8 12.8zm-192 0h22.4c6.4 0 12.8-6.4 12.8-12.8V140.8c0-6.4-6.4-12.8-12.8-12.8h-22.4c-6.4 0-12.8 6.4-12.8 12.8v198.4c0 6.4 6.4 12.8 12.8 12.8zm96 0h22.4c6.4 0 12.8-6.4 12.8-12.8V204.8c0-6.4-6.4-12.8-12.8-12.8h-22.4c-6.4 0-12.8 6.4-12.8 12.8v134.4c0 6.4 6.4 12.8 12.8 12.8zM496 400H48V80c0-8.84-7.16-16-16-16H16C7.16 64 0 71.16 0 80v336c0 17.67 14.33 32 32 32h464c8.84 0 16-7.16 16-16v-16c0-8.84-7.16-16-16-16zm-387.2-48h22.4c6.4 0 12.8-6.4 12.8-12.8v-70.4c0-6.4-6.4-12.8-12.8-12.8h-22.4c-6.4 0-12.8 6.4-12.8 12.8v70.4c0 6.4 6.4 12.8 12.8 12.8z\" class=\"\"><\/path><\/svg><\/i> <img loading=\"lazy\" decoding=\"async\" width=\"16\" height=\"16\" alt=\"Loading\" src=\"https:\/\/temucotelevision.cl\/web\/wp-content\/plugins\/page-views-count\/ajax-loader-2x.gif\" border=0 \/><\/p>\n<div class=\"pvc_clear\"><\/div>\n<p>103.905 son los casos confirmados de COVID- 19 en La Araucan\u00eda. \u00a0Durante el d\u00eda ayer fueron 68 los nuevos casos<\/p>\n","protected":false},"author":1,"featured_media":9366,"comment_status":"open","ping_status":"open","sticky":false,"template":"","format":"standard","meta":{"colormag_page_container_layout":"default_layout","colormag_page_sidebar_layout":"default_layout","footnotes":""},"categories":[14],"tags":[2314,2347,2304,2312,170,131],"class_list":["post-28404","post","type-post","status-publish","format-standard","has-post-thumbnail","hentry","category-temuco","tag-casos","tag-contagios","tag-covid-19","tag-pandemia","tag-region","tag-salud"],"a3_pvc":{"activated":true,"total_views":13,"today_views":0},"_links":{"self":[{"href":"https:\/\/temucotelevision.cl\/web\/wp-json\/wp\/v2\/posts\/28404","targetHints":{"allow":["GET"]}}],"collection":[{"href":"https:\/\/temucotelevision.cl\/web\/wp-json\/wp\/v2\/posts"}],"about":[{"href":"https:\/\/temucotelevision.cl\/web\/wp-json\/wp\/v2\/types\/post"}],"author":[{"embeddable":true,"href":"https:\/\/temucotelevision.cl\/web\/wp-json\/wp\/v2\/users\/1"}],"replies":[{"embeddable":true,"href":"https:\/\/temucotelevision.cl\/web\/wp-json\/wp\/v2\/comments?post=28404"}],"version-history":[{"count":2,"href":"https:\/\/temucotelevision.cl\/web\/wp-json\/wp\/v2\/posts\/28404\/revisions"}],"predecessor-version":[{"id":28406,"href":"https:\/\/temucotelevision.cl\/web\/wp-json\/wp\/v2\/posts\/28404\/revisions\/28406"}],"wp:featuredmedia":[{"embeddable":true,"href":"https:\/\/temucotelevision.cl\/web\/wp-json\/wp\/v2\/media\/9366"}],"wp:attachment":[{"href":"https:\/\/temucotelevision.cl\/web\/wp-json\/wp\/v2\/media?parent=28404"}],"wp:term":[{"taxonomy":"category","embeddable":true,"href":"https:\/\/temucotelevision.cl\/web\/wp-json\/wp\/v2\/categories?post=28404"},{"taxonomy":"post_tag","embeddable":true,"href":"https:\/\/temucotelevision.cl\/web\/wp-json\/wp\/v2\/tags?post=28404"}],"curies":[{"name":"wp","href":"https:\/\/api.w.org\/{rel}","templated":true}]}}