{"id":28401,"date":"2021-12-29T12:27:29","date_gmt":"2021-12-29T15:27:29","guid":{"rendered":"https:\/\/temucotelevision.cl\/web\/?p=28401"},"modified":"2021-12-29T12:27:30","modified_gmt":"2021-12-29T15:27:30","slug":"empresa-regional-es-galardonada-por-llevar-internet-a-las-zonas-rurales-mas-alejadas-de-la-araucania","status":"publish","type":"post","link":"https:\/\/temucotelevision.cl\/web\/2021\/12\/29\/empresa-regional-es-galardonada-por-llevar-internet-a-las-zonas-rurales-mas-alejadas-de-la-araucania\/","title":{"rendered":"Empresa regional es galardonada por llevar Internet a las zonas rurales m\u00e1s alejadas de La Araucan\u00eda"},"content":{"rendered":"<div class=\"pvc_clear\"><\/div><p id=\"pvc_stats_28401\" class=\"pvc_stats total_only  \" data-element-id=\"28401\" style=\"\"><i class=\"pvc-stats-icon large\" aria-hidden=\"true\"><svg aria-hidden=\"true\" focusable=\"false\" data-prefix=\"far\" data-icon=\"chart-bar\" role=\"img\" xmlns=\"http:\/\/www.w3.org\/2000\/svg\" viewBox=\"0 0 512 512\" class=\"svg-inline--fa fa-chart-bar fa-w-16 fa-2x\"><path fill=\"currentColor\" d=\"M396.8 352h22.4c6.4 0 12.8-6.4 12.8-12.8V108.8c0-6.4-6.4-12.8-12.8-12.8h-22.4c-6.4 0-12.8 6.4-12.8 12.8v230.4c0 6.4 6.4 12.8 12.8 12.8zm-192 0h22.4c6.4 0 12.8-6.4 12.8-12.8V140.8c0-6.4-6.4-12.8-12.8-12.8h-22.4c-6.4 0-12.8 6.4-12.8 12.8v198.4c0 6.4 6.4 12.8 12.8 12.8zm96 0h22.4c6.4 0 12.8-6.4 12.8-12.8V204.8c0-6.4-6.4-12.8-12.8-12.8h-22.4c-6.4 0-12.8 6.4-12.8 12.8v134.4c0 6.4 6.4 12.8 12.8 12.8zM496 400H48V80c0-8.84-7.16-16-16-16H16C7.16 64 0 71.16 0 80v336c0 17.67 14.33 32 32 32h464c8.84 0 16-7.16 16-16v-16c0-8.84-7.16-16-16-16zm-387.2-48h22.4c6.4 0 12.8-6.4 12.8-12.8v-70.4c0-6.4-6.4-12.8-12.8-12.8h-22.4c-6.4 0-12.8 6.4-12.8 12.8v70.4c0 6.4 6.4 12.8 12.8 12.8z\" class=\"\"><\/path><\/svg><\/i> <img loading=\"lazy\" decoding=\"async\" width=\"16\" height=\"16\" alt=\"Loading\" src=\"https:\/\/temucotelevision.cl\/web\/wp-content\/plugins\/page-views-count\/ajax-loader-2x.gif\" border=0 \/><\/p><div class=\"pvc_clear\"><\/div>\n<p>\u2022 A nivel nacional existen m\u00e1s de 2 mil localidades sin conectividad y el desaf\u00edo de empresas locales como YBS Telecom, es disminuir la brecha digital llegando con internet a bajo costo.<\/p>\n\n\n\n<p>Hace pocos d\u00edas la Primera Dama Cecilia Morel distingui\u00f3 a distintas empresas que apoyaron el desaf\u00edo de llevar conexi\u00f3n a internet a distintas zonas alejadas de Chile, que gracias al programa \u201cCompromiso Pa\u00eds\u201d, hoy cuentan con esta herramienta. Una de ellas es YBS Telecom, compa\u00f1\u00eda regional asociada a Araucan\u00eda Digital \u2013 Programa ejecutado por SOFO, y apoyado por CORFO- que est\u00e1 dedicada a entregar conectividad y acceso a internet a zonas extremas de La Araucan\u00eda, especialmente en los sectores rurales m\u00e1s aislados.<\/p>\n\n\n\n<p>\u201cLlevamos m\u00e1s de 3 a\u00f1os de trabajo silencioso en La Araucan\u00eda junto a Compromiso Pa\u00eds, y a trav\u00e9s de la directora ejecutiva hemos formado distintos proyectos piloto para llevar conectividad desde la cordillera hasta la costa. Tenemos proyectos en Cunco, Melipeuco, y hace poco inauguramos uno en la comuna de Carahue. De esta manera, alguien que vive en medio de la cordillera tiene acceso al mismo contenido que alguien que vive en Temuco, pueden vender sus productos, conectarse a clases, etc. Podemos transformar vidas gracias a la conectividad. M\u00e1s all\u00e1 de un costo, estamos generando igualdad y m\u00e1s oportunidades para todos\u201d, coment\u00f3 Nicol\u00e1s Arias, Gerente de YBS Telecom.<\/p>\n\n\n\n<p>Precisamente esa transformaci\u00f3n se instaur\u00f3 en la comunidad Jos\u00e9 Painecura, ubicada en Trovolhue, comuna de Carahue, donde se beneficiaron 120 familias. Seg\u00fan cont\u00f3 Nicol\u00e1s Arias, \u201cllegamos con un ambiente algo hostil, pero luego de un trabajo consensuado con la comunidad, donde adem\u00e1s contratamos personal local, ellos se transformaron en protagonistas de su propia conectividad y hoy podemos tomarnos un mate con el Lonco en la ruca que ahora est\u00e1 conectada a Internet gracias a un arduo trabajo que culmin\u00f3 con m\u00e1s de 12 empresas aportando para la realizaci\u00f3n de esta iniciativa\u201d.<\/p>\n\n\n\n<p>Marcelo Pe\u00f1a, gerente de Araucan\u00eda Digital se\u00f1al\u00f3 que \u201cla relevancia de esta soluci\u00f3n permite garantizar conectividad digital en zonas en las que antes no exist\u00eda la posibilidad de tenerla, eso es lo que permite esta tecnolog\u00eda. Este es un proyecto pionero en Chile, autorizado por SUBTEL, y estas pruebas permitir\u00e1n avanzar en la regulaci\u00f3n de esta tecnolog\u00eda y su potencial masificaci\u00f3n en el pa\u00eds\u201d.<\/p>\n\n\n\n<p>Adem\u00e1s, Pe\u00f1a agreg\u00f3 que \u201cCon esto se abren las puertas para poder brindar mejoras en \u00e1mbitos de educaci\u00f3n para escuelas rurales en zonas extremas de la Costa de nuestra regi\u00f3n, al igual que para actividades vinculadas al comercio y turismo, a trav\u00e9s de la implementaci\u00f3n de Kit de adopci\u00f3n Digital, y por otro lado, esta oportunidad ampl\u00eda el espectro territorial para las empresas que forman parte de Araucan\u00eda Digital, presentando as\u00ed soluciones en gesti\u00f3n y crecimiento tecnol\u00f3gico\u201d.<\/p>\n\n\n\n<p>Este exitoso ejemplo es lo que se pretende replicar en distintos sectores de la regi\u00f3n, y a pesar que La Araucan\u00eda tiene un d\u00e9ficit de instalaciones de conectividad, con alianzas p\u00fablico privadas se puede lograr el objetivo de llegar con conexi\u00f3n a zonas aisladas. El gerente de YBS Telecom explic\u00f3 que \u201clo que hacemos es detectar esta falta de infraestructura que hoy est\u00e1 en muchos sectores, pero principalmente en el borde costero, y en medio de la cordillera, ya que no tienen cobertura de empresas de telefon\u00eda m\u00f3vil. Luego, instalamos la infraestructura para llegar con acceso a internet en estas zonas, para luego identificar a los usuarios. Posteriormente se genera un procedimiento de acci\u00f3n en conjunto para crear un plan a precios adecuados a la realidad local\u201d.<\/p>\n\n\n\n<p>\u201cEl plan de Compromiso Pa\u00eds es llevar internet a bajo costo gracias a las alianzas que se generan. Por ejemplo, una empresa puede financiar infraestructura, otra puede aportar con el acceso, otra con equipamiento, y as\u00ed logramos que estos costos bajen al punto de llegar a un sector muy alejado con conexi\u00f3n a internet con un valor de $15.000 para las familias con lo que pueden acceder a internet a un valor razonable. Con esto, hoy la gente puede tener acceso a internet en la monta\u00f1a, en la ruca y a la orilla de la playa sin depender de planes caros. Debe ser igualitario lo que pagas en la zona urbana y en la zona rural, especialmente aquellas m\u00e1s alejadas\u201d, manifest\u00f3 Arias.<\/p>\n\n\n\n<p>Para finalizar, el representante de YBS Telecom, expres\u00f3 que \u201cesperamos que esto nos ayude a potenciar a peque\u00f1as y medianas empresas regionales proveedoras de estos servicios y que juntos podamos ayudar a disminuir la brecha digital en La Araucan\u00eda y en todo el pa\u00eds\u201d.<\/p>\n","protected":false},"excerpt":{"rendered":"<div class=\"pvc_clear\"><\/div>\n<p id=\"pvc_stats_28401\" class=\"pvc_stats total_only  \" data-element-id=\"28401\" style=\"\"><i class=\"pvc-stats-icon large\" aria-hidden=\"true\"><svg aria-hidden=\"true\" focusable=\"false\" data-prefix=\"far\" data-icon=\"chart-bar\" role=\"img\" xmlns=\"http:\/\/www.w3.org\/2000\/svg\" viewBox=\"0 0 512 512\" class=\"svg-inline--fa fa-chart-bar fa-w-16 fa-2x\"><path fill=\"currentColor\" d=\"M396.8 352h22.4c6.4 0 12.8-6.4 12.8-12.8V108.8c0-6.4-6.4-12.8-12.8-12.8h-22.4c-6.4 0-12.8 6.4-12.8 12.8v230.4c0 6.4 6.4 12.8 12.8 12.8zm-192 0h22.4c6.4 0 12.8-6.4 12.8-12.8V140.8c0-6.4-6.4-12.8-12.8-12.8h-22.4c-6.4 0-12.8 6.4-12.8 12.8v198.4c0 6.4 6.4 12.8 12.8 12.8zm96 0h22.4c6.4 0 12.8-6.4 12.8-12.8V204.8c0-6.4-6.4-12.8-12.8-12.8h-22.4c-6.4 0-12.8 6.4-12.8 12.8v134.4c0 6.4 6.4 12.8 12.8 12.8zM496 400H48V80c0-8.84-7.16-16-16-16H16C7.16 64 0 71.16 0 80v336c0 17.67 14.33 32 32 32h464c8.84 0 16-7.16 16-16v-16c0-8.84-7.16-16-16-16zm-387.2-48h22.4c6.4 0 12.8-6.4 12.8-12.8v-70.4c0-6.4-6.4-12.8-12.8-12.8h-22.4c-6.4 0-12.8 6.4-12.8 12.8v70.4c0 6.4 6.4 12.8 12.8 12.8z\" class=\"\"><\/path><\/svg><\/i> <img loading=\"lazy\" decoding=\"async\" width=\"16\" height=\"16\" alt=\"Loading\" src=\"https:\/\/temucotelevision.cl\/web\/wp-content\/plugins\/page-views-count\/ajax-loader-2x.gif\" border=0 \/><\/p>\n<div class=\"pvc_clear\"><\/div>\n<p>\u2022 A nivel nacional existen m\u00e1s de 2 mil localidades sin conectividad y el desaf\u00edo de empresas locales como YBS<\/p>\n","protected":false},"author":1,"featured_media":28402,"comment_status":"open","ping_status":"open","sticky":false,"template":"","format":"standard","meta":{"colormag_page_container_layout":"default_layout","colormag_page_sidebar_layout":"default_layout","footnotes":""},"categories":[15],"tags":[549,1329,2710,4942],"class_list":["post-28401","post","type-post","status-publish","format-standard","has-post-thumbnail","hentry","category-la-araucania","tag-empresa","tag-internet","tag-regional","tag-rurales"],"a3_pvc":{"activated":true,"total_views":210,"today_views":0},"_links":{"self":[{"href":"https:\/\/temucotelevision.cl\/web\/wp-json\/wp\/v2\/posts\/28401","targetHints":{"allow":["GET"]}}],"collection":[{"href":"https:\/\/temucotelevision.cl\/web\/wp-json\/wp\/v2\/posts"}],"about":[{"href":"https:\/\/temucotelevision.cl\/web\/wp-json\/wp\/v2\/types\/post"}],"author":[{"embeddable":true,"href":"https:\/\/temucotelevision.cl\/web\/wp-json\/wp\/v2\/users\/1"}],"replies":[{"embeddable":true,"href":"https:\/\/temucotelevision.cl\/web\/wp-json\/wp\/v2\/comments?post=28401"}],"version-history":[{"count":1,"href":"https:\/\/temucotelevision.cl\/web\/wp-json\/wp\/v2\/posts\/28401\/revisions"}],"predecessor-version":[{"id":28403,"href":"https:\/\/temucotelevision.cl\/web\/wp-json\/wp\/v2\/posts\/28401\/revisions\/28403"}],"wp:featuredmedia":[{"embeddable":true,"href":"https:\/\/temucotelevision.cl\/web\/wp-json\/wp\/v2\/media\/28402"}],"wp:attachment":[{"href":"https:\/\/temucotelevision.cl\/web\/wp-json\/wp\/v2\/media?parent=28401"}],"wp:term":[{"taxonomy":"category","embeddable":true,"href":"https:\/\/temucotelevision.cl\/web\/wp-json\/wp\/v2\/categories?post=28401"},{"taxonomy":"post_tag","embeddable":true,"href":"https:\/\/temucotelevision.cl\/web\/wp-json\/wp\/v2\/tags?post=28401"}],"curies":[{"name":"wp","href":"https:\/\/api.w.org\/{rel}","templated":true}]}}