{"id":28396,"date":"2021-12-28T17:37:20","date_gmt":"2021-12-28T20:37:20","guid":{"rendered":"https:\/\/temucotelevision.cl\/web\/?p=28396"},"modified":"2021-12-28T17:37:22","modified_gmt":"2021-12-28T20:37:22","slug":"carabineros-del-os-9-araucania-recuperan-acordeon-italiano-unico-en-chile-avaluado-en-6-000-000","status":"publish","type":"post","link":"https:\/\/temucotelevision.cl\/web\/2021\/12\/28\/carabineros-del-os-9-araucania-recuperan-acordeon-italiano-unico-en-chile-avaluado-en-6-000-000\/","title":{"rendered":"Carabineros del OS-9 Araucan\u00eda recuperan acorde\u00f3n italiano \u00fanico en Chile avaluado en $6.000.000"},"content":{"rendered":"<div class=\"pvc_clear\"><\/div><p id=\"pvc_stats_28396\" class=\"pvc_stats total_only  \" data-element-id=\"28396\" style=\"\"><i class=\"pvc-stats-icon large\" aria-hidden=\"true\"><svg aria-hidden=\"true\" focusable=\"false\" data-prefix=\"far\" data-icon=\"chart-bar\" role=\"img\" xmlns=\"http:\/\/www.w3.org\/2000\/svg\" viewBox=\"0 0 512 512\" class=\"svg-inline--fa fa-chart-bar fa-w-16 fa-2x\"><path fill=\"currentColor\" d=\"M396.8 352h22.4c6.4 0 12.8-6.4 12.8-12.8V108.8c0-6.4-6.4-12.8-12.8-12.8h-22.4c-6.4 0-12.8 6.4-12.8 12.8v230.4c0 6.4 6.4 12.8 12.8 12.8zm-192 0h22.4c6.4 0 12.8-6.4 12.8-12.8V140.8c0-6.4-6.4-12.8-12.8-12.8h-22.4c-6.4 0-12.8 6.4-12.8 12.8v198.4c0 6.4 6.4 12.8 12.8 12.8zm96 0h22.4c6.4 0 12.8-6.4 12.8-12.8V204.8c0-6.4-6.4-12.8-12.8-12.8h-22.4c-6.4 0-12.8 6.4-12.8 12.8v134.4c0 6.4 6.4 12.8 12.8 12.8zM496 400H48V80c0-8.84-7.16-16-16-16H16C7.16 64 0 71.16 0 80v336c0 17.67 14.33 32 32 32h464c8.84 0 16-7.16 16-16v-16c0-8.84-7.16-16-16-16zm-387.2-48h22.4c6.4 0 12.8-6.4 12.8-12.8v-70.4c0-6.4-6.4-12.8-12.8-12.8h-22.4c-6.4 0-12.8 6.4-12.8 12.8v70.4c0 6.4 6.4 12.8 12.8 12.8z\" class=\"\"><\/path><\/svg><\/i> <img loading=\"lazy\" decoding=\"async\" width=\"16\" height=\"16\" alt=\"Loading\" src=\"https:\/\/temucotelevision.cl\/web\/wp-content\/plugins\/page-views-count\/ajax-loader-2x.gif\" border=0 \/><\/p><div class=\"pvc_clear\"><\/div>\n<p><em>El instrumento&nbsp; fue robado en la comuna de Castro al d\u00fao musical \u201cP\u00e1jaros Kiltros\u201d.<\/em><\/p>\n\n\n\n<p>Carabineros del OS-9 Araucan\u00eda en un trabajo conjunto con la Sip de la 2\u00aa Comisar\u00eda de Castro, recuperaron en Temuco un acorde\u00f3n de origen italiano avaluado en $6.000.000 el que hab\u00eda sido robado al d\u00fao musical \u201cP\u00e1jaros Kiltros\u201d en el mes de noviembre en la citada comuna en la regi\u00f3n de Los Lagos.&nbsp;<\/p>\n\n\n\n<p>El instrumento, \u00fanico en Chile por sus caracter\u00edsticas, fue encontrado gracias a un patrullaje virtual que realiz\u00f3 el OS-9 logrando detectar que estaba siendo vendido a trav\u00e9s de las redes sociales en la capital de La Araucan\u00eda.<\/p>\n\n\n\n<p>El Capit\u00e1n Carlos Mu\u00f1oz, Jefe OS-9 Araucan\u00eda de Carabineros, precis\u00f3 que \u201ca trav\u00e9s de la red social Facebook era vendido este acorde\u00f3n de origen italiano \u00fanico en Chile\u201d agregando que \u201cun sujeto fue detenido y puesto a disposici\u00f3n de la justicia por el delito de receptaci\u00f3n\u201d.<\/p>\n\n\n\n<p>Por instrucci\u00f3n del fiscal de turno, el imputado qued\u00f3 a disposici\u00f3n del Juzgado de Garant\u00eda de Temuco para el correspondiente control de la detenci\u00f3n, en tanto, el acorde\u00f3n fue entregado a las v\u00edctimas quienes se mostraron agradecidas por el trabajo de Carabineros.&nbsp;<\/p>\n","protected":false},"excerpt":{"rendered":"<div class=\"pvc_clear\"><\/div>\n<p id=\"pvc_stats_28396\" class=\"pvc_stats total_only  \" data-element-id=\"28396\" style=\"\"><i class=\"pvc-stats-icon large\" aria-hidden=\"true\"><svg aria-hidden=\"true\" focusable=\"false\" data-prefix=\"far\" data-icon=\"chart-bar\" role=\"img\" xmlns=\"http:\/\/www.w3.org\/2000\/svg\" viewBox=\"0 0 512 512\" class=\"svg-inline--fa fa-chart-bar fa-w-16 fa-2x\"><path fill=\"currentColor\" d=\"M396.8 352h22.4c6.4 0 12.8-6.4 12.8-12.8V108.8c0-6.4-6.4-12.8-12.8-12.8h-22.4c-6.4 0-12.8 6.4-12.8 12.8v230.4c0 6.4 6.4 12.8 12.8 12.8zm-192 0h22.4c6.4 0 12.8-6.4 12.8-12.8V140.8c0-6.4-6.4-12.8-12.8-12.8h-22.4c-6.4 0-12.8 6.4-12.8 12.8v198.4c0 6.4 6.4 12.8 12.8 12.8zm96 0h22.4c6.4 0 12.8-6.4 12.8-12.8V204.8c0-6.4-6.4-12.8-12.8-12.8h-22.4c-6.4 0-12.8 6.4-12.8 12.8v134.4c0 6.4 6.4 12.8 12.8 12.8zM496 400H48V80c0-8.84-7.16-16-16-16H16C7.16 64 0 71.16 0 80v336c0 17.67 14.33 32 32 32h464c8.84 0 16-7.16 16-16v-16c0-8.84-7.16-16-16-16zm-387.2-48h22.4c6.4 0 12.8-6.4 12.8-12.8v-70.4c0-6.4-6.4-12.8-12.8-12.8h-22.4c-6.4 0-12.8 6.4-12.8 12.8v70.4c0 6.4 6.4 12.8 12.8 12.8z\" class=\"\"><\/path><\/svg><\/i> <img loading=\"lazy\" decoding=\"async\" width=\"16\" height=\"16\" alt=\"Loading\" src=\"https:\/\/temucotelevision.cl\/web\/wp-content\/plugins\/page-views-count\/ajax-loader-2x.gif\" border=0 \/><\/p>\n<div class=\"pvc_clear\"><\/div>\n<p>El instrumento&nbsp; fue robado en la comuna de Castro al d\u00fao musical \u201cP\u00e1jaros Kiltros\u201d. Carabineros del OS-9 Araucan\u00eda en un<\/p>\n","protected":false},"author":1,"featured_media":28397,"comment_status":"open","ping_status":"open","sticky":false,"template":"","format":"standard","meta":{"colormag_page_container_layout":"default_layout","colormag_page_sidebar_layout":"default_layout","footnotes":""},"categories":[16],"tags":[4939,4940,137,138],"class_list":["post-28396","post","type-post","status-publish","format-standard","has-post-thumbnail","hentry","category-policial","tag-acordeon","tag-instrumento","tag-os9","tag-robo"],"a3_pvc":{"activated":true,"total_views":57,"today_views":0},"_links":{"self":[{"href":"https:\/\/temucotelevision.cl\/web\/wp-json\/wp\/v2\/posts\/28396","targetHints":{"allow":["GET"]}}],"collection":[{"href":"https:\/\/temucotelevision.cl\/web\/wp-json\/wp\/v2\/posts"}],"about":[{"href":"https:\/\/temucotelevision.cl\/web\/wp-json\/wp\/v2\/types\/post"}],"author":[{"embeddable":true,"href":"https:\/\/temucotelevision.cl\/web\/wp-json\/wp\/v2\/users\/1"}],"replies":[{"embeddable":true,"href":"https:\/\/temucotelevision.cl\/web\/wp-json\/wp\/v2\/comments?post=28396"}],"version-history":[{"count":1,"href":"https:\/\/temucotelevision.cl\/web\/wp-json\/wp\/v2\/posts\/28396\/revisions"}],"predecessor-version":[{"id":28398,"href":"https:\/\/temucotelevision.cl\/web\/wp-json\/wp\/v2\/posts\/28396\/revisions\/28398"}],"wp:featuredmedia":[{"embeddable":true,"href":"https:\/\/temucotelevision.cl\/web\/wp-json\/wp\/v2\/media\/28397"}],"wp:attachment":[{"href":"https:\/\/temucotelevision.cl\/web\/wp-json\/wp\/v2\/media?parent=28396"}],"wp:term":[{"taxonomy":"category","embeddable":true,"href":"https:\/\/temucotelevision.cl\/web\/wp-json\/wp\/v2\/categories?post=28396"},{"taxonomy":"post_tag","embeddable":true,"href":"https:\/\/temucotelevision.cl\/web\/wp-json\/wp\/v2\/tags?post=28396"}],"curies":[{"name":"wp","href":"https:\/\/api.w.org\/{rel}","templated":true}]}}