{"id":28394,"date":"2021-12-28T17:33:23","date_gmt":"2021-12-28T20:33:23","guid":{"rendered":"https:\/\/temucotelevision.cl\/web\/?p=28394"},"modified":"2021-12-28T17:33:24","modified_gmt":"2021-12-28T20:33:24","slug":"hecho-ocurrio-en-septiembre-pdi-temuco-detiene-en-santiago-a-imputado-por-homicidio-de-joven-de-sector-san-ramon","status":"publish","type":"post","link":"https:\/\/temucotelevision.cl\/web\/2021\/12\/28\/hecho-ocurrio-en-septiembre-pdi-temuco-detiene-en-santiago-a-imputado-por-homicidio-de-joven-de-sector-san-ramon\/","title":{"rendered":"Hecho ocurri\u00f3 en septiembre: PDI Temuco detiene en Santiago a imputado por homicidio de joven de sector San Ram\u00f3n"},"content":{"rendered":"<div class=\"pvc_clear\"><\/div><p id=\"pvc_stats_28394\" class=\"pvc_stats total_only  \" data-element-id=\"28394\" style=\"\"><i class=\"pvc-stats-icon large\" aria-hidden=\"true\"><svg aria-hidden=\"true\" focusable=\"false\" data-prefix=\"far\" data-icon=\"chart-bar\" role=\"img\" xmlns=\"http:\/\/www.w3.org\/2000\/svg\" viewBox=\"0 0 512 512\" class=\"svg-inline--fa fa-chart-bar fa-w-16 fa-2x\"><path fill=\"currentColor\" d=\"M396.8 352h22.4c6.4 0 12.8-6.4 12.8-12.8V108.8c0-6.4-6.4-12.8-12.8-12.8h-22.4c-6.4 0-12.8 6.4-12.8 12.8v230.4c0 6.4 6.4 12.8 12.8 12.8zm-192 0h22.4c6.4 0 12.8-6.4 12.8-12.8V140.8c0-6.4-6.4-12.8-12.8-12.8h-22.4c-6.4 0-12.8 6.4-12.8 12.8v198.4c0 6.4 6.4 12.8 12.8 12.8zm96 0h22.4c6.4 0 12.8-6.4 12.8-12.8V204.8c0-6.4-6.4-12.8-12.8-12.8h-22.4c-6.4 0-12.8 6.4-12.8 12.8v134.4c0 6.4 6.4 12.8 12.8 12.8zM496 400H48V80c0-8.84-7.16-16-16-16H16C7.16 64 0 71.16 0 80v336c0 17.67 14.33 32 32 32h464c8.84 0 16-7.16 16-16v-16c0-8.84-7.16-16-16-16zm-387.2-48h22.4c6.4 0 12.8-6.4 12.8-12.8v-70.4c0-6.4-6.4-12.8-12.8-12.8h-22.4c-6.4 0-12.8 6.4-12.8 12.8v70.4c0 6.4 6.4 12.8 12.8 12.8z\" class=\"\"><\/path><\/svg><\/i> <img loading=\"lazy\" decoding=\"async\" width=\"16\" height=\"16\" alt=\"Loading\" src=\"https:\/\/temucotelevision.cl\/web\/wp-content\/plugins\/page-views-count\/ajax-loader-2x.gif\" border=0 \/><\/p><div class=\"pvc_clear\"><\/div>\n<p><a><\/a>Detectives de la Brigada de Homicidios de Temuco, con colaboraci\u00f3n de la Brigada de Homicidios Metropolitana, capturaron en Santiago a un hombre -mayor de edad- por el delito de homicidio con arma de fuego, que afect\u00f3 a V\u00edctor Lagos O\u00f1ate, en septiembre de este a\u00f1o en la localidad de San Ram\u00f3n, comuna de Padre Las Casas.<\/p>\n\n\n\n<p>El subcomisario Patricio Morales, de la Brigada de Homicidios Temuco, indic\u00f3 que, de acuerdo a los antecedentes investigados por esa brigada especializada, \u201cse determin\u00f3 que el imputado corresponde a un sujeto de sexo masculino de 23 a\u00f1os, quien con la finalidad de evadir la acci\u00f3n policial huy\u00f3 de esa localidad en direcci\u00f3n desconocida\u201d.<\/p>\n\n\n\n<p>Con la informaci\u00f3n recabada, los oficiales, a trav\u00e9s del Ministerio P\u00fablico, solicitaron al Juzgado de Garant\u00eda de Temuco una orden de detenci\u00f3n en su contra e iniciaron las diligencias para dar con el paradero del imputado. \u201cDeterminamos que \u00e9ste se encontraba residiendo en la comuna de Quilicura en la regi\u00f3n metropolitana, por lo que se obtuvo una orden de entrada y registro a dicho domicilio, donde fue detenido\u201d, a\u00f1adi\u00f3 el subcomisario Morales.<\/p>\n\n\n\n<p>En el procedimiento, adem\u00e1s, se incaut\u00f3 cannabis sativa, clorhidrato de coca\u00edna y municiones bal\u00edsticas, por lo que el imputado fue puesto a disposici\u00f3n del Juzgado de Garant\u00eda de Temuco, donde se realiz\u00f3 el control de detenci\u00f3n, donde se determin\u00f3 la medida cautelar de prisi\u00f3n preventiva y se estableci\u00f3 un plazo de investigaci\u00f3n de 90 d\u00edas.<\/p>\n","protected":false},"excerpt":{"rendered":"<div class=\"pvc_clear\"><\/div>\n<p id=\"pvc_stats_28394\" class=\"pvc_stats total_only  \" data-element-id=\"28394\" style=\"\"><i class=\"pvc-stats-icon large\" aria-hidden=\"true\"><svg aria-hidden=\"true\" focusable=\"false\" data-prefix=\"far\" data-icon=\"chart-bar\" role=\"img\" xmlns=\"http:\/\/www.w3.org\/2000\/svg\" viewBox=\"0 0 512 512\" class=\"svg-inline--fa fa-chart-bar fa-w-16 fa-2x\"><path fill=\"currentColor\" d=\"M396.8 352h22.4c6.4 0 12.8-6.4 12.8-12.8V108.8c0-6.4-6.4-12.8-12.8-12.8h-22.4c-6.4 0-12.8 6.4-12.8 12.8v230.4c0 6.4 6.4 12.8 12.8 12.8zm-192 0h22.4c6.4 0 12.8-6.4 12.8-12.8V140.8c0-6.4-6.4-12.8-12.8-12.8h-22.4c-6.4 0-12.8 6.4-12.8 12.8v198.4c0 6.4 6.4 12.8 12.8 12.8zm96 0h22.4c6.4 0 12.8-6.4 12.8-12.8V204.8c0-6.4-6.4-12.8-12.8-12.8h-22.4c-6.4 0-12.8 6.4-12.8 12.8v134.4c0 6.4 6.4 12.8 12.8 12.8zM496 400H48V80c0-8.84-7.16-16-16-16H16C7.16 64 0 71.16 0 80v336c0 17.67 14.33 32 32 32h464c8.84 0 16-7.16 16-16v-16c0-8.84-7.16-16-16-16zm-387.2-48h22.4c6.4 0 12.8-6.4 12.8-12.8v-70.4c0-6.4-6.4-12.8-12.8-12.8h-22.4c-6.4 0-12.8 6.4-12.8 12.8v70.4c0 6.4 6.4 12.8 12.8 12.8z\" class=\"\"><\/path><\/svg><\/i> <img loading=\"lazy\" decoding=\"async\" width=\"16\" height=\"16\" alt=\"Loading\" src=\"https:\/\/temucotelevision.cl\/web\/wp-content\/plugins\/page-views-count\/ajax-loader-2x.gif\" border=0 \/><\/p>\n<div class=\"pvc_clear\"><\/div>\n<p>Detectives de la Brigada de Homicidios de Temuco, con colaboraci\u00f3n de la Brigada de Homicidios Metropolitana, capturaron en Santiago a<\/p>\n","protected":false},"author":1,"featured_media":27589,"comment_status":"open","ping_status":"open","sticky":false,"template":"","format":"standard","meta":{"colormag_page_container_layout":"default_layout","colormag_page_sidebar_layout":"default_layout","footnotes":""},"categories":[16,14],"tags":[792,191,76,4930],"class_list":["post-28394","post","type-post","status-publish","format-standard","has-post-thumbnail","hentry","category-policial","category-temuco","tag-imputado","tag-joven","tag-pdi","tag-san-ramon"],"a3_pvc":{"activated":true,"total_views":38,"today_views":0},"_links":{"self":[{"href":"https:\/\/temucotelevision.cl\/web\/wp-json\/wp\/v2\/posts\/28394","targetHints":{"allow":["GET"]}}],"collection":[{"href":"https:\/\/temucotelevision.cl\/web\/wp-json\/wp\/v2\/posts"}],"about":[{"href":"https:\/\/temucotelevision.cl\/web\/wp-json\/wp\/v2\/types\/post"}],"author":[{"embeddable":true,"href":"https:\/\/temucotelevision.cl\/web\/wp-json\/wp\/v2\/users\/1"}],"replies":[{"embeddable":true,"href":"https:\/\/temucotelevision.cl\/web\/wp-json\/wp\/v2\/comments?post=28394"}],"version-history":[{"count":1,"href":"https:\/\/temucotelevision.cl\/web\/wp-json\/wp\/v2\/posts\/28394\/revisions"}],"predecessor-version":[{"id":28395,"href":"https:\/\/temucotelevision.cl\/web\/wp-json\/wp\/v2\/posts\/28394\/revisions\/28395"}],"wp:featuredmedia":[{"embeddable":true,"href":"https:\/\/temucotelevision.cl\/web\/wp-json\/wp\/v2\/media\/27589"}],"wp:attachment":[{"href":"https:\/\/temucotelevision.cl\/web\/wp-json\/wp\/v2\/media?parent=28394"}],"wp:term":[{"taxonomy":"category","embeddable":true,"href":"https:\/\/temucotelevision.cl\/web\/wp-json\/wp\/v2\/categories?post=28394"},{"taxonomy":"post_tag","embeddable":true,"href":"https:\/\/temucotelevision.cl\/web\/wp-json\/wp\/v2\/tags?post=28394"}],"curies":[{"name":"wp","href":"https:\/\/api.w.org\/{rel}","templated":true}]}}