{"id":28389,"date":"2021-12-28T17:28:29","date_gmt":"2021-12-28T20:28:29","guid":{"rendered":"https:\/\/temucotelevision.cl\/web\/?p=28389"},"modified":"2021-12-28T17:28:31","modified_gmt":"2021-12-28T20:28:31","slug":"incendio-de-bosques-es-el-delito-mas-investigado-por-la-bidema-pdi-llama-a-denunciar-intencionalidad-de-incendios-forestales","status":"publish","type":"post","link":"https:\/\/temucotelevision.cl\/web\/2021\/12\/28\/incendio-de-bosques-es-el-delito-mas-investigado-por-la-bidema-pdi-llama-a-denunciar-intencionalidad-de-incendios-forestales\/","title":{"rendered":"Incendio de bosques es el delito m\u00e1s investigado por la Bidema, PDI llama a denunciar intencionalidad de incendios forestales"},"content":{"rendered":"<div class=\"pvc_clear\"><\/div><p id=\"pvc_stats_28389\" class=\"pvc_stats total_only  \" data-element-id=\"28389\" style=\"\"><i class=\"pvc-stats-icon large\" aria-hidden=\"true\"><svg aria-hidden=\"true\" focusable=\"false\" data-prefix=\"far\" data-icon=\"chart-bar\" role=\"img\" xmlns=\"http:\/\/www.w3.org\/2000\/svg\" viewBox=\"0 0 512 512\" class=\"svg-inline--fa fa-chart-bar fa-w-16 fa-2x\"><path fill=\"currentColor\" d=\"M396.8 352h22.4c6.4 0 12.8-6.4 12.8-12.8V108.8c0-6.4-6.4-12.8-12.8-12.8h-22.4c-6.4 0-12.8 6.4-12.8 12.8v230.4c0 6.4 6.4 12.8 12.8 12.8zm-192 0h22.4c6.4 0 12.8-6.4 12.8-12.8V140.8c0-6.4-6.4-12.8-12.8-12.8h-22.4c-6.4 0-12.8 6.4-12.8 12.8v198.4c0 6.4 6.4 12.8 12.8 12.8zm96 0h22.4c6.4 0 12.8-6.4 12.8-12.8V204.8c0-6.4-6.4-12.8-12.8-12.8h-22.4c-6.4 0-12.8 6.4-12.8 12.8v134.4c0 6.4 6.4 12.8 12.8 12.8zM496 400H48V80c0-8.84-7.16-16-16-16H16C7.16 64 0 71.16 0 80v336c0 17.67 14.33 32 32 32h464c8.84 0 16-7.16 16-16v-16c0-8.84-7.16-16-16-16zm-387.2-48h22.4c6.4 0 12.8-6.4 12.8-12.8v-70.4c0-6.4-6.4-12.8-12.8-12.8h-22.4c-6.4 0-12.8 6.4-12.8 12.8v70.4c0 6.4 6.4 12.8 12.8 12.8z\" class=\"\"><\/path><\/svg><\/i> <img loading=\"lazy\" decoding=\"async\" width=\"16\" height=\"16\" alt=\"Loading\" src=\"https:\/\/temucotelevision.cl\/web\/wp-content\/plugins\/page-views-count\/ajax-loader-2x.gif\" border=0 \/><\/p><div class=\"pvc_clear\"><\/div>\n<p>Sum\u00e1ndose a los llamados de la Corporaci\u00f3n Nacional Forestal (CONAF) y la Oficina Nacional de Emergencia (ONEMI) de la regi\u00f3n de La Araucan\u00eda, la Polic\u00eda de Investigaciones de Chile, a trav\u00e9s de la Brigada Investigadora del Medio Ambiente y Patrimonio Cultural (BIDEMA) Araucan\u00eda, realiz\u00f3 un llamado a estar alerta sobre la incidencia de incendios forestales durante la temporada estival, donde la combinaci\u00f3n de altas temperaturas, viento y negligencia pueden ser graves factores de riesgo.<\/p>\n\n\n\n<p>Seg\u00fan los datos entregados por el Centro Nacional de An\u00e1lisis Criminal de la PDI, la Regi\u00f3n de La Araucan\u00eda, desde 2019 a la fecha, es la regi\u00f3n que tiene m\u00e1s \u00f3rdenes de investigar por el delito de incendio forestal, sumando un total de 1.352 \u00f3rdenes; le siguen la regi\u00f3n del Bio Bio con 407, y la regi\u00f3n del Maule con 75.<\/p>\n\n\n\n<p>Informaci\u00f3n que es corroborada por el subprefecto Claudio Veisaga, jefe subrogante de la Bidema Araucan\u00eda quien indic\u00f3 que \u201clos delitos que m\u00e1s hemos investigado desde que se inici\u00f3 la Brigada, hace dos a\u00f1os, son los delitos de incendio, principalmente los incendios de bosque que tienen que ver con el art\u00edculo 476 del C\u00f3digo Penal\u201d.<\/p>\n\n\n\n<p>El oficial agreg\u00f3 que, entre enero y noviembre de este a\u00f1o, la brigada ha recibido 199 \u00f3rdenes de investigar, de las cuales, m\u00e1s de un 70% corresponden al delito de incendio de bosques, siendo las comunas m\u00e1s afectadas Curacaut\u00edn, Collipulli, Traigu\u00e9n y Galvarino.<\/p>\n\n\n\n<p>\u201cCon el inicio del per\u00edodo estival y las condiciones clim\u00e1ticas que existen en este momento ac\u00e1 en la regi\u00f3n, existe un factor altamente propicio para que se puedan producir incendios forestales. De todas maneras, es importante mencionar que en un 99.7% de estos hechos son provocados por el descuido o la negligencia de las personas, ya sea en la manipulaci\u00f3n de las fuentes de calor o muchas veces tambi\u00e9n por intencionalidad motivada por alg\u00fan tipo delictual\u201d, acot\u00f3 el subprefecto Veisaga.<\/p>\n\n\n\n<p><strong>Trabajo de la Bidema<\/strong><\/p>\n\n\n\n<p>Sobre el trabajo realizado por la Polic\u00eda de Investigaciones cuando, lamentablemente, ocurre un incendio forestal, el subjefe de la Brigada Investigadora de Delitos del Medio Ambiente Araucan\u00eda indic\u00f3 que \u201cse efect\u00faa una inspecci\u00f3n y trabajo investigativo en el sitio del suceso y el \u00e1rea de inicio del incendio, con la fijaci\u00f3n fotogr\u00e1fica, planim\u00e9trica y forestal, junto con la utilizaci\u00f3n del m\u00e9todo de evidencias f\u00edsicas. Asimismo, el empadronamiento exhaustivo y la entrevista a los testigos resulta fundamental, junto con la consulta a fuentes de informaci\u00f3n como CONAF, Bomberos, Direcci\u00f3n Meteorol\u00f3gica de Chile o la Oficina Nacional de Emergencia del Ministerio del Interior, entre otras.<\/p>\n\n\n\n<p><a><\/a>Es importante se\u00f1alar que la Bidema Temuco, tiene jurisdicci\u00f3n en las regiones de \u00d1uble, Bio Bio y La Araucan\u00eda, por eso hacen un llamado a la comunidad a denunciar, \u201cla informaci\u00f3n que nos pueda entregar la ciudadan\u00eda es de vital importancia, ya que las primeras personas que se encuentren en el lugar pueden entregar antecedentes muy relevantes. Esto es, si pueden ver alguna persona que se encuentre iniciando un fuego o personas que est\u00e9n en los alrededores, que nos entreguen datos sobre sus vestimentas, si tienen alg\u00fan tipo de tatuaje o algo que los identifique, ya que todos los insumos que nos puedan proporcionar ser\u00e1n de importancia para la investigaci\u00f3n\u201d, recal\u00f3 el subprefecto Veisaga.<\/p>\n\n\n\n<p><strong>Consejos<\/strong><\/p>\n\n\n\n<p>La PDI entrega algunos consejos para esta temporada:<\/p>\n\n\n\n<p>\u2022 Nunca uses fuego u otras fuentes de calor en \u00e1reas Silvestres Protegidas si no est\u00e1 debidamente autorizado y se\u00f1alizado por la autoridad a cargo.<\/p>\n\n\n\n<p>\u2022 Evita el uso del fuego en actividades recreativas al aire libre.<\/p>\n\n\n\n<p>\u2022 Si ves un incendio forestal que acaba de comenzar avisa a la PDI, CONAF o Bomberos.<\/p>\n\n\n\n<p>\u2022 Cuando se est\u00e9 desarrollando un incendio, evita acercarte al fuego, ya que esto s\u00f3lo dificulta la labor de los combatientes de incendios y bomberos. Ac\u00e9rcate solamente si ellos te autorizan.<\/p>\n\n\n\n<p>\u2022 Si vives en sectores rurales, o urbano-rural confecciona un cortafuego perimetral alrededor de tu domicilio.<\/p>\n\n\n\n<p>Cabe se\u00f1alar que provocar un incendio forestal est\u00e1 penado por ley, por eso la PDI hace un llamado a estar atentos a este tipo de hechos y a denunciar ante las autoridades competentes en caso de tener antecedentes sobre un incendio forestal provocado. Los canales de denuncia de la Bidema Araucan\u00eda son de forma presencial en cualquier unidad, e internamente se deriva la denuncia; a trav\u00e9s del tel\u00e9fono 134 o mediante el correo electr\u00f3nico:&nbsp;<a>bidema@investigaciones.cl<\/a>.<\/p>\n","protected":false},"excerpt":{"rendered":"<div class=\"pvc_clear\"><\/div>\n<p id=\"pvc_stats_28389\" class=\"pvc_stats total_only  \" data-element-id=\"28389\" style=\"\"><i class=\"pvc-stats-icon large\" aria-hidden=\"true\"><svg aria-hidden=\"true\" focusable=\"false\" data-prefix=\"far\" data-icon=\"chart-bar\" role=\"img\" xmlns=\"http:\/\/www.w3.org\/2000\/svg\" viewBox=\"0 0 512 512\" class=\"svg-inline--fa fa-chart-bar fa-w-16 fa-2x\"><path fill=\"currentColor\" d=\"M396.8 352h22.4c6.4 0 12.8-6.4 12.8-12.8V108.8c0-6.4-6.4-12.8-12.8-12.8h-22.4c-6.4 0-12.8 6.4-12.8 12.8v230.4c0 6.4 6.4 12.8 12.8 12.8zm-192 0h22.4c6.4 0 12.8-6.4 12.8-12.8V140.8c0-6.4-6.4-12.8-12.8-12.8h-22.4c-6.4 0-12.8 6.4-12.8 12.8v198.4c0 6.4 6.4 12.8 12.8 12.8zm96 0h22.4c6.4 0 12.8-6.4 12.8-12.8V204.8c0-6.4-6.4-12.8-12.8-12.8h-22.4c-6.4 0-12.8 6.4-12.8 12.8v134.4c0 6.4 6.4 12.8 12.8 12.8zM496 400H48V80c0-8.84-7.16-16-16-16H16C7.16 64 0 71.16 0 80v336c0 17.67 14.33 32 32 32h464c8.84 0 16-7.16 16-16v-16c0-8.84-7.16-16-16-16zm-387.2-48h22.4c6.4 0 12.8-6.4 12.8-12.8v-70.4c0-6.4-6.4-12.8-12.8-12.8h-22.4c-6.4 0-12.8 6.4-12.8 12.8v70.4c0 6.4 6.4 12.8 12.8 12.8z\" class=\"\"><\/path><\/svg><\/i> <img loading=\"lazy\" decoding=\"async\" width=\"16\" height=\"16\" alt=\"Loading\" src=\"https:\/\/temucotelevision.cl\/web\/wp-content\/plugins\/page-views-count\/ajax-loader-2x.gif\" border=0 \/><\/p>\n<div class=\"pvc_clear\"><\/div>\n<p>Sum\u00e1ndose a los llamados de la Corporaci\u00f3n Nacional Forestal (CONAF) y la Oficina Nacional de Emergencia (ONEMI) de la regi\u00f3n<\/p>\n","protected":false},"author":1,"featured_media":28390,"comment_status":"open","ping_status":"open","sticky":false,"template":"","format":"standard","meta":{"colormag_page_container_layout":"default_layout","colormag_page_sidebar_layout":"default_layout","footnotes":""},"categories":[15,16],"tags":[4938,2479,254,266,76],"class_list":["post-28389","post","type-post","status-publish","format-standard","has-post-thumbnail","hentry","category-la-araucania","category-policial","tag-bidema","tag-bosques","tag-delito","tag-incendios","tag-pdi"],"a3_pvc":{"activated":true,"total_views":104,"today_views":0},"_links":{"self":[{"href":"https:\/\/temucotelevision.cl\/web\/wp-json\/wp\/v2\/posts\/28389","targetHints":{"allow":["GET"]}}],"collection":[{"href":"https:\/\/temucotelevision.cl\/web\/wp-json\/wp\/v2\/posts"}],"about":[{"href":"https:\/\/temucotelevision.cl\/web\/wp-json\/wp\/v2\/types\/post"}],"author":[{"embeddable":true,"href":"https:\/\/temucotelevision.cl\/web\/wp-json\/wp\/v2\/users\/1"}],"replies":[{"embeddable":true,"href":"https:\/\/temucotelevision.cl\/web\/wp-json\/wp\/v2\/comments?post=28389"}],"version-history":[{"count":1,"href":"https:\/\/temucotelevision.cl\/web\/wp-json\/wp\/v2\/posts\/28389\/revisions"}],"predecessor-version":[{"id":28391,"href":"https:\/\/temucotelevision.cl\/web\/wp-json\/wp\/v2\/posts\/28389\/revisions\/28391"}],"wp:featuredmedia":[{"embeddable":true,"href":"https:\/\/temucotelevision.cl\/web\/wp-json\/wp\/v2\/media\/28390"}],"wp:attachment":[{"href":"https:\/\/temucotelevision.cl\/web\/wp-json\/wp\/v2\/media?parent=28389"}],"wp:term":[{"taxonomy":"category","embeddable":true,"href":"https:\/\/temucotelevision.cl\/web\/wp-json\/wp\/v2\/categories?post=28389"},{"taxonomy":"post_tag","embeddable":true,"href":"https:\/\/temucotelevision.cl\/web\/wp-json\/wp\/v2\/tags?post=28389"}],"curies":[{"name":"wp","href":"https:\/\/api.w.org\/{rel}","templated":true}]}}